{"id":7118,"count":1,"description":"","link":"https:\/\/www.wallendorff.com\/belogue\/tag\/seminaire-des-missions-etrangeres\/","name":"S\u00e9minaire des missions \u00e9trang\u00e8res","slug":"seminaire-des-missions-etrangeres","taxonomy":"post_tag","meta":[],"_links":{"self":[{"href":"https:\/\/www.wallendorff.com\/belogue\/wp-json\/wp\/v2\/tags\/7118","targetHints":{"allow":["GET"]}}],"collection":[{"href":"https:\/\/www.wallendorff.com\/belogue\/wp-json\/wp\/v2\/tags"}],"about":[{"href":"https:\/\/www.wallendorff.com\/belogue\/wp-json\/wp\/v2\/taxonomies\/post_tag"}],"wp:post_type":[{"href":"https:\/\/www.wallendorff.com\/belogue\/wp-json\/wp\/v2\/posts?tags=7118"}],"curies":[{"name":"wp","href":"https:\/\/api.w.org\/{rel}","templated":true}]}}