{"id":6355,"count":1,"description":"","link":"https:\/\/www.wallendorff.com\/belogue\/tag\/comptine-dun-autre-ete-lapres-midi\/","name":"Comptine d'un autre \u00e9t\u00e9 : l'apr\u00e8s-midi","slug":"comptine-dun-autre-ete-lapres-midi","taxonomy":"post_tag","meta":[],"_links":{"self":[{"href":"https:\/\/www.wallendorff.com\/belogue\/wp-json\/wp\/v2\/tags\/6355","targetHints":{"allow":["GET"]}}],"collection":[{"href":"https:\/\/www.wallendorff.com\/belogue\/wp-json\/wp\/v2\/tags"}],"about":[{"href":"https:\/\/www.wallendorff.com\/belogue\/wp-json\/wp\/v2\/taxonomies\/post_tag"}],"wp:post_type":[{"href":"https:\/\/www.wallendorff.com\/belogue\/wp-json\/wp\/v2\/posts?tags=6355"}],"curies":[{"name":"wp","href":"https:\/\/api.w.org\/{rel}","templated":true}]}}