{"id":2467,"count":1,"description":"","link":"https:\/\/www.wallendorff.com\/belogue\/tag\/quai-de-leveche\/","name":"quai de l'\u00c9v\u00each\u00e9","slug":"quai-de-leveche","taxonomy":"post_tag","meta":[],"_links":{"self":[{"href":"https:\/\/www.wallendorff.com\/belogue\/wp-json\/wp\/v2\/tags\/2467","targetHints":{"allow":["GET"]}}],"collection":[{"href":"https:\/\/www.wallendorff.com\/belogue\/wp-json\/wp\/v2\/tags"}],"about":[{"href":"https:\/\/www.wallendorff.com\/belogue\/wp-json\/wp\/v2\/taxonomies\/post_tag"}],"wp:post_type":[{"href":"https:\/\/www.wallendorff.com\/belogue\/wp-json\/wp\/v2\/posts?tags=2467"}],"curies":[{"name":"wp","href":"https:\/\/api.w.org\/{rel}","templated":true}]}}