{"id":19929,"count":1,"description":"","link":"https:\/\/www.wallendorff.com\/belogue\/tag\/malostranske-namesti\/","name":"Malostransk\u00e9 n\u00e1m\u011bst\u00ed","slug":"malostranske-namesti","taxonomy":"post_tag","meta":[],"_links":{"self":[{"href":"https:\/\/www.wallendorff.com\/belogue\/wp-json\/wp\/v2\/tags\/19929","targetHints":{"allow":["GET"]}}],"collection":[{"href":"https:\/\/www.wallendorff.com\/belogue\/wp-json\/wp\/v2\/tags"}],"about":[{"href":"https:\/\/www.wallendorff.com\/belogue\/wp-json\/wp\/v2\/taxonomies\/post_tag"}],"wp:post_type":[{"href":"https:\/\/www.wallendorff.com\/belogue\/wp-json\/wp\/v2\/posts?tags=19929"}],"curies":[{"name":"wp","href":"https:\/\/api.w.org\/{rel}","templated":true}]}}