{"id":18355,"count":1,"description":"","link":"https:\/\/www.wallendorff.com\/belogue\/tag\/theatre-des-dechargeurs\/","name":"th\u00e9\u00e2tre des D\u00e9chargeurs","slug":"theatre-des-dechargeurs","taxonomy":"post_tag","meta":[],"_links":{"self":[{"href":"https:\/\/www.wallendorff.com\/belogue\/wp-json\/wp\/v2\/tags\/18355","targetHints":{"allow":["GET"]}}],"collection":[{"href":"https:\/\/www.wallendorff.com\/belogue\/wp-json\/wp\/v2\/tags"}],"about":[{"href":"https:\/\/www.wallendorff.com\/belogue\/wp-json\/wp\/v2\/taxonomies\/post_tag"}],"wp:post_type":[{"href":"https:\/\/www.wallendorff.com\/belogue\/wp-json\/wp\/v2\/posts?tags=18355"}],"curies":[{"name":"wp","href":"https:\/\/api.w.org\/{rel}","templated":true}]}}