{"id":15475,"count":1,"description":"","link":"https:\/\/www.wallendorff.com\/belogue\/tag\/place-felix-eboue\/","name":"place F\u00e9lix-\u00c9bou\u00e9","slug":"place-felix-eboue","taxonomy":"post_tag","meta":[],"_links":{"self":[{"href":"https:\/\/www.wallendorff.com\/belogue\/wp-json\/wp\/v2\/tags\/15475","targetHints":{"allow":["GET"]}}],"collection":[{"href":"https:\/\/www.wallendorff.com\/belogue\/wp-json\/wp\/v2\/tags"}],"about":[{"href":"https:\/\/www.wallendorff.com\/belogue\/wp-json\/wp\/v2\/taxonomies\/post_tag"}],"wp:post_type":[{"href":"https:\/\/www.wallendorff.com\/belogue\/wp-json\/wp\/v2\/posts?tags=15475"}],"curies":[{"name":"wp","href":"https:\/\/api.w.org\/{rel}","templated":true}]}}