{"id":992,"date":"2007-07-12T10:22:56","date_gmt":"2007-07-12T10:22:56","guid":{"rendered":"http:\/\/www.po-l.com\/wordpress\/?p=992"},"modified":"2012-04-10T09:55:03","modified_gmt":"2012-04-10T07:55:03","slug":"avant-projet","status":"publish","type":"post","link":"https:\/\/www.wallendorff.com\/belogue\/2007\/07\/12\/avant-projet\/","title":{"rendered":"Avant projets."},"content":{"rendered":"<div id=\"photo\">\n<p><img decoding=\"async\" src=\"https:\/\/www.wallendorff.com\/belogue\/photo\/2007\/07\/20070712.jpg\"\/><br \/>\nRue Dussoubs, Paris, 11 juillet.<\/p>\n<\/div>\n<p style=\"text-align:right\">&ldquo;<em>You came on your own<br \/>\n    That&rsquo;s how you&rsquo;ll leave<br \/>\n    With hope in your hands<br \/>\n    And air to breathe<\/em>.&rdquo;<\/p>\n<div id=\"bandeson\">\n<p><img decoding=\"async\" src=\"https:\/\/www.wallendorff.com\/belogue\/photo\/pochettes\/e\/editors-an_end_has_a_start.jpg\" align=\"left\" \/>&nbsp;<a href=\"http:\/\/www.editorsofficial.com\/\">Editors<\/a> &ndash; <em>An End Has a Start<\/em><\/p>\n<\/div>\n","protected":false},"excerpt":{"rendered":"<p>Rue Dussoubs, Paris, 11 juillet. &ldquo;You came on your own That&rsquo;s how you&rsquo;ll leave With hope in your hands And air to breathe.&rdquo; &nbsp;Editors &ndash; An End Has a Start<\/p>\n","protected":false},"author":1,"featured_media":24924,"comment_status":"open","ping_status":"open","sticky":false,"template":"","format":"standard","meta":{"_acf_changed":false,"ngg_post_thumbnail":0,"jetpack_post_was_ever_published":false,"_jetpack_newsletter_access":"","_jetpack_dont_email_post_to_subs":false,"_jetpack_newsletter_tier_id":0,"_jetpack_memberships_contains_paywalled_content":false,"_jetpack_memberships_contains_paid_content":false,"footnotes":"","jetpack_publicize_message":"","jetpack_publicize_feature_enabled":true,"jetpack_social_post_already_shared":false,"jetpack_social_options":{"image_generator_settings":{"template":"highway","default_image_id":0,"font":"","enabled":false},"version":2}},"categories":[3],"tags":[10251,2064,4571,1438,187,10337,10120,10121,143,10098,2063,10158],"class_list":["post-992","post","type-post","status-publish","format-standard","has-post-thumbnail","hentry","category-dpc","tag-10251","tag-an-end-has-a-start","tag-an-end-has-a-start-album","tag-ef-50-mm-f14-usm","tag-eos-1d-mark-ii","tag-editors","tag-france","tag-ile-de-france","tag-noir-et-blanc","tag-paris","tag-rue-dussoubs","tag-ruelle"],"acf":[],"geo":{"latitude":48.8666039,"longitude":2.3492906,"description":null},"jetpack_publicize_connections":[],"jetpack_featured_media_url":"https:\/\/www.wallendorff.com\/belogue\/wp-content\/uploads\/2015\/04\/200707121.jpg","jetpack_shortlink":"https:\/\/wp.me\/p3b35P-g0","jetpack_sharing_enabled":true,"jetpack-related-posts":[{"id":7472,"url":"https:\/\/www.wallendorff.com\/belogue\/2010\/04\/30\/editors-i-like-trains-lolympia-paris\/","url_meta":{"origin":992,"position":0},"title":"Editors + I Like Trains @ l&rsquo;Olympia, Paris.","author":"dpc","date":"30 avril 2010","format":false,"excerpt":"N'emp\u00eache que la blague de l'ann\u00e9e. [Le premier qui me dit que la s\u00e9rie d'Editors est la meilleure de ma vie devra manger mon objectif.] [Oui, le gros.] \u00a0The Love Me Nots \u2013 The Kinda Love I Got I Like Trains Editors","rel":"","context":"Dans &quot;Alive&quot;","block_context":{"text":"Alive","link":"https:\/\/www.wallendorff.com\/belogue\/category\/alive\/"},"img":{"alt_text":"","src":"https:\/\/i0.wp.com\/www.wallendorff.com\/belogue\/wp-content\/uploads\/2015\/04\/201004301.jpg?resize=350%2C200&ssl=1","width":350,"height":200,"srcset":"https:\/\/i0.wp.com\/www.wallendorff.com\/belogue\/wp-content\/uploads\/2015\/04\/201004301.jpg?resize=350%2C200&ssl=1 1x, https:\/\/i0.wp.com\/www.wallendorff.com\/belogue\/wp-content\/uploads\/2015\/04\/201004301.jpg?resize=525%2C300&ssl=1 1.5x, https:\/\/i0.wp.com\/www.wallendorff.com\/belogue\/wp-content\/uploads\/2015\/04\/201004301.jpg?resize=700%2C400&ssl=1 2x"},"classes":[]},{"id":44875,"url":"https:\/\/www.wallendorff.com\/belogue\/2020\/01\/31\/editors-whispering-sons-salle-pleyel-paris-30-janvier-2019\/","url_meta":{"origin":992,"position":1},"title":"Editors + Whispering Sons @ salle Pleyel, Paris, 30 janvier 2020.","author":"dpc","date":"31 janvier 2020","format":false,"excerpt":"Whispering Sons Editors","rel":"","context":"Dans &quot;Alive&quot;","block_context":{"text":"Alive","link":"https:\/\/www.wallendorff.com\/belogue\/category\/alive\/"},"img":{"alt_text":"","src":"https:\/\/i0.wp.com\/www.wallendorff.com\/belogue\/wp-content\/uploads\/2020\/01\/20200131-38.jpg?resize=350%2C200&ssl=1","width":350,"height":200,"srcset":"https:\/\/i0.wp.com\/www.wallendorff.com\/belogue\/wp-content\/uploads\/2020\/01\/20200131-38.jpg?resize=350%2C200&ssl=1 1x, https:\/\/i0.wp.com\/www.wallendorff.com\/belogue\/wp-content\/uploads\/2020\/01\/20200131-38.jpg?resize=525%2C300&ssl=1 1.5x, https:\/\/i0.wp.com\/www.wallendorff.com\/belogue\/wp-content\/uploads\/2020\/01\/20200131-38.jpg?resize=700%2C400&ssl=1 2x, https:\/\/i0.wp.com\/www.wallendorff.com\/belogue\/wp-content\/uploads\/2020\/01\/20200131-38.jpg?resize=1050%2C600&ssl=1 3x"},"classes":[]},{"id":22540,"url":"https:\/\/www.wallendorff.com\/belogue\/2014\/02\/18\/i-dont-want-to-go-out-on-my-own-anymore\/","url_meta":{"origin":992,"position":2},"title":"I don&rsquo;t want to go out on my own anymore.","author":"dpc","date":"18 f\u00e9vrier 2014","format":false,"excerpt":"Rue du Cardinal-Dubois, Paris, 20 janvier. \u00a0 Well Worn Hand (live at BBC Electric Proms) Editors","rel":"","context":"Dans &quot;DPC&quot;","block_context":{"text":"DPC","link":"https:\/\/www.wallendorff.com\/belogue\/category\/dpc\/"},"img":{"alt_text":"","src":"https:\/\/i0.wp.com\/www.wallendorff.com\/belogue\/wp-content\/uploads\/2015\/04\/201402181.jpg?resize=350%2C200&ssl=1","width":350,"height":200,"srcset":"https:\/\/i0.wp.com\/www.wallendorff.com\/belogue\/wp-content\/uploads\/2015\/04\/201402181.jpg?resize=350%2C200&ssl=1 1x, https:\/\/i0.wp.com\/www.wallendorff.com\/belogue\/wp-content\/uploads\/2015\/04\/201402181.jpg?resize=525%2C300&ssl=1 1.5x, https:\/\/i0.wp.com\/www.wallendorff.com\/belogue\/wp-content\/uploads\/2015\/04\/201402181.jpg?resize=700%2C400&ssl=1 2x"},"classes":[]},{"id":1013,"url":"https:\/\/www.wallendorff.com\/belogue\/2007\/08\/09\/qu-haut-manque-rentes\/","url_meta":{"origin":992,"position":3},"title":"Qu&rsquo;haut manque \u00e0 rentes.","author":"dpc","date":"9 ao\u00fbt 2007","format":false,"excerpt":"Rue Bouchardon, Paris, 8 ao\u00fbt. Voil\u00e0. C'est tout neuf, c'est tout beau, c'est optimis\u00e9 pour Firefox et du 1\u00a0024 par 768 et normalement tout va bien1. \u00a0Editors \u2013 Smokers Outside the Hospital Doors _____ 1 Quoique je ne suis pas s\u00fbr pour Safari. Merci de me dire quoi, yeah.","rel":"","context":"Dans &quot;DPC&quot;","block_context":{"text":"DPC","link":"https:\/\/www.wallendorff.com\/belogue\/category\/dpc\/"},"img":{"alt_text":"","src":"https:\/\/i0.wp.com\/www.wallendorff.com\/belogue\/wp-content\/uploads\/2015\/04\/200708091.jpg?resize=350%2C200&ssl=1","width":350,"height":200,"srcset":"https:\/\/i0.wp.com\/www.wallendorff.com\/belogue\/wp-content\/uploads\/2015\/04\/200708091.jpg?resize=350%2C200&ssl=1 1x, https:\/\/i0.wp.com\/www.wallendorff.com\/belogue\/wp-content\/uploads\/2015\/04\/200708091.jpg?resize=525%2C300&ssl=1 1.5x, https:\/\/i0.wp.com\/www.wallendorff.com\/belogue\/wp-content\/uploads\/2015\/04\/200708091.jpg?resize=700%2C400&ssl=1 2x"},"classes":[]},{"id":15525,"url":"https:\/\/www.wallendorff.com\/belogue\/2012\/01\/25\/tole-et-courson-permis\/","url_meta":{"origin":992,"position":4},"title":"T\u00f4le et courson permis.","author":"dpc","date":"25 janvier 2012","format":false,"excerpt":"Hameau des Artistes, Paris, 4 d\u00e9cembre 2011. Me rappelle grave cette photo-l\u00e0. Editors \u2013 No Sound But the Wind (full band version) [youtube]http:\/\/www.youtube.com\/watch?v=ZK5TkPQ6HpU[\/youtube]","rel":"","context":"Dans &quot;DPC&quot;","block_context":{"text":"DPC","link":"https:\/\/www.wallendorff.com\/belogue\/category\/dpc\/"},"img":{"alt_text":"","src":"https:\/\/i0.wp.com\/www.wallendorff.com\/belogue\/wp-content\/uploads\/2015\/04\/201201251.jpg?resize=350%2C200&ssl=1","width":350,"height":200,"srcset":"https:\/\/i0.wp.com\/www.wallendorff.com\/belogue\/wp-content\/uploads\/2015\/04\/201201251.jpg?resize=350%2C200&ssl=1 1x, https:\/\/i0.wp.com\/www.wallendorff.com\/belogue\/wp-content\/uploads\/2015\/04\/201201251.jpg?resize=525%2C300&ssl=1 1.5x, https:\/\/i0.wp.com\/www.wallendorff.com\/belogue\/wp-content\/uploads\/2015\/04\/201201251.jpg?resize=700%2C400&ssl=1 2x"},"classes":[]},{"id":30014,"url":"https:\/\/www.wallendorff.com\/belogue\/2016\/01\/15\/ames-un-soir-recurent-un-blanc-seing-mi-nu-tavais-qutoi\/","url_meta":{"origin":992,"position":5},"title":"\u00c2mes, un soir, re\u00e7urent un blanc-seing. Mi-nu, t\u2019avais qu\u2019toi.","author":"dpc","date":"15 janvier 2016","format":false,"excerpt":"Ambassade du Royaume-Uni, Paris, 19 septembre 2015. Salvation Editors","rel":"","context":"Dans &quot;DPC&quot;","block_context":{"text":"DPC","link":"https:\/\/www.wallendorff.com\/belogue\/category\/dpc\/"},"img":{"alt_text":"","src":"https:\/\/i0.wp.com\/www.wallendorff.com\/belogue\/wp-content\/uploads\/2016\/01\/20160115.jpg?resize=350%2C200&ssl=1","width":350,"height":200,"srcset":"https:\/\/i0.wp.com\/www.wallendorff.com\/belogue\/wp-content\/uploads\/2016\/01\/20160115.jpg?resize=350%2C200&ssl=1 1x, https:\/\/i0.wp.com\/www.wallendorff.com\/belogue\/wp-content\/uploads\/2016\/01\/20160115.jpg?resize=525%2C300&ssl=1 1.5x, https:\/\/i0.wp.com\/www.wallendorff.com\/belogue\/wp-content\/uploads\/2016\/01\/20160115.jpg?resize=700%2C400&ssl=1 2x"},"classes":[]}],"_links":{"self":[{"href":"https:\/\/www.wallendorff.com\/belogue\/wp-json\/wp\/v2\/posts\/992","targetHints":{"allow":["GET"]}}],"collection":[{"href":"https:\/\/www.wallendorff.com\/belogue\/wp-json\/wp\/v2\/posts"}],"about":[{"href":"https:\/\/www.wallendorff.com\/belogue\/wp-json\/wp\/v2\/types\/post"}],"author":[{"embeddable":true,"href":"https:\/\/www.wallendorff.com\/belogue\/wp-json\/wp\/v2\/users\/1"}],"replies":[{"embeddable":true,"href":"https:\/\/www.wallendorff.com\/belogue\/wp-json\/wp\/v2\/comments?post=992"}],"version-history":[{"count":1,"href":"https:\/\/www.wallendorff.com\/belogue\/wp-json\/wp\/v2\/posts\/992\/revisions"}],"predecessor-version":[{"id":16786,"href":"https:\/\/www.wallendorff.com\/belogue\/wp-json\/wp\/v2\/posts\/992\/revisions\/16786"}],"wp:featuredmedia":[{"embeddable":true,"href":"https:\/\/www.wallendorff.com\/belogue\/wp-json\/wp\/v2\/media\/24924"}],"wp:attachment":[{"href":"https:\/\/www.wallendorff.com\/belogue\/wp-json\/wp\/v2\/media?parent=992"}],"wp:term":[{"taxonomy":"category","embeddable":true,"href":"https:\/\/www.wallendorff.com\/belogue\/wp-json\/wp\/v2\/categories?post=992"},{"taxonomy":"post_tag","embeddable":true,"href":"https:\/\/www.wallendorff.com\/belogue\/wp-json\/wp\/v2\/tags?post=992"}],"curies":[{"name":"wp","href":"https:\/\/api.w.org\/{rel}","templated":true}]}}