{"id":989,"date":"2007-07-09T13:01:22","date_gmt":"2007-07-09T13:01:22","guid":{"rendered":"http:\/\/www.po-l.com\/wordpress\/?p=989"},"modified":"2011-10-25T16:10:05","modified_gmt":"2011-10-25T14:10:05","slug":"be-eurocks-en-2007-day-3","status":"publish","type":"post","link":"https:\/\/www.wallendorff.com\/belogue\/2007\/07\/09\/be-eurocks-en-2007-day-3\/","title":{"rendered":"Be Eurocks en 2007 &#8211; Day #3."},"content":{"rendered":"<div id=\"photo\">\n<p><img decoding=\"async\" src=\"https:\/\/www.wallendorff.com\/belogue\/photo\/2007\/07\/20070710.jpg\" \/><\/p>\n<\/div>\n<h1>Stuck in the Sound, la Plage, 15h30<\/h1>ngg_shortcode_0_placeholder<h1>TV on the Radio, Chapiteau, 18h00.<\/h1>ngg_shortcode_1_placeholder<h1>Pelican, la Plage, 18h30.<\/h1>ngg_shortcode_2_placeholder<h1>The Good the Bad and the Queen, Grande Sc&egrave;ne, 19h00.<\/h1>ngg_shortcode_3_placeholder<h1>Arcade Fire, Grande Sc&egrave;ne, 23h30.<\/h1>ngg_shortcode_4_placeholder<h1>Le reste<\/h1>ngg_shortcode_5_placeholder<p>Aujourd&rsquo;hui pas de bande-son mais juste un souvenir &agrave; voir et revoir&nbsp;: <a href=\"http:\/\/www.neufstream.com\/video\/x2fn8j_arcade-fire-keep-the-car-running-li\">Entame du final des Eurock&eacute;ennes avec un <em>Keep the Car Running<\/em> magique sous l&rsquo;orage qui se d&eacute;cha&icirc;ne<\/a>. Somptueux. Vivement l&rsquo;ann&eacute;e prochaine.<\/p>\n","protected":false},"excerpt":{"rendered":"<p>Stuck in the Sound, la Plage, 15h30 TV on the Radio, Chapiteau, 18h00. Pelican, la Plage, 18h30. The Good the Bad and the Queen, Grande Sc&egrave;ne, 19h00. Arcade Fire, Grande Sc&egrave;ne, 23h30. Le reste Aujourd&rsquo;hui pas de bande-son mais juste un souvenir &agrave; voir et revoir&nbsp;: Entame du final des Eurock&eacute;ennes avec un Keep the&hellip;<\/p>\n","protected":false},"author":1,"featured_media":24921,"comment_status":"open","ping_status":"open","sticky":false,"template":"","format":"standard","meta":{"_acf_changed":false,"ngg_post_thumbnail":0,"jetpack_post_was_ever_published":false,"_jetpack_newsletter_access":"","_jetpack_dont_email_post_to_subs":false,"_jetpack_newsletter_tier_id":0,"_jetpack_memberships_contains_paywalled_content":false,"_jetpack_memberships_contains_paid_content":false,"footnotes":"","jetpack_publicize_message":"","jetpack_publicize_feature_enabled":true,"jetpack_social_post_already_shared":false,"jetpack_social_options":{"image_generator_settings":{"template":"highway","default_image_id":0,"font":"","enabled":false},"version":2}},"categories":[7],"tags":[10134,10084,10263,10110,196,181,187,10109,3349,10136,10120,10296,1942,143,10147,2059,10135,10446,10295,2060,10124],"class_list":["post-989","post","type-post","status-publish","format-standard","has-post-thumbnail","hentry","category-alive","tag-10134","tag-alive","tag-arcade-fire","tag-belfort","tag-ef-28-70-mm-f28l-usm","tag-ef-70-200-mm-f28l-usm","tag-eos-1d-mark-ii","tag-eurockeennes","tag-eurockeennes-2007","tag-festival","tag-france","tag-franche-comte","tag-keep-the-car-running","tag-noir-et-blanc","tag-nuit","tag-pelican","tag-public","tag-stuck-in-the-sound","tag-territoire-de-belfort","tag-the-good-the-bad-and-the-queen","tag-tv-on-the-radio"],"acf":[],"geo":{"latitude":47.6851463,"longitude":6.8091631,"description":"Chemin de Cramenuz, 90300 Sermamagny, France"},"jetpack_publicize_connections":[],"jetpack_featured_media_url":"https:\/\/www.wallendorff.com\/belogue\/wp-content\/uploads\/2015\/04\/200707101.jpg","jetpack_shortlink":"https:\/\/wp.me\/p3b35P-fX","jetpack_sharing_enabled":true,"jetpack-related-posts":[{"id":35394,"url":"https:\/\/www.wallendorff.com\/belogue\/2017\/08\/23\/les-eurockeennes-de-belfort-jour-4\/","url_meta":{"origin":989,"position":0},"title":"Les Eurock\u00e9ennes de Belfort 2017, jour 4.","author":"dpc","date":"23 ao\u00fbt 2017","format":false,"excerpt":"","rel":"","context":"Dans &quot;Alive&quot;","block_context":{"text":"Alive","link":"https:\/\/www.wallendorff.com\/belogue\/category\/alive\/"},"img":{"alt_text":"","src":"https:\/\/i0.wp.com\/www.wallendorff.com\/belogue\/wp-content\/uploads\/2017\/08\/20170823-32.jpg?resize=350%2C200&ssl=1","width":350,"height":200,"srcset":"https:\/\/i0.wp.com\/www.wallendorff.com\/belogue\/wp-content\/uploads\/2017\/08\/20170823-32.jpg?resize=350%2C200&ssl=1 1x, https:\/\/i0.wp.com\/www.wallendorff.com\/belogue\/wp-content\/uploads\/2017\/08\/20170823-32.jpg?resize=525%2C300&ssl=1 1.5x, https:\/\/i0.wp.com\/www.wallendorff.com\/belogue\/wp-content\/uploads\/2017\/08\/20170823-32.jpg?resize=700%2C400&ssl=1 2x"},"classes":[]},{"id":35275,"url":"https:\/\/www.wallendorff.com\/belogue\/2017\/08\/20\/les-eurockeennes-2017-jour-1\/","url_meta":{"origin":989,"position":1},"title":"Les Eurock\u00e9ennes de Belfort 2017, jour 1.","author":"dpc","date":"20 ao\u00fbt 2017","format":false,"excerpt":"","rel":"","context":"Dans &quot;Alive&quot;","block_context":{"text":"Alive","link":"https:\/\/www.wallendorff.com\/belogue\/category\/alive\/"},"img":{"alt_text":"","src":"https:\/\/i0.wp.com\/www.wallendorff.com\/belogue\/wp-content\/uploads\/2017\/08\/20170820-26.jpg?resize=350%2C200&ssl=1","width":350,"height":200,"srcset":"https:\/\/i0.wp.com\/www.wallendorff.com\/belogue\/wp-content\/uploads\/2017\/08\/20170820-26.jpg?resize=350%2C200&ssl=1 1x, https:\/\/i0.wp.com\/www.wallendorff.com\/belogue\/wp-content\/uploads\/2017\/08\/20170820-26.jpg?resize=525%2C300&ssl=1 1.5x, https:\/\/i0.wp.com\/www.wallendorff.com\/belogue\/wp-content\/uploads\/2017\/08\/20170820-26.jpg?resize=700%2C400&ssl=1 2x"},"classes":[]},{"id":987,"url":"https:\/\/www.wallendorff.com\/belogue\/2007\/07\/05\/be-eurocks-en-2007-day-2\/","url_meta":{"origin":989,"position":2},"title":"Be Eurocks en 2007 &#8211; Day #2.","author":"dpc","date":"5 juillet 2007","format":false,"excerpt":"Joey Starr, Grande sc\u00e8ne, 17h00 Blanche, la Loggia, 18h00 Editors, Grande Sc\u00e8ne, 18h55 Max\u00efmo Park, la Plage, 20h50 Deerhoof, la Loggia, 22h04. I'm From Barcelona, la Plage, 23h09. Le reste Lalalala Don't give up on your dreams, boy Don't give up on your dreams now, buddy. Lalala \u00a0I'm from Barcelona\u2026","rel":"","context":"Dans &quot;Alive&quot;","block_context":{"text":"Alive","link":"https:\/\/www.wallendorff.com\/belogue\/category\/alive\/"},"img":{"alt_text":"","src":"https:\/\/i0.wp.com\/www.wallendorff.com\/belogue\/wp-content\/uploads\/2015\/04\/200707051.jpg?resize=350%2C200&ssl=1","width":350,"height":200,"srcset":"https:\/\/i0.wp.com\/www.wallendorff.com\/belogue\/wp-content\/uploads\/2015\/04\/200707051.jpg?resize=350%2C200&ssl=1 1x, https:\/\/i0.wp.com\/www.wallendorff.com\/belogue\/wp-content\/uploads\/2015\/04\/200707051.jpg?resize=525%2C300&ssl=1 1.5x, https:\/\/i0.wp.com\/www.wallendorff.com\/belogue\/wp-content\/uploads\/2015\/04\/200707051.jpg?resize=700%2C400&ssl=1 2x"},"classes":[]},{"id":42413,"url":"https:\/\/www.wallendorff.com\/belogue\/2019\/07\/07\/les-eurockeennes-2019-belfort-jour-3\/","url_meta":{"origin":989,"position":3},"title":"Les Eurock\u00e9ennes 2019, Belfort, jour 3.","author":"dpc","date":"7 juillet 2019","format":false,"excerpt":"","rel":"","context":"Dans &quot;Alive&quot;","block_context":{"text":"Alive","link":"https:\/\/www.wallendorff.com\/belogue\/category\/alive\/"},"img":{"alt_text":"","src":"https:\/\/i0.wp.com\/www.wallendorff.com\/belogue\/wp-content\/uploads\/2019\/07\/20190707-81.jpg?resize=350%2C200&ssl=1","width":350,"height":200,"srcset":"https:\/\/i0.wp.com\/www.wallendorff.com\/belogue\/wp-content\/uploads\/2019\/07\/20190707-81.jpg?resize=350%2C200&ssl=1 1x, https:\/\/i0.wp.com\/www.wallendorff.com\/belogue\/wp-content\/uploads\/2019\/07\/20190707-81.jpg?resize=525%2C300&ssl=1 1.5x, https:\/\/i0.wp.com\/www.wallendorff.com\/belogue\/wp-content\/uploads\/2019\/07\/20190707-81.jpg?resize=700%2C400&ssl=1 2x, https:\/\/i0.wp.com\/www.wallendorff.com\/belogue\/wp-content\/uploads\/2019\/07\/20190707-81.jpg?resize=1050%2C600&ssl=1 3x"},"classes":[]},{"id":42511,"url":"https:\/\/www.wallendorff.com\/belogue\/2019\/07\/08\/les-eurockeennes-2019-belfort-jour-4\/","url_meta":{"origin":989,"position":4},"title":"Les Eurock\u00e9ennes 2019, Belfort, jour 4.","author":"dpc","date":"8 juillet 2019","format":false,"excerpt":"","rel":"","context":"Dans &quot;Alive&quot;","block_context":{"text":"Alive","link":"https:\/\/www.wallendorff.com\/belogue\/category\/alive\/"},"img":{"alt_text":"","src":"https:\/\/i0.wp.com\/www.wallendorff.com\/belogue\/wp-content\/uploads\/2019\/07\/20190708-08.jpg?resize=350%2C200&ssl=1","width":350,"height":200,"srcset":"https:\/\/i0.wp.com\/www.wallendorff.com\/belogue\/wp-content\/uploads\/2019\/07\/20190708-08.jpg?resize=350%2C200&ssl=1 1x, https:\/\/i0.wp.com\/www.wallendorff.com\/belogue\/wp-content\/uploads\/2019\/07\/20190708-08.jpg?resize=525%2C300&ssl=1 1.5x, https:\/\/i0.wp.com\/www.wallendorff.com\/belogue\/wp-content\/uploads\/2019\/07\/20190708-08.jpg?resize=700%2C400&ssl=1 2x, https:\/\/i0.wp.com\/www.wallendorff.com\/belogue\/wp-content\/uploads\/2019\/07\/20190708-08.jpg?resize=1050%2C600&ssl=1 3x"},"classes":[]},{"id":42321,"url":"https:\/\/www.wallendorff.com\/belogue\/2019\/07\/06\/les-eurockeennes-de-belfort-2019-jour-2\/","url_meta":{"origin":989,"position":5},"title":"Les Eurock\u00e9ennes de Belfort 2019, jour 2.","author":"dpc","date":"6 juillet 2019","format":false,"excerpt":"","rel":"","context":"Dans &quot;Alive&quot;","block_context":{"text":"Alive","link":"https:\/\/www.wallendorff.com\/belogue\/category\/alive\/"},"img":{"alt_text":"","src":"https:\/\/i0.wp.com\/www.wallendorff.com\/belogue\/wp-content\/uploads\/2019\/07\/20190706-35.jpg?resize=350%2C200&ssl=1","width":350,"height":200,"srcset":"https:\/\/i0.wp.com\/www.wallendorff.com\/belogue\/wp-content\/uploads\/2019\/07\/20190706-35.jpg?resize=350%2C200&ssl=1 1x, https:\/\/i0.wp.com\/www.wallendorff.com\/belogue\/wp-content\/uploads\/2019\/07\/20190706-35.jpg?resize=525%2C300&ssl=1 1.5x, https:\/\/i0.wp.com\/www.wallendorff.com\/belogue\/wp-content\/uploads\/2019\/07\/20190706-35.jpg?resize=700%2C400&ssl=1 2x, https:\/\/i0.wp.com\/www.wallendorff.com\/belogue\/wp-content\/uploads\/2019\/07\/20190706-35.jpg?resize=1050%2C600&ssl=1 3x"},"classes":[]}],"_links":{"self":[{"href":"https:\/\/www.wallendorff.com\/belogue\/wp-json\/wp\/v2\/posts\/989","targetHints":{"allow":["GET"]}}],"collection":[{"href":"https:\/\/www.wallendorff.com\/belogue\/wp-json\/wp\/v2\/posts"}],"about":[{"href":"https:\/\/www.wallendorff.com\/belogue\/wp-json\/wp\/v2\/types\/post"}],"author":[{"embeddable":true,"href":"https:\/\/www.wallendorff.com\/belogue\/wp-json\/wp\/v2\/users\/1"}],"replies":[{"embeddable":true,"href":"https:\/\/www.wallendorff.com\/belogue\/wp-json\/wp\/v2\/comments?post=989"}],"version-history":[{"count":4,"href":"https:\/\/www.wallendorff.com\/belogue\/wp-json\/wp\/v2\/posts\/989\/revisions"}],"predecessor-version":[{"id":14038,"href":"https:\/\/www.wallendorff.com\/belogue\/wp-json\/wp\/v2\/posts\/989\/revisions\/14038"}],"wp:featuredmedia":[{"embeddable":true,"href":"https:\/\/www.wallendorff.com\/belogue\/wp-json\/wp\/v2\/media\/24921"}],"wp:attachment":[{"href":"https:\/\/www.wallendorff.com\/belogue\/wp-json\/wp\/v2\/media?parent=989"}],"wp:term":[{"taxonomy":"category","embeddable":true,"href":"https:\/\/www.wallendorff.com\/belogue\/wp-json\/wp\/v2\/categories?post=989"},{"taxonomy":"post_tag","embeddable":true,"href":"https:\/\/www.wallendorff.com\/belogue\/wp-json\/wp\/v2\/tags?post=989"}],"curies":[{"name":"wp","href":"https:\/\/api.w.org\/{rel}","templated":true}]}}