{"id":988,"date":"2007-07-06T08:23:53","date_gmt":"2007-07-06T08:23:53","guid":{"rendered":"http:\/\/www.po-l.com\/wordpress\/?p=988"},"modified":"2014-03-06T17:37:05","modified_gmt":"2014-03-06T15:37:05","slug":"be-eurocks-en-2007-tokyo-hot-hell","status":"publish","type":"post","link":"https:\/\/www.wallendorff.com\/belogue\/2007\/07\/06\/be-eurocks-en-2007-tokyo-hot-hell\/","title":{"rendered":"Be Eurocks en 2007 &#8211; Tokyo Hot Hell."},"content":{"rendered":"\n<div id=\"photo\">\n<p><img decoding=\"async\" src=\"https:\/\/www.wallendorff.com\/belogue\/photo\/2007\/07\/20070706.jpg\"\/><\/p>\n<\/p><\/div>\n<div id=\"bandeson\">\n<p><img decoding=\"async\" src=\"https:\/\/www.wallendorff.com\/belogue\/photo\/pochettes\/b\/black_rebel_motorcycle_club-baby_81.jpg\" align=\"left\" \/>&nbsp;<a href=\"http:\/\/www.blackrebelmotorcycleclub.com\/\">Black Rebel Motorcycle Club<\/a> &ndash; <em>Not What You Wanted<\/em>        <\/p>\n<\/p><\/div>ngg_shortcode_0_placeholder<p>&nbsp;<\/p>\n","protected":false},"excerpt":{"rendered":"<p>&nbsp;Black Rebel Motorcycle Club &ndash; Not What You Wanted &nbsp;<\/p>\n","protected":false},"author":1,"featured_media":24920,"comment_status":"open","ping_status":"open","sticky":false,"template":"","format":"standard","meta":{"_acf_changed":false,"ngg_post_thumbnail":0,"jetpack_post_was_ever_published":false,"_jetpack_newsletter_access":"","_jetpack_dont_email_post_to_subs":false,"_jetpack_newsletter_tier_id":0,"_jetpack_memberships_contains_paywalled_content":false,"_jetpack_memberships_contains_paid_content":false,"footnotes":"","jetpack_publicize_message":"","jetpack_publicize_feature_enabled":true,"jetpack_social_post_already_shared":false,"jetpack_social_options":{"image_generator_settings":{"template":"highway","default_image_id":0,"font":"","enabled":false},"version":2}},"categories":[7],"tags":[10134,10084,4566,10110,10118,196,181,187,10109,3349,10136,10120,10296,143,2057,10295,2055],"class_list":["post-988","post","type-post","status-publish","format-standard","has-post-thumbnail","hentry","category-alive","tag-10134","tag-alive","tag-baby-81","tag-belfort","tag-black-rebel-motorcycle-club","tag-ef-28-70-mm-f28l-usm","tag-ef-70-200-mm-f28l-usm","tag-eos-1d-mark-ii","tag-eurockeennes","tag-eurockeennes-2007","tag-festival","tag-france","tag-franche-comte","tag-noir-et-blanc","tag-not-what-you-wanted","tag-territoire-de-belfort","tag-tokyo-ska-paradise-orchestra"],"acf":[],"geo":{"latitude":47.6851463,"longitude":6.8091631,"description":"Chemin de Cramenuz, 90300 Sermamagny, France"},"jetpack_publicize_connections":[],"jetpack_featured_media_url":"https:\/\/www.wallendorff.com\/belogue\/wp-content\/uploads\/2015\/04\/200707061.jpg","jetpack_shortlink":"https:\/\/wp.me\/p3b35P-fW","jetpack_sharing_enabled":true,"jetpack-related-posts":[{"id":21294,"url":"https:\/\/www.wallendorff.com\/belogue\/2013\/07\/11\/les-eurockeennes-belfort-6-juillet\/","url_meta":{"origin":988,"position":0},"title":"Les Eurock\u00e9ennes, Belfort, 6 juillet.","author":"dpc","date":"11 juillet 2013","format":false,"excerpt":"Faire des photos sur un ponton, arriver pile pour les Sch'trip's, passer au vestiaire \u00e0 picole, trouver BRMC programm\u00e9s t\u00f4t, marcher sur des comateux, se faire un coucher de soleil \u00e0 la plage, retourner au Boulot, se noyer dans la foule de Fauve, se placer pile o\u00f9 il faut \u00e0\u2026","rel":"","context":"Dans &quot;Alive&quot;","block_context":{"text":"Alive","link":"https:\/\/www.wallendorff.com\/belogue\/category\/alive\/"},"img":{"alt_text":"","src":"https:\/\/i0.wp.com\/www.wallendorff.com\/belogue\/wp-content\/uploads\/2015\/04\/201307111.jpg?resize=350%2C200&ssl=1","width":350,"height":200,"srcset":"https:\/\/i0.wp.com\/www.wallendorff.com\/belogue\/wp-content\/uploads\/2015\/04\/201307111.jpg?resize=350%2C200&ssl=1 1x, https:\/\/i0.wp.com\/www.wallendorff.com\/belogue\/wp-content\/uploads\/2015\/04\/201307111.jpg?resize=525%2C300&ssl=1 1.5x, https:\/\/i0.wp.com\/www.wallendorff.com\/belogue\/wp-content\/uploads\/2015\/04\/201307111.jpg?resize=700%2C400&ssl=1 2x"},"classes":[]},{"id":45991,"url":"https:\/\/www.wallendorff.com\/belogue\/2020\/07\/07\/17-ans-deurockeennes-2013-2016\/","url_meta":{"origin":988,"position":1},"title":"17 ans d&rsquo;Eurock\u00e9ennes : 2013 \u2013 2016","author":"dpc","date":"7 juillet 2020","format":false,"excerpt":"","rel":"","context":"Dans &quot;Alive&quot;","block_context":{"text":"Alive","link":"https:\/\/www.wallendorff.com\/belogue\/category\/alive\/"},"img":{"alt_text":"","src":"https:\/\/i0.wp.com\/www.wallendorff.com\/belogue\/wp-content\/uploads\/2020\/07\/20200707-59.jpg?resize=350%2C200&ssl=1","width":350,"height":200,"srcset":"https:\/\/i0.wp.com\/www.wallendorff.com\/belogue\/wp-content\/uploads\/2020\/07\/20200707-59.jpg?resize=350%2C200&ssl=1 1x, https:\/\/i0.wp.com\/www.wallendorff.com\/belogue\/wp-content\/uploads\/2020\/07\/20200707-59.jpg?resize=525%2C300&ssl=1 1.5x, https:\/\/i0.wp.com\/www.wallendorff.com\/belogue\/wp-content\/uploads\/2020\/07\/20200707-59.jpg?resize=700%2C400&ssl=1 2x, https:\/\/i0.wp.com\/www.wallendorff.com\/belogue\/wp-content\/uploads\/2020\/07\/20200707-59.jpg?resize=1050%2C600&ssl=1 3x"},"classes":[]},{"id":125131,"url":"https:\/\/www.wallendorff.com\/belogue\/2023\/07\/03\/les-eurockeennes-2023-belfort-jour-4\/","url_meta":{"origin":988,"position":2},"title":"Les Eurock\u00e9ennes 2023, Belfort, jour 4.","author":"dpc","date":"3 juillet 2023","format":false,"excerpt":"1 sc\u00e8ne + 3 groupes dont 1 t\u00eate d'affiche qui limite les photographes et qui bloque l'acc\u00e8s au front de sc\u00e8ne = une maigre galerie. Chef and the Gang @ les Eurock\u00e9ennes, Belfort, 02\/07\/2023 Les Eurock\u00e9ennes, Belfort, 02\/07\/2023 Chef and the Gang @ les Eurock\u00e9ennes, Belfort, 02\/07\/2023 Les Eurock\u00e9ennes, Belfort,\u2026","rel":"","context":"Dans &quot;Alive&quot;","block_context":{"text":"Alive","link":"https:\/\/www.wallendorff.com\/belogue\/category\/alive\/"},"img":{"alt_text":"","src":"https:\/\/i0.wp.com\/www.wallendorff.com\/belogue\/wp-content\/uploads\/2023\/07\/20230703-07.jpg?resize=350%2C200&ssl=1","width":350,"height":200,"srcset":"https:\/\/i0.wp.com\/www.wallendorff.com\/belogue\/wp-content\/uploads\/2023\/07\/20230703-07.jpg?resize=350%2C200&ssl=1 1x, https:\/\/i0.wp.com\/www.wallendorff.com\/belogue\/wp-content\/uploads\/2023\/07\/20230703-07.jpg?resize=525%2C300&ssl=1 1.5x, https:\/\/i0.wp.com\/www.wallendorff.com\/belogue\/wp-content\/uploads\/2023\/07\/20230703-07.jpg?resize=700%2C400&ssl=1 2x, https:\/\/i0.wp.com\/www.wallendorff.com\/belogue\/wp-content\/uploads\/2023\/07\/20230703-07.jpg?resize=1050%2C600&ssl=1 3x"},"classes":[]},{"id":987,"url":"https:\/\/www.wallendorff.com\/belogue\/2007\/07\/05\/be-eurocks-en-2007-day-2\/","url_meta":{"origin":988,"position":3},"title":"Be Eurocks en 2007 &#8211; Day #2.","author":"dpc","date":"5 juillet 2007","format":false,"excerpt":"Joey Starr, Grande sc\u00e8ne, 17h00 Blanche, la Loggia, 18h00 Editors, Grande Sc\u00e8ne, 18h55 Max\u00efmo Park, la Plage, 20h50 Deerhoof, la Loggia, 22h04. I'm From Barcelona, la Plage, 23h09. Le reste Lalalala Don't give up on your dreams, boy Don't give up on your dreams now, buddy. Lalala \u00a0I'm from Barcelona\u2026","rel":"","context":"Dans &quot;Alive&quot;","block_context":{"text":"Alive","link":"https:\/\/www.wallendorff.com\/belogue\/category\/alive\/"},"img":{"alt_text":"","src":"https:\/\/i0.wp.com\/www.wallendorff.com\/belogue\/wp-content\/uploads\/2015\/04\/200707051.jpg?resize=350%2C200&ssl=1","width":350,"height":200,"srcset":"https:\/\/i0.wp.com\/www.wallendorff.com\/belogue\/wp-content\/uploads\/2015\/04\/200707051.jpg?resize=350%2C200&ssl=1 1x, https:\/\/i0.wp.com\/www.wallendorff.com\/belogue\/wp-content\/uploads\/2015\/04\/200707051.jpg?resize=525%2C300&ssl=1 1.5x, https:\/\/i0.wp.com\/www.wallendorff.com\/belogue\/wp-content\/uploads\/2015\/04\/200707051.jpg?resize=700%2C400&ssl=1 2x"},"classes":[]},{"id":10164,"url":"https:\/\/www.wallendorff.com\/belogue\/2010\/12\/02\/black-rebel-motorcycle-club-lelysee-montmartre-paris\/","url_meta":{"origin":988,"position":4},"title":"Black Rebel Motorcycle Club @ l&rsquo;\u00c9lys\u00e9e-Montmartre, Paris.","author":"dpc","date":"2 d\u00e9cembre 2010","format":false,"excerpt":"666 Conducer | Mama Taught Me Better | Red Eyes and Tears | Awake | Martyr | Beat the Devil's Tattoo | Ain't No Easy Way | Bad Blood | Berlin | Weapon of Choice | Long Way Down | Whatever Happened to My Rock 'n' Roll (Punk Song) |\u2026","rel":"","context":"Dans &quot;Alive&quot;","block_context":{"text":"Alive","link":"https:\/\/www.wallendorff.com\/belogue\/category\/alive\/"},"img":{"alt_text":"","src":"https:\/\/i0.wp.com\/www.wallendorff.com\/belogue\/wp-content\/uploads\/2015\/04\/201012021.jpg?resize=350%2C200&ssl=1","width":350,"height":200,"srcset":"https:\/\/i0.wp.com\/www.wallendorff.com\/belogue\/wp-content\/uploads\/2015\/04\/201012021.jpg?resize=350%2C200&ssl=1 1x, https:\/\/i0.wp.com\/www.wallendorff.com\/belogue\/wp-content\/uploads\/2015\/04\/201012021.jpg?resize=525%2C300&ssl=1 1.5x, https:\/\/i0.wp.com\/www.wallendorff.com\/belogue\/wp-content\/uploads\/2015\/04\/201012021.jpg?resize=700%2C400&ssl=1 2x"},"classes":[]},{"id":35275,"url":"https:\/\/www.wallendorff.com\/belogue\/2017\/08\/20\/les-eurockeennes-2017-jour-1\/","url_meta":{"origin":988,"position":5},"title":"Les Eurock\u00e9ennes de Belfort 2017, jour 1.","author":"dpc","date":"20 ao\u00fbt 2017","format":false,"excerpt":"","rel":"","context":"Dans &quot;Alive&quot;","block_context":{"text":"Alive","link":"https:\/\/www.wallendorff.com\/belogue\/category\/alive\/"},"img":{"alt_text":"","src":"https:\/\/i0.wp.com\/www.wallendorff.com\/belogue\/wp-content\/uploads\/2017\/08\/20170820-26.jpg?resize=350%2C200&ssl=1","width":350,"height":200,"srcset":"https:\/\/i0.wp.com\/www.wallendorff.com\/belogue\/wp-content\/uploads\/2017\/08\/20170820-26.jpg?resize=350%2C200&ssl=1 1x, https:\/\/i0.wp.com\/www.wallendorff.com\/belogue\/wp-content\/uploads\/2017\/08\/20170820-26.jpg?resize=525%2C300&ssl=1 1.5x, https:\/\/i0.wp.com\/www.wallendorff.com\/belogue\/wp-content\/uploads\/2017\/08\/20170820-26.jpg?resize=700%2C400&ssl=1 2x"},"classes":[]}],"_links":{"self":[{"href":"https:\/\/www.wallendorff.com\/belogue\/wp-json\/wp\/v2\/posts\/988","targetHints":{"allow":["GET"]}}],"collection":[{"href":"https:\/\/www.wallendorff.com\/belogue\/wp-json\/wp\/v2\/posts"}],"about":[{"href":"https:\/\/www.wallendorff.com\/belogue\/wp-json\/wp\/v2\/types\/post"}],"author":[{"embeddable":true,"href":"https:\/\/www.wallendorff.com\/belogue\/wp-json\/wp\/v2\/users\/1"}],"replies":[{"embeddable":true,"href":"https:\/\/www.wallendorff.com\/belogue\/wp-json\/wp\/v2\/comments?post=988"}],"version-history":[{"count":5,"href":"https:\/\/www.wallendorff.com\/belogue\/wp-json\/wp\/v2\/posts\/988\/revisions"}],"predecessor-version":[{"id":22571,"href":"https:\/\/www.wallendorff.com\/belogue\/wp-json\/wp\/v2\/posts\/988\/revisions\/22571"}],"wp:featuredmedia":[{"embeddable":true,"href":"https:\/\/www.wallendorff.com\/belogue\/wp-json\/wp\/v2\/media\/24920"}],"wp:attachment":[{"href":"https:\/\/www.wallendorff.com\/belogue\/wp-json\/wp\/v2\/media?parent=988"}],"wp:term":[{"taxonomy":"category","embeddable":true,"href":"https:\/\/www.wallendorff.com\/belogue\/wp-json\/wp\/v2\/categories?post=988"},{"taxonomy":"post_tag","embeddable":true,"href":"https:\/\/www.wallendorff.com\/belogue\/wp-json\/wp\/v2\/tags?post=988"}],"curies":[{"name":"wp","href":"https:\/\/api.w.org\/{rel}","templated":true}]}}