{"id":9872,"date":"2010-11-29T10:15:38","date_gmt":"2010-11-29T09:15:38","guid":{"rendered":"http:\/\/www.po-l.com\/belogue\/?p=9872"},"modified":"2011-12-22T11:17:44","modified_gmt":"2011-12-22T09:17:44","slug":"carreaux-lignent-du-sud","status":"publish","type":"post","link":"https:\/\/www.wallendorff.com\/belogue\/2010\/11\/29\/carreaux-lignent-du-sud\/","title":{"rendered":"Carreaux lignent [du sud]."},"content":{"rendered":"\n<div id=\"photo\">\n<p><img decoding=\"async\" src=\"https:\/\/www.wallendorff.com\/belogue\/photo\/2010\/11\/20101129.jpg\" \/><br \/>\n        H&ocirc;tel de Toulouse, Paris, 18 septembre.<\/p>\n<\/p><\/div>\n<div id=\"bandeson\">\n<p><img decoding=\"async\" src=\"https:\/\/www.wallendorff.com\/belogue\/photo\/pochettes\/w\/where_the_wild_things_are.jpg\" align=\"left\" \/><a href=\"http:\/\/www.myspace.com\/wherethewildthingsare\">Karen O and the Kids<\/a> &ndash; <em>Rumpus<\/em>        <\/p>\n<\/p><\/div>\n","protected":false},"excerpt":{"rendered":"<p>H&ocirc;tel de Toulouse, Paris, 18 septembre. Karen O and the Kids &ndash; Rumpus<\/p>\n","protected":false},"author":1,"featured_media":25978,"comment_status":"open","ping_status":"open","sticky":false,"template":"","format":"standard","meta":{"_acf_changed":false,"ngg_post_thumbnail":0,"jetpack_post_was_ever_published":false,"_jetpack_newsletter_access":"","_jetpack_dont_email_post_to_subs":false,"_jetpack_newsletter_tier_id":0,"_jetpack_memberships_contains_paywalled_content":false,"_jetpack_memberships_contains_paid_content":false,"footnotes":"","jetpack_publicize_message":"","jetpack_publicize_feature_enabled":true,"jetpack_social_post_already_shared":false,"jetpack_social_options":{"image_generator_settings":{"template":"highway","default_image_id":0,"font":"","enabled":false},"version":2}},"categories":[3],"tags":[10182,2571,2615,10246,10311,10715,10307,10340,4466,4467,10828,3250,10499,10098,4468,3251],"class_list":["post-9872","post","type-post","status-publish","format-standard","has-post-thumbnail","hentry","category-dpc","tag-10182","tag-ef-16-35-mm-f28l-ii-usm","tag-eos-5d-mark-ii","tag-contre-jour","tag-dos","tag-enfant","tag-fenetre","tag-fille","tag-galerie-doree","tag-hotel-de-toulouse","tag-hotel-particulier","tag-karen-o-and-the-kids","tag-ombre","tag-paris","tag-rue-de-la-vrilliere","tag-rumpus"],"acf":[],"geo":{"latitude":48.8652458,"longitude":2.3394761,"description":"2 Rue Radziwill, 75001 Paris, France"},"jetpack_publicize_connections":[],"jetpack_featured_media_url":"https:\/\/www.wallendorff.com\/belogue\/wp-content\/uploads\/2015\/04\/201011291.jpg","jetpack_shortlink":"https:\/\/wp.me\/p3b35P-2ze","jetpack_sharing_enabled":true,"jetpack-related-posts":[{"id":5152,"url":"https:\/\/www.wallendorff.com\/belogue\/2009\/11\/25\/pis-a-prismes-20\/","url_meta":{"origin":9872,"position":0},"title":"Pis \u00e0 prismes #20.","author":"dpc","date":"25 novembre 2009","format":false,"excerpt":"Place du Trocad\u00e9ro-et-du-11-Novembre, Paris, 2 ao\u00fbt. \u00a0Karen O and the Kids \u2013 Animal Ne dites pas \u00ab\u00a0Permets-moi, permets-moi de reprendre l'entreprise familiale\u00a0\u00bb mais dites \u00ab\u00a0Laisse-moi, laisse-moi la bo\u00eete \u00e0 papa.\u00a0\u00bb","rel":"","context":"Dans &quot;Pis \u00e0 prismes&quot;","block_context":{"text":"Pis \u00e0 prismes","link":"https:\/\/www.wallendorff.com\/belogue\/category\/pis-a-prismes\/"},"img":{"alt_text":"","src":"https:\/\/i0.wp.com\/www.wallendorff.com\/belogue\/wp-content\/uploads\/2015\/04\/200911251.jpg?resize=350%2C200&ssl=1","width":350,"height":200},"classes":[]},{"id":3959,"url":"https:\/\/www.wallendorff.com\/belogue\/2009\/02\/27\/fille-la-telit\/","url_meta":{"origin":9872,"position":1},"title":"Fille l\u00e0 t&rsquo;\u00e9lit.","author":"dpc","date":"27 f\u00e9vrier 2009","format":false,"excerpt":"H\u00f4tel des archev\u00eaques de Sens, Paris, 18 janvier. \u00a0The Von Bondies \u2013 Rock n'Roll Nurse","rel":"","context":"Dans &quot;DPC&quot;","block_context":{"text":"DPC","link":"https:\/\/www.wallendorff.com\/belogue\/category\/dpc\/"},"img":{"alt_text":"","src":"https:\/\/i0.wp.com\/www.wallendorff.com\/belogue\/wp-content\/uploads\/2015\/04\/200902271.jpg?resize=350%2C200&ssl=1","width":350,"height":200},"classes":[]},{"id":38002,"url":"https:\/\/www.wallendorff.com\/belogue\/2018\/04\/24\/shame-hotel-lux-black-midi-la-maroquinerie-paris-23-avril-2018\/","url_meta":{"origin":9872,"position":2},"title":"Shame + Hotel Lux + Black Midi @ la Maroquinerie, Paris, 23 avril 2018.","author":"dpc","date":"24 avril 2018","format":false,"excerpt":"Black Midi Hotel Lux Shame","rel":"","context":"Dans &quot;Alive&quot;","block_context":{"text":"Alive","link":"https:\/\/www.wallendorff.com\/belogue\/category\/alive\/"},"img":{"alt_text":"","src":"https:\/\/i0.wp.com\/www.wallendorff.com\/belogue\/wp-content\/uploads\/2018\/04\/20180424-20.jpg?resize=350%2C200&ssl=1","width":350,"height":200,"srcset":"https:\/\/i0.wp.com\/www.wallendorff.com\/belogue\/wp-content\/uploads\/2018\/04\/20180424-20.jpg?resize=350%2C200&ssl=1 1x, https:\/\/i0.wp.com\/www.wallendorff.com\/belogue\/wp-content\/uploads\/2018\/04\/20180424-20.jpg?resize=525%2C300&ssl=1 1.5x, https:\/\/i0.wp.com\/www.wallendorff.com\/belogue\/wp-content\/uploads\/2018\/04\/20180424-20.jpg?resize=700%2C400&ssl=1 2x, https:\/\/i0.wp.com\/www.wallendorff.com\/belogue\/wp-content\/uploads\/2018\/04\/20180424-20.jpg?resize=1050%2C600&ssl=1 3x"},"classes":[]},{"id":33425,"url":"https:\/\/www.wallendorff.com\/belogue\/2017\/01\/27\/shooting-people-132\/","url_meta":{"origin":9872,"position":3},"title":"Shooting people #132.","author":"dpc","date":"27 janvier 2017","format":false,"excerpt":"Mill\u00e9sime H\u00f4tel, Paris, 26 septembre 2016. Rhythm & Blues The Head and the Heart","rel":"","context":"Dans &quot;Portraits&quot;","block_context":{"text":"Portraits","link":"https:\/\/www.wallendorff.com\/belogue\/category\/portraits\/"},"img":{"alt_text":"","src":"https:\/\/i0.wp.com\/www.wallendorff.com\/belogue\/wp-content\/uploads\/2017\/01\/20170127-01.jpg?resize=350%2C200&ssl=1","width":350,"height":200,"srcset":"https:\/\/i0.wp.com\/www.wallendorff.com\/belogue\/wp-content\/uploads\/2017\/01\/20170127-01.jpg?resize=350%2C200&ssl=1 1x, https:\/\/i0.wp.com\/www.wallendorff.com\/belogue\/wp-content\/uploads\/2017\/01\/20170127-01.jpg?resize=525%2C300&ssl=1 1.5x, https:\/\/i0.wp.com\/www.wallendorff.com\/belogue\/wp-content\/uploads\/2017\/01\/20170127-01.jpg?resize=700%2C400&ssl=1 2x"},"classes":[]},{"id":10353,"url":"https:\/\/www.wallendorff.com\/belogue\/2010\/12\/04\/ilis-le-divan-du-monde-paris\/","url_meta":{"origin":9872,"position":4},"title":"iLiS @ le Divan du Monde, Paris.","author":"dpc","date":"4 d\u00e9cembre 2010","format":false,"excerpt":"Tyvek \u2013 4312","rel":"","context":"Dans &quot;Alive&quot;","block_context":{"text":"Alive","link":"https:\/\/www.wallendorff.com\/belogue\/category\/alive\/"},"img":{"alt_text":"","src":"https:\/\/i0.wp.com\/www.wallendorff.com\/belogue\/wp-content\/uploads\/2015\/04\/201012041.jpg?resize=350%2C200&ssl=1","width":350,"height":200,"srcset":"https:\/\/i0.wp.com\/www.wallendorff.com\/belogue\/wp-content\/uploads\/2015\/04\/201012041.jpg?resize=350%2C200&ssl=1 1x, https:\/\/i0.wp.com\/www.wallendorff.com\/belogue\/wp-content\/uploads\/2015\/04\/201012041.jpg?resize=525%2C300&ssl=1 1.5x, https:\/\/i0.wp.com\/www.wallendorff.com\/belogue\/wp-content\/uploads\/2015\/04\/201012041.jpg?resize=700%2C400&ssl=1 2x"},"classes":[]},{"id":4127,"url":"https:\/\/www.wallendorff.com\/belogue\/2009\/04\/08\/shooting-people-50\/","url_meta":{"origin":9872,"position":5},"title":"Shooting people #50&frac12;.","author":"dpc","date":"8 avril 2009","format":false,"excerpt":"Place Dalida, Paris, 2 mars. Josh Ritter \u2013 Chelsea Hotel #2 (Leonard Cohen cover) (live) Encul\u00e9\u00e9\u00e9\u00e9\u00e9\u00e9\u00e9\u00e9\u00e9\u00e9s.","rel":"","context":"Dans &quot;Portraits&quot;","block_context":{"text":"Portraits","link":"https:\/\/www.wallendorff.com\/belogue\/category\/portraits\/"},"img":{"alt_text":"","src":"https:\/\/i0.wp.com\/www.wallendorff.com\/belogue\/wp-content\/uploads\/2015\/04\/200904081.jpg?resize=350%2C200&ssl=1","width":350,"height":200},"classes":[]}],"_links":{"self":[{"href":"https:\/\/www.wallendorff.com\/belogue\/wp-json\/wp\/v2\/posts\/9872","targetHints":{"allow":["GET"]}}],"collection":[{"href":"https:\/\/www.wallendorff.com\/belogue\/wp-json\/wp\/v2\/posts"}],"about":[{"href":"https:\/\/www.wallendorff.com\/belogue\/wp-json\/wp\/v2\/types\/post"}],"author":[{"embeddable":true,"href":"https:\/\/www.wallendorff.com\/belogue\/wp-json\/wp\/v2\/users\/1"}],"replies":[{"embeddable":true,"href":"https:\/\/www.wallendorff.com\/belogue\/wp-json\/wp\/v2\/comments?post=9872"}],"version-history":[{"count":1,"href":"https:\/\/www.wallendorff.com\/belogue\/wp-json\/wp\/v2\/posts\/9872\/revisions"}],"predecessor-version":[{"id":14962,"href":"https:\/\/www.wallendorff.com\/belogue\/wp-json\/wp\/v2\/posts\/9872\/revisions\/14962"}],"wp:featuredmedia":[{"embeddable":true,"href":"https:\/\/www.wallendorff.com\/belogue\/wp-json\/wp\/v2\/media\/25978"}],"wp:attachment":[{"href":"https:\/\/www.wallendorff.com\/belogue\/wp-json\/wp\/v2\/media?parent=9872"}],"wp:term":[{"taxonomy":"category","embeddable":true,"href":"https:\/\/www.wallendorff.com\/belogue\/wp-json\/wp\/v2\/categories?post=9872"},{"taxonomy":"post_tag","embeddable":true,"href":"https:\/\/www.wallendorff.com\/belogue\/wp-json\/wp\/v2\/tags?post=9872"}],"curies":[{"name":"wp","href":"https:\/\/api.w.org\/{rel}","templated":true}]}}