{"id":987,"date":"2007-07-05T09:55:24","date_gmt":"2007-07-05T09:55:24","guid":{"rendered":"http:\/\/www.po-l.com\/wordpress\/?p=987"},"modified":"2011-12-23T13:03:17","modified_gmt":"2011-12-23T11:03:17","slug":"be-eurocks-en-2007-day-2","status":"publish","type":"post","link":"https:\/\/www.wallendorff.com\/belogue\/2007\/07\/05\/be-eurocks-en-2007-day-2\/","title":{"rendered":"Be Eurocks en 2007 &#8211; Day #2."},"content":{"rendered":"\n<div id=\"photo\">\n<p><img decoding=\"async\" src=\"https:\/\/www.wallendorff.com\/belogue\/photo\/2007\/07\/20070705.jpg\"\/><\/p>\n<\/p><\/div>\n<h1>Joey Starr, Grande sc&egrave;ne, 17h00<\/h1>ngg_shortcode_0_placeholder<h1>Blanche, la Loggia, 18h00<\/h1>ngg_shortcode_1_placeholder<h1>Editors, Grande Sc&egrave;ne, 18h55<\/h1>ngg_shortcode_2_placeholder<h1>Max&iuml;mo Park, la Plage, 20h50<\/h1>ngg_shortcode_3_placeholder<h1>Deerhoof, la Loggia, 22h04.<\/h1>ngg_shortcode_4_placeholder<h1>I&rsquo;m From Barcelona, la Plage, 23h09.<\/h1>ngg_shortcode_5_placeholder<h1>Le reste<\/h1>ngg_shortcode_6_placeholder<p style=\"text-align:right\">Lalalala<br \/>\n        <em>Don&rsquo;t give up on your dreams, boy<br \/>\n        Don&rsquo;t give up on your dreams now, buddy.<br \/>\n        <\/em>Lalala<\/p>\n<div id=\"bandeson\">\n<p><img decoding=\"async\" src=\"https:\/\/www.wallendorff.com\/belogue\/photo\/pochettes\/i\/im_from_barcelona-dont_give_up_on_your_dreams_buddy.jpg\" align=\"left\" \/>&nbsp;<a href=\"http:\/\/www.imfrombarcelona.com\">I&rsquo;m from Barcelona<\/a> &ndash; <em>The Painter<\/em><\/p>\n<\/p><\/div>\n","protected":false},"excerpt":{"rendered":"<p>Joey Starr, Grande sc&egrave;ne, 17h00 Blanche, la Loggia, 18h00 Editors, Grande Sc&egrave;ne, 18h55 Max&iuml;mo Park, la Plage, 20h50 Deerhoof, la Loggia, 22h04. I&rsquo;m From Barcelona, la Plage, 23h09. Le reste Lalalala Don&rsquo;t give up on your dreams, boy Don&rsquo;t give up on your dreams now, buddy. Lalala &nbsp;I&rsquo;m from Barcelona &ndash; The Painter<\/p>\n","protected":false},"author":1,"featured_media":24919,"comment_status":"open","ping_status":"open","sticky":false,"template":"","format":"standard","meta":{"_acf_changed":false,"ngg_post_thumbnail":0,"jetpack_post_was_ever_published":false,"_jetpack_newsletter_access":"","_jetpack_dont_email_post_to_subs":false,"_jetpack_newsletter_tier_id":0,"_jetpack_memberships_contains_paywalled_content":false,"_jetpack_memberships_contains_paid_content":false,"footnotes":"","jetpack_publicize_message":"","jetpack_publicize_feature_enabled":true,"jetpack_social_post_already_shared":false,"jetpack_social_options":{"image_generator_settings":{"template":"highway","default_image_id":0,"font":"","enabled":false},"version":2}},"categories":[7],"tags":[10134,10084,10110,77,196,1438,181,187,2054,10337,1669,10109,3349,10136,10120,10296,10431,2053,1500,143,10199,10135,10440,10295,2056,2055],"class_list":["post-987","post","type-post","status-publish","format-standard","has-post-thumbnail","hentry","category-alive","tag-10134","tag-alive","tag-belfort","tag-blanche","tag-ef-28-70-mm-f28l-usm","tag-ef-50-mm-f14-usm","tag-ef-70-200-mm-f28l-usm","tag-eos-1d-mark-ii","tag-deerhoof","tag-editors","tag-enhancer","tag-eurockeennes","tag-eurockeennes-2007","tag-festival","tag-france","tag-franche-comte","tag-im-from-barcelona","tag-joey-starr","tag-maximo-park","tag-noir-et-blanc","tag-pieds","tag-public","tag-slam","tag-territoire-de-belfort","tag-the-painter","tag-tokyo-ska-paradise-orchestra"],"acf":[],"geo":{"latitude":47.6851463,"longitude":6.8091631,"description":"Chemin de Cramenuz, 90300 Sermamagny, France"},"jetpack_publicize_connections":[],"jetpack_featured_media_url":"https:\/\/www.wallendorff.com\/belogue\/wp-content\/uploads\/2015\/04\/200707051.jpg","jetpack_shortlink":"https:\/\/wp.me\/p3b35P-fV","jetpack_sharing_enabled":true,"jetpack-related-posts":[{"id":45943,"url":"https:\/\/www.wallendorff.com\/belogue\/2020\/07\/06\/17-ans-deurockeennes-2003-2009\/","url_meta":{"origin":987,"position":0},"title":"17 ans d&rsquo;Eurock\u00e9ennes : 2003 \u2013 2009","author":"dpc","date":"6 juillet 2020","format":false,"excerpt":"Bon j'ai plut\u00f4t 19 ans d'Eurock\u00e9ennes au compteur puisque j'ai \u00e9galement assist\u00e9 \u00e0 l'\u00e9dition 2001, mais depuis le public. Enfin on va pas chipoter. Puisque nous en sommes priv\u00e9s cette ann\u00e9e, je vous remets des archives des 12 \u00e9ditions que j'ai photographi\u00e9es pour nous rappeler le bon temps des festivals\u2026","rel":"","context":"Dans &quot;Alive&quot;","block_context":{"text":"Alive","link":"https:\/\/www.wallendorff.com\/belogue\/category\/alive\/"},"img":{"alt_text":"","src":"https:\/\/i0.wp.com\/www.wallendorff.com\/belogue\/wp-content\/uploads\/2020\/07\/20200706-42.jpg?resize=350%2C200&ssl=1","width":350,"height":200,"srcset":"https:\/\/i0.wp.com\/www.wallendorff.com\/belogue\/wp-content\/uploads\/2020\/07\/20200706-42.jpg?resize=350%2C200&ssl=1 1x, https:\/\/i0.wp.com\/www.wallendorff.com\/belogue\/wp-content\/uploads\/2020\/07\/20200706-42.jpg?resize=525%2C300&ssl=1 1.5x, https:\/\/i0.wp.com\/www.wallendorff.com\/belogue\/wp-content\/uploads\/2020\/07\/20200706-42.jpg?resize=700%2C400&ssl=1 2x, https:\/\/i0.wp.com\/www.wallendorff.com\/belogue\/wp-content\/uploads\/2020\/07\/20200706-42.jpg?resize=1050%2C600&ssl=1 3x"},"classes":[]},{"id":46054,"url":"https:\/\/www.wallendorff.com\/belogue\/2020\/07\/08\/17-ans-deurockeennes-2017-2019\/","url_meta":{"origin":987,"position":1},"title":"17 ans d&rsquo;Eurock\u00e9ennes : 2017 \u2013 2019","author":"dpc","date":"8 juillet 2020","format":false,"excerpt":"","rel":"","context":"Dans &quot;Alive&quot;","block_context":{"text":"Alive","link":"https:\/\/www.wallendorff.com\/belogue\/category\/alive\/"},"img":{"alt_text":"","src":"https:\/\/i0.wp.com\/www.wallendorff.com\/belogue\/wp-content\/uploads\/2020\/07\/20200708-10.jpg?resize=350%2C200&ssl=1","width":350,"height":200,"srcset":"https:\/\/i0.wp.com\/www.wallendorff.com\/belogue\/wp-content\/uploads\/2020\/07\/20200708-10.jpg?resize=350%2C200&ssl=1 1x, https:\/\/i0.wp.com\/www.wallendorff.com\/belogue\/wp-content\/uploads\/2020\/07\/20200708-10.jpg?resize=525%2C300&ssl=1 1.5x, https:\/\/i0.wp.com\/www.wallendorff.com\/belogue\/wp-content\/uploads\/2020\/07\/20200708-10.jpg?resize=700%2C400&ssl=1 2x, https:\/\/i0.wp.com\/www.wallendorff.com\/belogue\/wp-content\/uploads\/2020\/07\/20200708-10.jpg?resize=1050%2C600&ssl=1 3x"},"classes":[]},{"id":35275,"url":"https:\/\/www.wallendorff.com\/belogue\/2017\/08\/20\/les-eurockeennes-2017-jour-1\/","url_meta":{"origin":987,"position":2},"title":"Les Eurock\u00e9ennes de Belfort 2017, jour 1.","author":"dpc","date":"20 ao\u00fbt 2017","format":false,"excerpt":"","rel":"","context":"Dans &quot;Alive&quot;","block_context":{"text":"Alive","link":"https:\/\/www.wallendorff.com\/belogue\/category\/alive\/"},"img":{"alt_text":"","src":"https:\/\/i0.wp.com\/www.wallendorff.com\/belogue\/wp-content\/uploads\/2017\/08\/20170820-26.jpg?resize=350%2C200&ssl=1","width":350,"height":200,"srcset":"https:\/\/i0.wp.com\/www.wallendorff.com\/belogue\/wp-content\/uploads\/2017\/08\/20170820-26.jpg?resize=350%2C200&ssl=1 1x, https:\/\/i0.wp.com\/www.wallendorff.com\/belogue\/wp-content\/uploads\/2017\/08\/20170820-26.jpg?resize=525%2C300&ssl=1 1.5x, https:\/\/i0.wp.com\/www.wallendorff.com\/belogue\/wp-content\/uploads\/2017\/08\/20170820-26.jpg?resize=700%2C400&ssl=1 2x"},"classes":[]},{"id":42413,"url":"https:\/\/www.wallendorff.com\/belogue\/2019\/07\/07\/les-eurockeennes-2019-belfort-jour-3\/","url_meta":{"origin":987,"position":3},"title":"Les Eurock\u00e9ennes 2019, Belfort, jour 3.","author":"dpc","date":"7 juillet 2019","format":false,"excerpt":"","rel":"","context":"Dans &quot;Alive&quot;","block_context":{"text":"Alive","link":"https:\/\/www.wallendorff.com\/belogue\/category\/alive\/"},"img":{"alt_text":"","src":"https:\/\/i0.wp.com\/www.wallendorff.com\/belogue\/wp-content\/uploads\/2019\/07\/20190707-81.jpg?resize=350%2C200&ssl=1","width":350,"height":200,"srcset":"https:\/\/i0.wp.com\/www.wallendorff.com\/belogue\/wp-content\/uploads\/2019\/07\/20190707-81.jpg?resize=350%2C200&ssl=1 1x, https:\/\/i0.wp.com\/www.wallendorff.com\/belogue\/wp-content\/uploads\/2019\/07\/20190707-81.jpg?resize=525%2C300&ssl=1 1.5x, https:\/\/i0.wp.com\/www.wallendorff.com\/belogue\/wp-content\/uploads\/2019\/07\/20190707-81.jpg?resize=700%2C400&ssl=1 2x, https:\/\/i0.wp.com\/www.wallendorff.com\/belogue\/wp-content\/uploads\/2019\/07\/20190707-81.jpg?resize=1050%2C600&ssl=1 3x"},"classes":[]},{"id":42511,"url":"https:\/\/www.wallendorff.com\/belogue\/2019\/07\/08\/les-eurockeennes-2019-belfort-jour-4\/","url_meta":{"origin":987,"position":4},"title":"Les Eurock\u00e9ennes 2019, Belfort, jour 4.","author":"dpc","date":"8 juillet 2019","format":false,"excerpt":"","rel":"","context":"Dans &quot;Alive&quot;","block_context":{"text":"Alive","link":"https:\/\/www.wallendorff.com\/belogue\/category\/alive\/"},"img":{"alt_text":"","src":"https:\/\/i0.wp.com\/www.wallendorff.com\/belogue\/wp-content\/uploads\/2019\/07\/20190708-08.jpg?resize=350%2C200&ssl=1","width":350,"height":200,"srcset":"https:\/\/i0.wp.com\/www.wallendorff.com\/belogue\/wp-content\/uploads\/2019\/07\/20190708-08.jpg?resize=350%2C200&ssl=1 1x, https:\/\/i0.wp.com\/www.wallendorff.com\/belogue\/wp-content\/uploads\/2019\/07\/20190708-08.jpg?resize=525%2C300&ssl=1 1.5x, https:\/\/i0.wp.com\/www.wallendorff.com\/belogue\/wp-content\/uploads\/2019\/07\/20190708-08.jpg?resize=700%2C400&ssl=1 2x, https:\/\/i0.wp.com\/www.wallendorff.com\/belogue\/wp-content\/uploads\/2019\/07\/20190708-08.jpg?resize=1050%2C600&ssl=1 3x"},"classes":[]},{"id":38544,"url":"https:\/\/www.wallendorff.com\/belogue\/2018\/07\/11\/les-eurockeennes-belfort-jour-2-3\/","url_meta":{"origin":987,"position":5},"title":"Les Eurock\u00e9ennes, Belfort, jour 2.","author":"dpc","date":"11 juillet 2018","format":false,"excerpt":"Les autres jours s(er)ont publi\u00e9s sur ce lien.","rel":"","context":"Dans &quot;Alive&quot;","block_context":{"text":"Alive","link":"https:\/\/www.wallendorff.com\/belogue\/category\/alive\/"},"img":{"alt_text":"","src":"https:\/\/i0.wp.com\/www.wallendorff.com\/belogue\/wp-content\/uploads\/2018\/07\/20180711-53.jpg?resize=350%2C200&ssl=1","width":350,"height":200,"srcset":"https:\/\/i0.wp.com\/www.wallendorff.com\/belogue\/wp-content\/uploads\/2018\/07\/20180711-53.jpg?resize=350%2C200&ssl=1 1x, https:\/\/i0.wp.com\/www.wallendorff.com\/belogue\/wp-content\/uploads\/2018\/07\/20180711-53.jpg?resize=525%2C300&ssl=1 1.5x, https:\/\/i0.wp.com\/www.wallendorff.com\/belogue\/wp-content\/uploads\/2018\/07\/20180711-53.jpg?resize=700%2C400&ssl=1 2x, https:\/\/i0.wp.com\/www.wallendorff.com\/belogue\/wp-content\/uploads\/2018\/07\/20180711-53.jpg?resize=1050%2C600&ssl=1 3x"},"classes":[]}],"_links":{"self":[{"href":"https:\/\/www.wallendorff.com\/belogue\/wp-json\/wp\/v2\/posts\/987","targetHints":{"allow":["GET"]}}],"collection":[{"href":"https:\/\/www.wallendorff.com\/belogue\/wp-json\/wp\/v2\/posts"}],"about":[{"href":"https:\/\/www.wallendorff.com\/belogue\/wp-json\/wp\/v2\/types\/post"}],"author":[{"embeddable":true,"href":"https:\/\/www.wallendorff.com\/belogue\/wp-json\/wp\/v2\/users\/1"}],"replies":[{"embeddable":true,"href":"https:\/\/www.wallendorff.com\/belogue\/wp-json\/wp\/v2\/comments?post=987"}],"version-history":[{"count":4,"href":"https:\/\/www.wallendorff.com\/belogue\/wp-json\/wp\/v2\/posts\/987\/revisions"}],"predecessor-version":[{"id":14998,"href":"https:\/\/www.wallendorff.com\/belogue\/wp-json\/wp\/v2\/posts\/987\/revisions\/14998"}],"wp:featuredmedia":[{"embeddable":true,"href":"https:\/\/www.wallendorff.com\/belogue\/wp-json\/wp\/v2\/media\/24919"}],"wp:attachment":[{"href":"https:\/\/www.wallendorff.com\/belogue\/wp-json\/wp\/v2\/media?parent=987"}],"wp:term":[{"taxonomy":"category","embeddable":true,"href":"https:\/\/www.wallendorff.com\/belogue\/wp-json\/wp\/v2\/categories?post=987"},{"taxonomy":"post_tag","embeddable":true,"href":"https:\/\/www.wallendorff.com\/belogue\/wp-json\/wp\/v2\/tags?post=987"}],"curies":[{"name":"wp","href":"https:\/\/api.w.org\/{rel}","templated":true}]}}