{"id":9864,"date":"2010-11-28T15:26:23","date_gmt":"2010-11-28T14:26:23","guid":{"rendered":"http:\/\/www.po-l.com\/belogue\/?p=9864"},"modified":"2012-08-07T17:17:35","modified_gmt":"2012-08-07T15:17:35","slug":"du-hall-denomme","status":"publish","type":"post","link":"https:\/\/www.wallendorff.com\/belogue\/2010\/11\/28\/du-hall-denomme\/","title":{"rendered":"Du hall [d\u00e9nomme]."},"content":{"rendered":"\n<div id=\"photo\">\n<p><img decoding=\"async\" src=\"https:\/\/www.wallendorff.com\/belogue\/photo\/2010\/11\/20101128.jpg\" \/><br \/>\n        Galerie Vivienne, Paris, 18 septembre.<\/p>\n<\/p><\/div>\n<p style=\"text-align:right\">[On avait <a href=\"https:\/\/www.wallendorff.com\/belogue\/2010\/03\/15\/helice-in-wonderland\/\">dit<\/a> et <a href=\"https:\/\/www.wallendorff.com\/belogue\/2010\/03\/23\/will-i-follow-you-down-the-line\/\">redit<\/a> et <a href=\"https:\/\/www.wallendorff.com\/belogue\/2010\/06\/11\/seize-chiants-choix-sentent-quatres\/\">reredit<\/a> et <a href=\"https:\/\/www.wallendorff.com\/belogue\/2010\/11\/23\/de-pire-en-spires\/\">rereredit<\/a> que&#8230; bref.]<\/p>\n<div id=\"bandeson\">\n<p><img decoding=\"async\" src=\"https:\/\/www.wallendorff.com\/belogue\/photo\/pochettes\/b\/black_angels_the-phosphene_dream.jpg\" align=\"left\" \/><a href=\"http:\/\/www.theblackangels.com\/\">The Black Angels<\/a> &ndash; <em>Entrance Song<\/em><\/p>\n<\/p><\/div>\n","protected":false},"excerpt":{"rendered":"<p>Galerie Vivienne, Paris, 18 septembre. [On avait dit et redit et reredit et rereredit que&#8230; bref.] The Black Angels &ndash; Entrance Song<\/p>\n","protected":false},"author":1,"featured_media":25977,"comment_status":"open","ping_status":"open","sticky":false,"template":"","format":"standard","meta":{"_acf_changed":false,"ngg_post_thumbnail":0,"jetpack_post_was_ever_published":false,"_jetpack_newsletter_access":"","_jetpack_dont_email_post_to_subs":false,"_jetpack_newsletter_tier_id":0,"_jetpack_memberships_contains_paywalled_content":false,"_jetpack_memberships_contains_paid_content":false,"footnotes":"","jetpack_publicize_message":"","jetpack_publicize_feature_enabled":true,"jetpack_social_post_already_shared":false,"jetpack_social_options":{"image_generator_settings":{"template":"highway","default_image_id":0,"font":"","enabled":false},"version":2}},"categories":[3],"tags":[10251,1438,2615,10500,4465,10210,10120,2680,10121,10684,10098,10416,4554,10638,10674,10349],"class_list":["post-9864","post","type-post","status-publish","format-standard","has-post-thumbnail","hentry","category-dpc","tag-10251","tag-ef-50-mm-f14-usm","tag-eos-5d-mark-ii","tag-contre-plongee","tag-entrance-song","tag-escalier","tag-france","tag-galerie-vivienne","tag-ile-de-france","tag-lustre","tag-paris","tag-passage","tag-phosphene-dream","tag-rampe","tag-spirale","tag-the-black-angels"],"acf":[],"geo":{"latitude":48.8671722,"longitude":2.339463,"description":"58-72 Galerie Vivienne, 75002 Paris, France"},"jetpack_publicize_connections":[],"jetpack_featured_media_url":"https:\/\/www.wallendorff.com\/belogue\/wp-content\/uploads\/2015\/04\/201011281.jpg","jetpack_shortlink":"https:\/\/wp.me\/p3b35P-2z6","jetpack_sharing_enabled":true,"jetpack-related-posts":[{"id":3851,"url":"https:\/\/www.wallendorff.com\/belogue\/2009\/01\/29\/les-bons-cons-te-font-les-bons-ennemis\/","url_meta":{"origin":9864,"position":0},"title":"Les bons cons te font les bons ennemis.","author":"dpc","date":"29 janvier 2009","format":false,"excerpt":"Galerie Vivienne, Paris, 4 janvier. Allez, il fait beau, y a des lapins dans la for\u00eat et de la joie dans l'herbe, alors chantons tous en ch\u0153ur\u00a0: The Mae-Shi \u2013 Divine Harvest","rel":"","context":"Dans &quot;DPC&quot;","block_context":{"text":"DPC","link":"https:\/\/www.wallendorff.com\/belogue\/category\/dpc\/"},"img":{"alt_text":"","src":"https:\/\/i0.wp.com\/www.wallendorff.com\/belogue\/wp-content\/uploads\/2015\/04\/200901291.jpg?resize=350%2C200&ssl=1","width":350,"height":200},"classes":[]},{"id":5839,"url":"https:\/\/www.wallendorff.com\/belogue\/2010\/01\/06\/another-day-you-leave-behind\/","url_meta":{"origin":9864,"position":1},"title":"Another day you leave behind.","author":"dpc","date":"6 janvier 2010","format":false,"excerpt":"Galerie Vivienne, Paris, 11 novembre 2009. \u00a0Black Rebel Motorcycle Club \u2013 Mercy","rel":"","context":"Dans &quot;DPC&quot;","block_context":{"text":"DPC","link":"https:\/\/www.wallendorff.com\/belogue\/category\/dpc\/"},"img":{"alt_text":"","src":"https:\/\/i0.wp.com\/www.wallendorff.com\/belogue\/wp-content\/uploads\/2015\/04\/201001061.jpg?resize=350%2C200&ssl=1","width":350,"height":200,"srcset":"https:\/\/i0.wp.com\/www.wallendorff.com\/belogue\/wp-content\/uploads\/2015\/04\/201001061.jpg?resize=350%2C200&ssl=1 1x, https:\/\/i0.wp.com\/www.wallendorff.com\/belogue\/wp-content\/uploads\/2015\/04\/201001061.jpg?resize=525%2C300&ssl=1 1.5x, https:\/\/i0.wp.com\/www.wallendorff.com\/belogue\/wp-content\/uploads\/2015\/04\/201001061.jpg?resize=700%2C400&ssl=1 2x"},"classes":[]},{"id":4012,"url":"https:\/\/www.wallendorff.com\/belogue\/2009\/03\/12\/les-malles-heurtent-soffites\/","url_meta":{"origin":9864,"position":2},"title":"Les malles heurtent soffites.","author":"dpc","date":"12 mars 2009","format":false,"excerpt":"Galerie Vivienne, Paris, 7 f\u00e9vrier. Introduisant The Dead Weather. Jack White est d\u00e9cid\u00e9ment la seule rockstar qui monte de nouveaux groupes plus souvent qu'il ne chevauche de nouvelles groupies. The Dead Weather \u2013 Hang You from the Heavens","rel":"","context":"Dans &quot;DPC&quot;","block_context":{"text":"DPC","link":"https:\/\/www.wallendorff.com\/belogue\/category\/dpc\/"},"img":{"alt_text":"","src":"https:\/\/i0.wp.com\/www.wallendorff.com\/belogue\/wp-content\/uploads\/2015\/04\/200903122.jpg?resize=350%2C200&ssl=1","width":350,"height":200,"srcset":"https:\/\/i0.wp.com\/www.wallendorff.com\/belogue\/wp-content\/uploads\/2015\/04\/200903122.jpg?resize=350%2C200&ssl=1 1x, https:\/\/i0.wp.com\/www.wallendorff.com\/belogue\/wp-content\/uploads\/2015\/04\/200903122.jpg?resize=525%2C300&ssl=1 1.5x"},"classes":[]},{"id":16343,"url":"https:\/\/www.wallendorff.com\/belogue\/2012\/03\/12\/seul-a-seuil\/","url_meta":{"origin":9864,"position":3},"title":"Seul \u00e0 seuil.","author":"dpc","date":"12 mars 2012","format":false,"excerpt":"Cit\u00e9 Universitaire, Paris, 21 janvier. The Black Angels \u2013 Entrance Song (Raindance version) [youtube]http:\/\/www.youtube.com\/watch?v=DKhyfvPIsoE[\/youtube]","rel":"","context":"Dans &quot;DPC&quot;","block_context":{"text":"DPC","link":"https:\/\/www.wallendorff.com\/belogue\/category\/dpc\/"},"img":{"alt_text":"","src":"https:\/\/i0.wp.com\/www.wallendorff.com\/belogue\/wp-content\/uploads\/2015\/04\/201203121.jpg?resize=350%2C200&ssl=1","width":350,"height":200,"srcset":"https:\/\/i0.wp.com\/www.wallendorff.com\/belogue\/wp-content\/uploads\/2015\/04\/201203121.jpg?resize=350%2C200&ssl=1 1x, https:\/\/i0.wp.com\/www.wallendorff.com\/belogue\/wp-content\/uploads\/2015\/04\/201203121.jpg?resize=525%2C300&ssl=1 1.5x, https:\/\/i0.wp.com\/www.wallendorff.com\/belogue\/wp-content\/uploads\/2015\/04\/201203121.jpg?resize=700%2C400&ssl=1 2x"},"classes":[]},{"id":21647,"url":"https:\/\/www.wallendorff.com\/belogue\/2013\/09\/24\/the-black-angels-le-trianon-paris\/","url_meta":{"origin":9864,"position":4},"title":"The Black Angels @ le Trianon, Paris.","author":"dpc","date":"24 septembre 2013","format":false,"excerpt":"Mission District | Yellow Elevator #2 | Evil Things | Don't Play with Guns | Entrance Song | I Hear Colors (Chrom\u00e6sthesia) | Indigo Meadow | Twisted Light | Black Grease | Haunting at 1300 McKinley | Broken Soldier | Telephone | Young Men Dead | Bad Vibrations | Bloodhounds\u2026","rel":"","context":"Dans &quot;Alive&quot;","block_context":{"text":"Alive","link":"https:\/\/www.wallendorff.com\/belogue\/category\/alive\/"},"img":{"alt_text":"","src":"https:\/\/i0.wp.com\/www.wallendorff.com\/belogue\/wp-content\/uploads\/2015\/04\/201309241.jpg?resize=350%2C200&ssl=1","width":350,"height":200,"srcset":"https:\/\/i0.wp.com\/www.wallendorff.com\/belogue\/wp-content\/uploads\/2015\/04\/201309241.jpg?resize=350%2C200&ssl=1 1x, https:\/\/i0.wp.com\/www.wallendorff.com\/belogue\/wp-content\/uploads\/2015\/04\/201309241.jpg?resize=525%2C300&ssl=1 1.5x, https:\/\/i0.wp.com\/www.wallendorff.com\/belogue\/wp-content\/uploads\/2015\/04\/201309241.jpg?resize=700%2C400&ssl=1 2x"},"classes":[]},{"id":3853,"url":"https:\/\/www.wallendorff.com\/belogue\/2009\/01\/30\/et-des-livraie-nous-dumes-halles\/","url_meta":{"origin":9864,"position":5},"title":"Et d\u00e8s l&rsquo;ivraie nous d\u00fbmes halles.","author":"dpc","date":"30 janvier 2009","format":false,"excerpt":"Galerie V\u00e9ro-Dodat, Paris, 4 janvier. \u00a0CSS \u2013 Jager Yoga Yeah yeah yeah.","rel":"","context":"Dans &quot;DPC&quot;","block_context":{"text":"DPC","link":"https:\/\/www.wallendorff.com\/belogue\/category\/dpc\/"},"img":{"alt_text":"","src":"https:\/\/i0.wp.com\/www.wallendorff.com\/belogue\/wp-content\/uploads\/2015\/04\/200901301.jpg?resize=350%2C200&ssl=1","width":350,"height":200},"classes":[]}],"_links":{"self":[{"href":"https:\/\/www.wallendorff.com\/belogue\/wp-json\/wp\/v2\/posts\/9864","targetHints":{"allow":["GET"]}}],"collection":[{"href":"https:\/\/www.wallendorff.com\/belogue\/wp-json\/wp\/v2\/posts"}],"about":[{"href":"https:\/\/www.wallendorff.com\/belogue\/wp-json\/wp\/v2\/types\/post"}],"author":[{"embeddable":true,"href":"https:\/\/www.wallendorff.com\/belogue\/wp-json\/wp\/v2\/users\/1"}],"replies":[{"embeddable":true,"href":"https:\/\/www.wallendorff.com\/belogue\/wp-json\/wp\/v2\/comments?post=9864"}],"version-history":[{"count":1,"href":"https:\/\/www.wallendorff.com\/belogue\/wp-json\/wp\/v2\/posts\/9864\/revisions"}],"predecessor-version":[{"id":18539,"href":"https:\/\/www.wallendorff.com\/belogue\/wp-json\/wp\/v2\/posts\/9864\/revisions\/18539"}],"wp:featuredmedia":[{"embeddable":true,"href":"https:\/\/www.wallendorff.com\/belogue\/wp-json\/wp\/v2\/media\/25977"}],"wp:attachment":[{"href":"https:\/\/www.wallendorff.com\/belogue\/wp-json\/wp\/v2\/media?parent=9864"}],"wp:term":[{"taxonomy":"category","embeddable":true,"href":"https:\/\/www.wallendorff.com\/belogue\/wp-json\/wp\/v2\/categories?post=9864"},{"taxonomy":"post_tag","embeddable":true,"href":"https:\/\/www.wallendorff.com\/belogue\/wp-json\/wp\/v2\/tags?post=9864"}],"curies":[{"name":"wp","href":"https:\/\/api.w.org\/{rel}","templated":true}]}}