{"id":986,"date":"2007-07-04T13:59:15","date_gmt":"2007-07-04T13:59:15","guid":{"rendered":"http:\/\/www.po-l.com\/wordpress\/?p=986"},"modified":"2011-10-26T10:06:56","modified_gmt":"2011-10-26T08:06:56","slug":"be-eurocks-en-2007-day-1","status":"publish","type":"post","link":"https:\/\/www.wallendorff.com\/belogue\/2007\/07\/04\/be-eurocks-en-2007-day-1\/","title":{"rendered":"Be Eurocks en 2007 &#8211; Day #1."},"content":{"rendered":"\n<div id=\"photo\">\n<p><img decoding=\"async\" src=\"https:\/\/www.wallendorff.com\/belogue\/photo\/2007\/07\/20070704.jpg\"\/>\n<\/div>\n<h1>Juliette &amp; The Licks, Chapiteau, 19h00<\/h1>ngg_shortcode_0_placeholder<h1>Archie Bronson Outfit, la Plage, 19h30<\/h1>ngg_shortcode_1_placeholder<h1>Converge, la Loggia, 20h30<\/p>ngg_shortcode_2_placeholder<h1>Peter von Poehl, la Plage, 21h15<\/h1>ngg_shortcode_3_placeholder<h1>The Young Gods vs D\u00e4lek&nbsp;: Griots &amp; Gods, Chapiteau, 23h15<\/h1>ngg_shortcode_4_placeholder<h1>Le reste<\/h1>ngg_shortcode_5_placeholder<p>&Agrave; part &ccedil;a rien, si ce n&rsquo;est que <a href=\"http:\/\/blythou.livejournal.com\">Blythou<\/a> m&rsquo;a coll&eacute; sur LiveJournal. Le questionnaire est <a href=\"http:\/\/dpc313.livejournal.com\/884.html\">l&agrave;<\/a>.<\/p>\n<div id=\"bandeson\">\n<p><img decoding=\"async\" src=\"https:\/\/www.wallendorff.com\/belogue\/photo\/pochettes\/v\/von_poehl_peter-going_to_where_the_tea_trees_are.jpg\" align=\"left\" \/>&nbsp;<a href=\"http:\/\/www.petervonpoehl.com\">Peter von Poehl<\/a> &ndash; <em>The Story of the Impossible<\/em><\/p>\n<\/p><\/div>\n","protected":false},"excerpt":{"rendered":"<p>Juliette &amp; The Licks, Chapiteau, 19h00 Archie Bronson Outfit, la Plage, 19h30 Converge, la Loggia, 20h30 Peter von Poehl, la Plage, 21h15 The Young Gods vs D\u00e4lek&nbsp;: Griots &amp; Gods, Chapiteau, 23h15 Le reste &Agrave; part &ccedil;a rien, si ce n&rsquo;est que Blythou m&rsquo;a coll&eacute; sur LiveJournal. Le questionnaire est l&agrave;. &nbsp;Peter von Poehl &ndash;&hellip;<\/p>\n","protected":false},"author":1,"featured_media":24918,"comment_status":"open","ping_status":"open","sticky":false,"template":"","format":"standard","meta":{"_acf_changed":false,"ngg_post_thumbnail":0,"jetpack_post_was_ever_published":false,"_jetpack_newsletter_access":"","_jetpack_dont_email_post_to_subs":false,"_jetpack_newsletter_tier_id":0,"_jetpack_memberships_contains_paywalled_content":false,"_jetpack_memberships_contains_paid_content":false,"footnotes":"","jetpack_publicize_message":"","jetpack_publicize_feature_enabled":true,"jetpack_social_post_already_shared":false,"jetpack_social_options":{"image_generator_settings":{"template":"highway","default_image_id":0,"font":"","enabled":false},"version":2}},"categories":[7],"tags":[10134,10084,10427,10110,196,181,132,2050,2052,10109,3349,10136,10120,10296,2049,743,143,10430,10199,10135,1022,10295,10445],"class_list":["post-986","post","type-post","status-publish","format-standard","has-post-thumbnail","hentry","category-alive","tag-10134","tag-alive","tag-archie-bronson-outfit","tag-belfort","tag-ef-28-70-mm-f28l-usm","tag-ef-70-200-mm-f28l-usm","tag-eos-20d","tag-converge","tag-dalek","tag-eurockeennes","tag-eurockeennes-2007","tag-festival","tag-france","tag-franche-comte","tag-juliette-the-licks","tag-juliette-lewis","tag-noir-et-blanc","tag-peter-von-poehl","tag-pieds","tag-public","tag-questionnaire","tag-territoire-de-belfort","tag-the-young-gods"],"acf":[],"geo":{"latitude":47.6851463,"longitude":6.8091631,"description":"Chemin de Cramenuz, 90300 Sermamagny, France"},"jetpack_publicize_connections":[],"jetpack_featured_media_url":"https:\/\/www.wallendorff.com\/belogue\/wp-content\/uploads\/2015\/04\/200707041.jpg","jetpack_shortlink":"https:\/\/wp.me\/p3b35P-fU","jetpack_sharing_enabled":true,"jetpack-related-posts":[{"id":45943,"url":"https:\/\/www.wallendorff.com\/belogue\/2020\/07\/06\/17-ans-deurockeennes-2003-2009\/","url_meta":{"origin":986,"position":0},"title":"17 ans d&rsquo;Eurock\u00e9ennes : 2003 \u2013 2009","author":"dpc","date":"6 juillet 2020","format":false,"excerpt":"Bon j'ai plut\u00f4t 19 ans d'Eurock\u00e9ennes au compteur puisque j'ai \u00e9galement assist\u00e9 \u00e0 l'\u00e9dition 2001, mais depuis le public. Enfin on va pas chipoter. Puisque nous en sommes priv\u00e9s cette ann\u00e9e, je vous remets des archives des 12 \u00e9ditions que j'ai photographi\u00e9es pour nous rappeler le bon temps des festivals\u2026","rel":"","context":"Dans &quot;Alive&quot;","block_context":{"text":"Alive","link":"https:\/\/www.wallendorff.com\/belogue\/category\/alive\/"},"img":{"alt_text":"","src":"https:\/\/i0.wp.com\/www.wallendorff.com\/belogue\/wp-content\/uploads\/2020\/07\/20200706-42.jpg?resize=350%2C200&ssl=1","width":350,"height":200,"srcset":"https:\/\/i0.wp.com\/www.wallendorff.com\/belogue\/wp-content\/uploads\/2020\/07\/20200706-42.jpg?resize=350%2C200&ssl=1 1x, https:\/\/i0.wp.com\/www.wallendorff.com\/belogue\/wp-content\/uploads\/2020\/07\/20200706-42.jpg?resize=525%2C300&ssl=1 1.5x, https:\/\/i0.wp.com\/www.wallendorff.com\/belogue\/wp-content\/uploads\/2020\/07\/20200706-42.jpg?resize=700%2C400&ssl=1 2x, https:\/\/i0.wp.com\/www.wallendorff.com\/belogue\/wp-content\/uploads\/2020\/07\/20200706-42.jpg?resize=1050%2C600&ssl=1 3x"},"classes":[]},{"id":42413,"url":"https:\/\/www.wallendorff.com\/belogue\/2019\/07\/07\/les-eurockeennes-2019-belfort-jour-3\/","url_meta":{"origin":986,"position":1},"title":"Les Eurock\u00e9ennes 2019, Belfort, jour 3.","author":"dpc","date":"7 juillet 2019","format":false,"excerpt":"","rel":"","context":"Dans &quot;Alive&quot;","block_context":{"text":"Alive","link":"https:\/\/www.wallendorff.com\/belogue\/category\/alive\/"},"img":{"alt_text":"","src":"https:\/\/i0.wp.com\/www.wallendorff.com\/belogue\/wp-content\/uploads\/2019\/07\/20190707-81.jpg?resize=350%2C200&ssl=1","width":350,"height":200,"srcset":"https:\/\/i0.wp.com\/www.wallendorff.com\/belogue\/wp-content\/uploads\/2019\/07\/20190707-81.jpg?resize=350%2C200&ssl=1 1x, https:\/\/i0.wp.com\/www.wallendorff.com\/belogue\/wp-content\/uploads\/2019\/07\/20190707-81.jpg?resize=525%2C300&ssl=1 1.5x, https:\/\/i0.wp.com\/www.wallendorff.com\/belogue\/wp-content\/uploads\/2019\/07\/20190707-81.jpg?resize=700%2C400&ssl=1 2x, https:\/\/i0.wp.com\/www.wallendorff.com\/belogue\/wp-content\/uploads\/2019\/07\/20190707-81.jpg?resize=1050%2C600&ssl=1 3x"},"classes":[]},{"id":42511,"url":"https:\/\/www.wallendorff.com\/belogue\/2019\/07\/08\/les-eurockeennes-2019-belfort-jour-4\/","url_meta":{"origin":986,"position":2},"title":"Les Eurock\u00e9ennes 2019, Belfort, jour 4.","author":"dpc","date":"8 juillet 2019","format":false,"excerpt":"","rel":"","context":"Dans &quot;Alive&quot;","block_context":{"text":"Alive","link":"https:\/\/www.wallendorff.com\/belogue\/category\/alive\/"},"img":{"alt_text":"","src":"https:\/\/i0.wp.com\/www.wallendorff.com\/belogue\/wp-content\/uploads\/2019\/07\/20190708-08.jpg?resize=350%2C200&ssl=1","width":350,"height":200,"srcset":"https:\/\/i0.wp.com\/www.wallendorff.com\/belogue\/wp-content\/uploads\/2019\/07\/20190708-08.jpg?resize=350%2C200&ssl=1 1x, https:\/\/i0.wp.com\/www.wallendorff.com\/belogue\/wp-content\/uploads\/2019\/07\/20190708-08.jpg?resize=525%2C300&ssl=1 1.5x, https:\/\/i0.wp.com\/www.wallendorff.com\/belogue\/wp-content\/uploads\/2019\/07\/20190708-08.jpg?resize=700%2C400&ssl=1 2x, https:\/\/i0.wp.com\/www.wallendorff.com\/belogue\/wp-content\/uploads\/2019\/07\/20190708-08.jpg?resize=1050%2C600&ssl=1 3x"},"classes":[]},{"id":989,"url":"https:\/\/www.wallendorff.com\/belogue\/2007\/07\/09\/be-eurocks-en-2007-day-3\/","url_meta":{"origin":986,"position":3},"title":"Be Eurocks en 2007 &#8211; Day #3.","author":"dpc","date":"9 juillet 2007","format":false,"excerpt":"Stuck in the Sound, la Plage, 15h30 TV on the Radio, Chapiteau, 18h00. Pelican, la Plage, 18h30. The Good the Bad and the Queen, Grande Sc\u00e8ne, 19h00. Arcade Fire, Grande Sc\u00e8ne, 23h30. Le reste Aujourd'hui pas de bande-son mais juste un souvenir \u00e0 voir et revoir\u00a0: Entame du final des\u2026","rel":"","context":"Dans &quot;Alive&quot;","block_context":{"text":"Alive","link":"https:\/\/www.wallendorff.com\/belogue\/category\/alive\/"},"img":{"alt_text":"","src":"https:\/\/i0.wp.com\/www.wallendorff.com\/belogue\/wp-content\/uploads\/2015\/04\/200707101.jpg?resize=350%2C200&ssl=1","width":350,"height":200,"srcset":"https:\/\/i0.wp.com\/www.wallendorff.com\/belogue\/wp-content\/uploads\/2015\/04\/200707101.jpg?resize=350%2C200&ssl=1 1x, https:\/\/i0.wp.com\/www.wallendorff.com\/belogue\/wp-content\/uploads\/2015\/04\/200707101.jpg?resize=525%2C300&ssl=1 1.5x, https:\/\/i0.wp.com\/www.wallendorff.com\/belogue\/wp-content\/uploads\/2015\/04\/200707101.jpg?resize=700%2C400&ssl=1 2x"},"classes":[]},{"id":791,"url":"https:\/\/www.wallendorff.com\/belogue\/2006\/09\/20\/plus-44-le-trabendo-paris\/","url_meta":{"origin":986,"position":4},"title":"Plus 44 @ le Trabendo, Paris.","author":"dpc","date":"20 septembre 2006","format":false,"excerpt":"Plus 44\u00a0: 1 \u2013 Angels & Airwaves\u00a0: 0. [D'un autre c\u00f4t\u00e9 c'\u00e9tait pas trop dur de faire mieux, aussi.] \u00a0Juliette & the Licks\u00a0\u2015 Hot Kiss","rel":"","context":"Dans &quot;Alive&quot;","block_context":{"text":"Alive","link":"https:\/\/www.wallendorff.com\/belogue\/category\/alive\/"},"img":{"alt_text":"","src":"https:\/\/i0.wp.com\/www.wallendorff.com\/belogue\/wp-content\/uploads\/2015\/04\/200609201.jpg?resize=350%2C200&ssl=1","width":350,"height":200},"classes":[]},{"id":42321,"url":"https:\/\/www.wallendorff.com\/belogue\/2019\/07\/06\/les-eurockeennes-de-belfort-2019-jour-2\/","url_meta":{"origin":986,"position":5},"title":"Les Eurock\u00e9ennes de Belfort 2019, jour 2.","author":"dpc","date":"6 juillet 2019","format":false,"excerpt":"","rel":"","context":"Dans &quot;Alive&quot;","block_context":{"text":"Alive","link":"https:\/\/www.wallendorff.com\/belogue\/category\/alive\/"},"img":{"alt_text":"","src":"https:\/\/i0.wp.com\/www.wallendorff.com\/belogue\/wp-content\/uploads\/2019\/07\/20190706-35.jpg?resize=350%2C200&ssl=1","width":350,"height":200,"srcset":"https:\/\/i0.wp.com\/www.wallendorff.com\/belogue\/wp-content\/uploads\/2019\/07\/20190706-35.jpg?resize=350%2C200&ssl=1 1x, https:\/\/i0.wp.com\/www.wallendorff.com\/belogue\/wp-content\/uploads\/2019\/07\/20190706-35.jpg?resize=525%2C300&ssl=1 1.5x, https:\/\/i0.wp.com\/www.wallendorff.com\/belogue\/wp-content\/uploads\/2019\/07\/20190706-35.jpg?resize=700%2C400&ssl=1 2x, https:\/\/i0.wp.com\/www.wallendorff.com\/belogue\/wp-content\/uploads\/2019\/07\/20190706-35.jpg?resize=1050%2C600&ssl=1 3x"},"classes":[]}],"_links":{"self":[{"href":"https:\/\/www.wallendorff.com\/belogue\/wp-json\/wp\/v2\/posts\/986","targetHints":{"allow":["GET"]}}],"collection":[{"href":"https:\/\/www.wallendorff.com\/belogue\/wp-json\/wp\/v2\/posts"}],"about":[{"href":"https:\/\/www.wallendorff.com\/belogue\/wp-json\/wp\/v2\/types\/post"}],"author":[{"embeddable":true,"href":"https:\/\/www.wallendorff.com\/belogue\/wp-json\/wp\/v2\/users\/1"}],"replies":[{"embeddable":true,"href":"https:\/\/www.wallendorff.com\/belogue\/wp-json\/wp\/v2\/comments?post=986"}],"version-history":[{"count":5,"href":"https:\/\/www.wallendorff.com\/belogue\/wp-json\/wp\/v2\/posts\/986\/revisions"}],"predecessor-version":[{"id":14050,"href":"https:\/\/www.wallendorff.com\/belogue\/wp-json\/wp\/v2\/posts\/986\/revisions\/14050"}],"wp:featuredmedia":[{"embeddable":true,"href":"https:\/\/www.wallendorff.com\/belogue\/wp-json\/wp\/v2\/media\/24918"}],"wp:attachment":[{"href":"https:\/\/www.wallendorff.com\/belogue\/wp-json\/wp\/v2\/media?parent=986"}],"wp:term":[{"taxonomy":"category","embeddable":true,"href":"https:\/\/www.wallendorff.com\/belogue\/wp-json\/wp\/v2\/categories?post=986"},{"taxonomy":"post_tag","embeddable":true,"href":"https:\/\/www.wallendorff.com\/belogue\/wp-json\/wp\/v2\/tags?post=986"}],"curies":[{"name":"wp","href":"https:\/\/api.w.org\/{rel}","templated":true}]}}