{"id":985,"date":"2007-07-03T02:10:59","date_gmt":"2007-07-03T02:10:59","guid":{"rendered":"http:\/\/www.po-l.com\/wordpress\/?p=985"},"modified":"2018-05-23T08:20:19","modified_gmt":"2018-05-23T06:20:19","slug":"alive-and-well","status":"publish","type":"post","link":"https:\/\/www.wallendorff.com\/belogue\/2007\/07\/03\/alive-and-well\/","title":{"rendered":"Alive and well."},"content":{"rendered":"\n<div id=\"photo\">\n<p><img decoding=\"async\" src=\"https:\/\/www.wallendorff.com\/belogue\/photo\/2007\/07\/20070703.jpg\"\/><br \/>\n          Belfort, 1<sup>er<\/sup> juillet.<\/p>\n<\/p><\/div>\n<p style=\"text-align:right\">La suite viendra. Vite.<\/p>\n<p>\/Edit&nbsp;: Waw, la 1&nbsp;000<sup>e<\/sup> note. Let&rsquo;s celebrate.<\/p>\n<div id=\"bandeson\">\n<p><img decoding=\"async\" src=\"https:\/\/www.wallendorff.com\/belogue\/photo\/pochettes\/r\/radiohead-i_might_be_wrong_live_recordings.jpg\" align=\"left\" \/>&nbsp;<a href=\"http:\/\/www.radiohead.com\/\">Radiohead<\/a> &ndash; <em>I Might Be Wrong<\/em> (live)<\/p>\n<\/p><\/div>\n","protected":false},"excerpt":{"rendered":"<p>Belfort, 1er juillet. La suite viendra. Vite. \/Edit&nbsp;: Waw, la 1&nbsp;000e note. Let&rsquo;s celebrate. &nbsp;Radiohead &ndash; I Might Be Wrong (live)<\/p>\n","protected":false},"author":1,"featured_media":24917,"comment_status":"open","ping_status":"open","sticky":false,"template":"","format":"standard","meta":{"_acf_changed":false,"ngg_post_thumbnail":0,"jetpack_post_was_ever_published":false,"_jetpack_newsletter_access":"","_jetpack_dont_email_post_to_subs":false,"_jetpack_newsletter_tier_id":0,"_jetpack_memberships_contains_paywalled_content":false,"_jetpack_memberships_contains_paid_content":false,"footnotes":"","jetpack_publicize_message":"","jetpack_publicize_feature_enabled":true,"jetpack_social_post_already_shared":false,"jetpack_social_options":{"image_generator_settings":{"template":"highway","default_image_id":0,"font":"","enabled":false},"version":2}},"categories":[3],"tags":[10134,10084,10263,10110,196,187,10109,3349,10136,10120,10296,253,143,10147,10135,128,10295],"class_list":["post-985","post","type-post","status-publish","format-standard","has-post-thumbnail","hentry","category-dpc","tag-10134","tag-alive","tag-arcade-fire","tag-belfort","tag-ef-28-70-mm-f28l-usm","tag-eos-1d-mark-ii","tag-eurockeennes","tag-eurockeennes-2007","tag-festival","tag-france","tag-franche-comte","tag-i-might-be-wrong","tag-noir-et-blanc","tag-nuit","tag-public","tag-radiohead","tag-territoire-de-belfort"],"acf":[],"geo":{"latitude":47.687088,"longitude":6.8065882,"description":"Chemin de Cramenuz, 90300 Sermamagny, France"},"jetpack_publicize_connections":[],"jetpack_featured_media_url":"https:\/\/www.wallendorff.com\/belogue\/wp-content\/uploads\/2015\/04\/200707031.jpg","jetpack_shortlink":"https:\/\/wp.me\/p3b35P-fT","jetpack_sharing_enabled":true,"jetpack-related-posts":[{"id":125131,"url":"https:\/\/www.wallendorff.com\/belogue\/2023\/07\/03\/les-eurockeennes-2023-belfort-jour-4\/","url_meta":{"origin":985,"position":0},"title":"Les Eurock\u00e9ennes 2023, Belfort, jour 4.","author":"dpc","date":"3 juillet 2023","format":false,"excerpt":"1 sc\u00e8ne + 3 groupes dont 1 t\u00eate d'affiche qui limite les photographes et qui bloque l'acc\u00e8s au front de sc\u00e8ne = une maigre galerie. Chef and the Gang @ les Eurock\u00e9ennes, Belfort, 02\/07\/2023 Les Eurock\u00e9ennes, Belfort, 02\/07\/2023 Chef and the Gang @ les Eurock\u00e9ennes, Belfort, 02\/07\/2023 Les Eurock\u00e9ennes, Belfort,\u2026","rel":"","context":"Dans &quot;Alive&quot;","block_context":{"text":"Alive","link":"https:\/\/www.wallendorff.com\/belogue\/category\/alive\/"},"img":{"alt_text":"","src":"https:\/\/i0.wp.com\/www.wallendorff.com\/belogue\/wp-content\/uploads\/2023\/07\/20230703-07.jpg?resize=350%2C200&ssl=1","width":350,"height":200,"srcset":"https:\/\/i0.wp.com\/www.wallendorff.com\/belogue\/wp-content\/uploads\/2023\/07\/20230703-07.jpg?resize=350%2C200&ssl=1 1x, https:\/\/i0.wp.com\/www.wallendorff.com\/belogue\/wp-content\/uploads\/2023\/07\/20230703-07.jpg?resize=525%2C300&ssl=1 1.5x, https:\/\/i0.wp.com\/www.wallendorff.com\/belogue\/wp-content\/uploads\/2023\/07\/20230703-07.jpg?resize=700%2C400&ssl=1 2x, https:\/\/i0.wp.com\/www.wallendorff.com\/belogue\/wp-content\/uploads\/2023\/07\/20230703-07.jpg?resize=1050%2C600&ssl=1 3x"},"classes":[]},{"id":124968,"url":"https:\/\/www.wallendorff.com\/belogue\/2023\/07\/01\/les-eurockeennes-2023-belfort-jour-2\/","url_meta":{"origin":985,"position":1},"title":"Les Eurock\u00e9ennes 2023, Belfort, jour 2.","author":"dpc","date":"1 juillet 2023","format":false,"excerpt":"Les Eurock\u00e9ennes, Belfort, 30\/06\/2023 Les Eurock\u00e9ennes, Belfort, 30\/06\/2023 Les Eurock\u00e9ennes, Belfort, 30\/06\/2023 Yard Act @ les Eurock\u00e9ennes, Belfort, 30\/06\/2023 Yard Act @ les Eurock\u00e9ennes, Belfort, 30\/06\/2023 Yard Act @ les Eurock\u00e9ennes, Belfort, 30\/06\/2023 Les Eurock\u00e9ennes, Belfort, 30\/06\/2023 Yard Act @ les Eurock\u00e9ennes, Belfort, 30\/06\/2023 Yard Act @ les Eurock\u00e9ennes, Belfort,\u2026","rel":"","context":"Dans &quot;Alive&quot;","block_context":{"text":"Alive","link":"https:\/\/www.wallendorff.com\/belogue\/category\/alive\/"},"img":{"alt_text":"","src":"https:\/\/i0.wp.com\/www.wallendorff.com\/belogue\/wp-content\/uploads\/2023\/07\/20230701-74.jpg?resize=350%2C200&ssl=1","width":350,"height":200,"srcset":"https:\/\/i0.wp.com\/www.wallendorff.com\/belogue\/wp-content\/uploads\/2023\/07\/20230701-74.jpg?resize=350%2C200&ssl=1 1x, https:\/\/i0.wp.com\/www.wallendorff.com\/belogue\/wp-content\/uploads\/2023\/07\/20230701-74.jpg?resize=525%2C300&ssl=1 1.5x, https:\/\/i0.wp.com\/www.wallendorff.com\/belogue\/wp-content\/uploads\/2023\/07\/20230701-74.jpg?resize=700%2C400&ssl=1 2x, https:\/\/i0.wp.com\/www.wallendorff.com\/belogue\/wp-content\/uploads\/2023\/07\/20230701-74.jpg?resize=1050%2C600&ssl=1 3x"},"classes":[]},{"id":132705,"url":"https:\/\/www.wallendorff.com\/belogue\/2025\/07\/07\/les-eurockeennes-2025-belfort-jour-4\/","url_meta":{"origin":985,"position":2},"title":"Les Eurock\u00e9ennes 2025, Belfort, jour 4.","author":"dpc","date":"7 juillet 2025","format":false,"excerpt":"Les Eurock\u00e9ennes, Belfort, 06\/07\/2024 Molotovs @ les Eurock\u00e9ennes, Belfort, 06\/07\/2025 Molotovs @ les Eurock\u00e9ennes, Belfort, 06\/07\/2025 Molotovs @ les Eurock\u00e9ennes, Belfort, 06\/07\/2025 Molotovs @ les Eurock\u00e9ennes, Belfort, 06\/07\/2025 Molotovs @ les Eurock\u00e9ennes, Belfort, 06\/07\/2025 Molotovs @ les Eurock\u00e9ennes, Belfort, 06\/07\/2025 Molotovs @ les Eurock\u00e9ennes, Belfort, 06\/07\/2025 Molotovs @ les Eurock\u00e9ennes,\u2026","rel":"","context":"Dans &quot;Alive&quot;","block_context":{"text":"Alive","link":"https:\/\/www.wallendorff.com\/belogue\/category\/alive\/"},"img":{"alt_text":"","src":"https:\/\/i0.wp.com\/www.wallendorff.com\/belogue\/wp-content\/uploads\/2025\/07\/20250707-08.jpg?resize=350%2C200&ssl=1","width":350,"height":200,"srcset":"https:\/\/i0.wp.com\/www.wallendorff.com\/belogue\/wp-content\/uploads\/2025\/07\/20250707-08.jpg?resize=350%2C200&ssl=1 1x, https:\/\/i0.wp.com\/www.wallendorff.com\/belogue\/wp-content\/uploads\/2025\/07\/20250707-08.jpg?resize=525%2C300&ssl=1 1.5x, https:\/\/i0.wp.com\/www.wallendorff.com\/belogue\/wp-content\/uploads\/2025\/07\/20250707-08.jpg?resize=700%2C400&ssl=1 2x, https:\/\/i0.wp.com\/www.wallendorff.com\/belogue\/wp-content\/uploads\/2025\/07\/20250707-08.jpg?resize=1050%2C600&ssl=1 3x"},"classes":[]},{"id":124880,"url":"https:\/\/www.wallendorff.com\/belogue\/2023\/06\/30\/les-eurockeennes-2023-belfort-jour-1\/","url_meta":{"origin":985,"position":3},"title":"Les Eurock\u00e9ennes 2023, Belfort, jour 1.","author":"dpc","date":"30 juin 2023","format":false,"excerpt":"Ad\u00e9 @ les Eurock\u00e9ennes, Belfort, 29\/06\/2023 Les Eurock\u00e9ennes, Belfort, 29\/06\/2023 Ad\u00e9 @ les Eurock\u00e9ennes, Belfort, 29\/06\/2023 Ad\u00e9 @ les Eurock\u00e9ennes, Belfort, 29\/06\/2023 Ad\u00e9 @ les Eurock\u00e9ennes, Belfort, 29\/06\/2023 Ad\u00e9 @ les Eurock\u00e9ennes, Belfort, 29\/06\/2023 Ad\u00e9 @ les Eurock\u00e9ennes, Belfort, 29\/06\/2023 Les Eurock\u00e9ennes, Belfort, 29\/06\/2023 Les Eurock\u00e9ennes, Belfort, 29\/06\/2023 Les Eurock\u00e9ennes,\u2026","rel":"","context":"Dans &quot;Alive&quot;","block_context":{"text":"Alive","link":"https:\/\/www.wallendorff.com\/belogue\/category\/alive\/"},"img":{"alt_text":"","src":"https:\/\/i0.wp.com\/www.wallendorff.com\/belogue\/wp-content\/uploads\/2023\/06\/20230630-50.jpg?resize=350%2C200&ssl=1","width":350,"height":200,"srcset":"https:\/\/i0.wp.com\/www.wallendorff.com\/belogue\/wp-content\/uploads\/2023\/06\/20230630-50.jpg?resize=350%2C200&ssl=1 1x, https:\/\/i0.wp.com\/www.wallendorff.com\/belogue\/wp-content\/uploads\/2023\/06\/20230630-50.jpg?resize=525%2C300&ssl=1 1.5x, https:\/\/i0.wp.com\/www.wallendorff.com\/belogue\/wp-content\/uploads\/2023\/06\/20230630-50.jpg?resize=700%2C400&ssl=1 2x, https:\/\/i0.wp.com\/www.wallendorff.com\/belogue\/wp-content\/uploads\/2023\/06\/20230630-50.jpg?resize=1050%2C600&ssl=1 3x"},"classes":[]},{"id":125054,"url":"https:\/\/www.wallendorff.com\/belogue\/2023\/07\/02\/les-eurockeennes-2023-belfort-jour-3\/","url_meta":{"origin":985,"position":4},"title":"Les Eurock\u00e9ennes 2023, Belfort, jour 3.","author":"dpc","date":"2 juillet 2023","format":false,"excerpt":"Larkin Poe @ les Eurock\u00e9ennes, Belfort, 01\/07\/2023 Larkin Poe @ les Eurock\u00e9ennes, Belfort, 01\/07\/2023 Larkin Poe @ les Eurock\u00e9ennes, Belfort, 01\/07\/2023 Les Eurock\u00e9ennes, Belfort, 01\/07\/2023 Larkin Poe @ les Eurock\u00e9ennes, Belfort, 01\/07\/2023 Les Eurock\u00e9ennes, Belfort, 01\/07\/2023 Larkin Poe @ les Eurock\u00e9ennes, Belfort, 01\/07\/2023 Larkin Poe @ les Eurock\u00e9ennes, Belfort, 01\/07\/2023\u2026","rel":"","context":"Dans &quot;Alive&quot;","block_context":{"text":"Alive","link":"https:\/\/www.wallendorff.com\/belogue\/category\/alive\/"},"img":{"alt_text":"","src":"https:\/\/i0.wp.com\/www.wallendorff.com\/belogue\/wp-content\/uploads\/2023\/07\/20230702-56.jpg?resize=350%2C200&ssl=1","width":350,"height":200,"srcset":"https:\/\/i0.wp.com\/www.wallendorff.com\/belogue\/wp-content\/uploads\/2023\/07\/20230702-56.jpg?resize=350%2C200&ssl=1 1x, https:\/\/i0.wp.com\/www.wallendorff.com\/belogue\/wp-content\/uploads\/2023\/07\/20230702-56.jpg?resize=525%2C300&ssl=1 1.5x, https:\/\/i0.wp.com\/www.wallendorff.com\/belogue\/wp-content\/uploads\/2023\/07\/20230702-56.jpg?resize=700%2C400&ssl=1 2x, https:\/\/i0.wp.com\/www.wallendorff.com\/belogue\/wp-content\/uploads\/2023\/07\/20230702-56.jpg?resize=1050%2C600&ssl=1 3x"},"classes":[]},{"id":128953,"url":"https:\/\/www.wallendorff.com\/belogue\/2024\/07\/05\/les-eurockeennes-2024-belfort-jour-1\/","url_meta":{"origin":985,"position":5},"title":"Les Eurock\u00e9ennes 2024, Belfort, jour 1.","author":"dpc","date":"5 juillet 2024","format":false,"excerpt":"Les Eurock\u00e9ennes, Belfort, 04\/07\/2024 Oumou Sangar\u00e9 @ les Eurock\u00e9ennes, Belfort, 04\/07\/2024 Les Eurock\u00e9ennes, Belfort, 04\/07\/2024 Oumou Sangar\u00e9 @ les Eurock\u00e9ennes, Belfort, 04\/07\/2024 Les Eurock\u00e9ennes, Belfort, 04\/07\/2024 Oumou Sangar\u00e9 @ les Eurock\u00e9ennes, Belfort, 04\/07\/2024 Les Eurock\u00e9ennes, Belfort, 04\/07\/2024 Oumou Sangar\u00e9 @ les Eurock\u00e9ennes, Belfort, 04\/07\/2024 Oumou Sangar\u00e9 @ les Eurock\u00e9ennes, Belfort,\u2026","rel":"","context":"Dans &quot;Alive&quot;","block_context":{"text":"Alive","link":"https:\/\/www.wallendorff.com\/belogue\/category\/alive\/"},"img":{"alt_text":"","src":"https:\/\/i0.wp.com\/www.wallendorff.com\/belogue\/wp-content\/uploads\/2024\/07\/20240705-32.jpg?resize=350%2C200&ssl=1","width":350,"height":200,"srcset":"https:\/\/i0.wp.com\/www.wallendorff.com\/belogue\/wp-content\/uploads\/2024\/07\/20240705-32.jpg?resize=350%2C200&ssl=1 1x, https:\/\/i0.wp.com\/www.wallendorff.com\/belogue\/wp-content\/uploads\/2024\/07\/20240705-32.jpg?resize=525%2C300&ssl=1 1.5x, https:\/\/i0.wp.com\/www.wallendorff.com\/belogue\/wp-content\/uploads\/2024\/07\/20240705-32.jpg?resize=700%2C400&ssl=1 2x, https:\/\/i0.wp.com\/www.wallendorff.com\/belogue\/wp-content\/uploads\/2024\/07\/20240705-32.jpg?resize=1050%2C600&ssl=1 3x"},"classes":[]}],"_links":{"self":[{"href":"https:\/\/www.wallendorff.com\/belogue\/wp-json\/wp\/v2\/posts\/985","targetHints":{"allow":["GET"]}}],"collection":[{"href":"https:\/\/www.wallendorff.com\/belogue\/wp-json\/wp\/v2\/posts"}],"about":[{"href":"https:\/\/www.wallendorff.com\/belogue\/wp-json\/wp\/v2\/types\/post"}],"author":[{"embeddable":true,"href":"https:\/\/www.wallendorff.com\/belogue\/wp-json\/wp\/v2\/users\/1"}],"replies":[{"embeddable":true,"href":"https:\/\/www.wallendorff.com\/belogue\/wp-json\/wp\/v2\/comments?post=985"}],"version-history":[{"count":2,"href":"https:\/\/www.wallendorff.com\/belogue\/wp-json\/wp\/v2\/posts\/985\/revisions"}],"predecessor-version":[{"id":35261,"href":"https:\/\/www.wallendorff.com\/belogue\/wp-json\/wp\/v2\/posts\/985\/revisions\/35261"}],"wp:featuredmedia":[{"embeddable":true,"href":"https:\/\/www.wallendorff.com\/belogue\/wp-json\/wp\/v2\/media\/24917"}],"wp:attachment":[{"href":"https:\/\/www.wallendorff.com\/belogue\/wp-json\/wp\/v2\/media?parent=985"}],"wp:term":[{"taxonomy":"category","embeddable":true,"href":"https:\/\/www.wallendorff.com\/belogue\/wp-json\/wp\/v2\/categories?post=985"},{"taxonomy":"post_tag","embeddable":true,"href":"https:\/\/www.wallendorff.com\/belogue\/wp-json\/wp\/v2\/tags?post=985"}],"curies":[{"name":"wp","href":"https:\/\/api.w.org\/{rel}","templated":true}]}}