{"id":9845,"date":"2010-11-25T10:16:13","date_gmt":"2010-11-25T09:16:13","guid":{"rendered":"http:\/\/www.po-l.com\/belogue\/?p=9845"},"modified":"2012-03-02T14:50:34","modified_gmt":"2012-03-02T12:50:34","slug":"inspecteur-des-briques","status":"publish","type":"post","link":"https:\/\/www.wallendorff.com\/belogue\/2010\/11\/25\/inspecteur-des-briques\/","title":{"rendered":"Inspecteur des briques."},"content":{"rendered":"\n<div id=\"photo\">\n<p><img decoding=\"async\" src=\"https:\/\/www.wallendorff.com\/belogue\/photo\/2010\/11\/20101125.jpg\" \/><br \/>\nH&ocirc;tel de Beauvais, Paris, 18 septembre.<\/p>\n<\/p><\/div>\n<div id=\"bandeson\">\n<p><img decoding=\"async\" src=\"https:\/\/www.wallendorff.com\/belogue\/photo\/pochettes\/c\/crystal_castles-not_in_love.jpg\" align=\"left\" \/><a href=\"http:\/\/crystalcastles.com\/\">Crystal Castles<\/a> &ndash; <em>Not in Love<\/em> (feat. Robert Smith)<\/p>\n<\/p><\/div>\n","protected":false},"excerpt":{"rendered":"<p>H&ocirc;tel de Beauvais, Paris, 18 septembre. Crystal Castles &ndash; Not in Love (feat. Robert Smith)<\/p>\n","protected":false},"author":1,"featured_media":25975,"comment_status":"open","ping_status":"open","sticky":false,"template":"","format":"standard","meta":{"_acf_changed":false,"ngg_post_thumbnail":0,"jetpack_post_was_ever_published":false,"_jetpack_newsletter_access":"","_jetpack_dont_email_post_to_subs":false,"_jetpack_newsletter_tier_id":0,"_jetpack_memberships_contains_paywalled_content":false,"_jetpack_memberships_contains_paid_content":false,"footnotes":"","jetpack_publicize_message":"","jetpack_publicize_feature_enabled":true,"jetpack_social_post_already_shared":false,"jetpack_social_options":{"image_generator_settings":{"template":"highway","default_image_id":0,"font":"","enabled":false},"version":2}},"categories":[3],"tags":[10277,10829,2571,2615,10620,4460,10307,10120,4449,10828,10121,4461,10098,362,4450],"class_list":["post-9845","post","type-post","status-publish","format-standard","has-post-thumbnail","hentry","category-dpc","tag-10277","tag-balcon","tag-ef-16-35-mm-f28l-ii-usm","tag-eos-5d-mark-ii","tag-cour","tag-crystal-castles","tag-fenetre","tag-france","tag-hotel-de-beauvais","tag-hotel-particulier","tag-ile-de-france","tag-not-in-love","tag-paris","tag-robert-smith","tag-rue-francois-miron"],"acf":[],"geo":{"latitude":48.8552742,"longitude":2.3583541,"description":"68 Rue Fran\u00e7ois Miron, 75004 Paris, France"},"jetpack_publicize_connections":[],"jetpack_featured_media_url":"https:\/\/www.wallendorff.com\/belogue\/wp-content\/uploads\/2015\/04\/201011251.jpg","jetpack_shortlink":"https:\/\/wp.me\/p3b35P-2yN","jetpack_sharing_enabled":true,"jetpack-related-posts":[{"id":16191,"url":"https:\/\/www.wallendorff.com\/belogue\/2012\/03\/02\/jeus-que-pale-la-nuque\/","url_meta":{"origin":9845,"position":0},"title":"J&rsquo;eus que p\u00e2le la nuque.","author":"dpc","date":"2 mars 2012","format":false,"excerpt":"H\u00f4tel de Beauvais, Paris, 21 janvier. The Big Sleep \u2013 Ace [youtube]http:\/\/www.youtube.com\/watch?v=WxHcgv98aJY[\/youtube]","rel":"","context":"Dans &quot;DPC&quot;","block_context":{"text":"DPC","link":"https:\/\/www.wallendorff.com\/belogue\/category\/dpc\/"},"img":{"alt_text":"","src":"https:\/\/i0.wp.com\/www.wallendorff.com\/belogue\/wp-content\/uploads\/2015\/04\/201203021.jpg?resize=350%2C200&ssl=1","width":350,"height":200},"classes":[]},{"id":9857,"url":"https:\/\/www.wallendorff.com\/belogue\/2010\/11\/26\/carreaux-lignent-du-nord\/","url_meta":{"origin":9845,"position":1},"title":"Carreaux lignent [du nord].","author":"dpc","date":"26 novembre 2010","format":false,"excerpt":"H\u00f4tel de Beauvais, Paris, 18 septembre. Et souvent, les gens se retournent en entendant le d\u00e9clenchement, me voient et s'\u00e9cartent presque en s'excusant d'avoir squatt\u00e9 le cadre, alors que c'est plut\u00f4t \u00e0 moi de dire merci. Woodpigeon \u2013 A Slight Return Home","rel":"","context":"Dans &quot;DPC&quot;","block_context":{"text":"DPC","link":"https:\/\/www.wallendorff.com\/belogue\/category\/dpc\/"},"img":{"alt_text":"","src":"https:\/\/i0.wp.com\/www.wallendorff.com\/belogue\/wp-content\/uploads\/2015\/04\/201011261.jpg?resize=350%2C200&ssl=1","width":350,"height":200},"classes":[]},{"id":9832,"url":"https:\/\/www.wallendorff.com\/belogue\/2010\/11\/23\/de-pire-en-spires\/","url_meta":{"origin":9845,"position":2},"title":"De pire [en spires].","author":"dpc","date":"23 novembre 2010","format":false,"excerpt":"H\u00f4tel de Beauvais, Paris, 18 septembre. [On avait dit et redit et reredit qu'il fallait que j'arr\u00eate avec les escaliers vides.] [On avait dit et redit et reredit qu'il fallait que j'arr\u00eate avec les escaliers vides.] [On avait dit et redit et reredit qu'il fallait que j'arr\u00eate avec les escaliers\u2026","rel":"","context":"Dans &quot;DPC&quot;","block_context":{"text":"DPC","link":"https:\/\/www.wallendorff.com\/belogue\/category\/dpc\/"},"img":{"alt_text":"","src":"https:\/\/i0.wp.com\/www.wallendorff.com\/belogue\/wp-content\/uploads\/2015\/04\/201011231.jpg?resize=350%2C200&ssl=1","width":350,"height":200,"srcset":"https:\/\/i0.wp.com\/www.wallendorff.com\/belogue\/wp-content\/uploads\/2015\/04\/201011231.jpg?resize=350%2C200&ssl=1 1x, https:\/\/i0.wp.com\/www.wallendorff.com\/belogue\/wp-content\/uploads\/2015\/04\/201011231.jpg?resize=525%2C300&ssl=1 1.5x"},"classes":[]},{"id":19821,"url":"https:\/\/www.wallendorff.com\/belogue\/2012\/12\/22\/tombes-et-des-cordes\/","url_meta":{"origin":9845,"position":3},"title":"Tombes [et des cordes].","author":"dpc","date":"22 d\u00e9cembre 2012","format":false,"excerpt":"Cimeti\u00e8re du Calvaire, Paris, 1er novembre. \u00a0Crystal Castles \u2013 Child I Will Hurt You","rel":"","context":"Dans &quot;DPC&quot;","block_context":{"text":"DPC","link":"https:\/\/www.wallendorff.com\/belogue\/category\/dpc\/"},"img":{"alt_text":"","src":"https:\/\/i0.wp.com\/www.wallendorff.com\/belogue\/wp-content\/uploads\/2015\/04\/201212221.jpg?resize=350%2C200&ssl=1","width":350,"height":200,"srcset":"https:\/\/i0.wp.com\/www.wallendorff.com\/belogue\/wp-content\/uploads\/2015\/04\/201212221.jpg?resize=350%2C200&ssl=1 1x, https:\/\/i0.wp.com\/www.wallendorff.com\/belogue\/wp-content\/uploads\/2015\/04\/201212221.jpg?resize=525%2C300&ssl=1 1.5x"},"classes":[]},{"id":19790,"url":"https:\/\/www.wallendorff.com\/belogue\/2012\/12\/18\/en-avant-lame-moujik\/","url_meta":{"origin":9845,"position":4},"title":"En avant, l&rsquo;\u00e2me moujik.","author":"dpc","date":"18 d\u00e9cembre 2012","format":false,"excerpt":"H\u00f4tel de Monaco, Paris, 15 septembre. \u00a0Crystal Fighters \u2013 At Home (Passion Pit remix)","rel":"","context":"Dans &quot;DPC&quot;","block_context":{"text":"DPC","link":"https:\/\/www.wallendorff.com\/belogue\/category\/dpc\/"},"img":{"alt_text":"","src":"https:\/\/i0.wp.com\/www.wallendorff.com\/belogue\/wp-content\/uploads\/2015\/04\/201212181.jpg?resize=350%2C200&ssl=1","width":350,"height":200,"srcset":"https:\/\/i0.wp.com\/www.wallendorff.com\/belogue\/wp-content\/uploads\/2015\/04\/201212181.jpg?resize=350%2C200&ssl=1 1x, https:\/\/i0.wp.com\/www.wallendorff.com\/belogue\/wp-content\/uploads\/2015\/04\/201212181.jpg?resize=525%2C300&ssl=1 1.5x, https:\/\/i0.wp.com\/www.wallendorff.com\/belogue\/wp-content\/uploads\/2015\/04\/201212181.jpg?resize=700%2C400&ssl=1 2x"},"classes":[]},{"id":38002,"url":"https:\/\/www.wallendorff.com\/belogue\/2018\/04\/24\/shame-hotel-lux-black-midi-la-maroquinerie-paris-23-avril-2018\/","url_meta":{"origin":9845,"position":5},"title":"Shame + Hotel Lux + Black Midi @ la Maroquinerie, Paris, 23 avril 2018.","author":"dpc","date":"24 avril 2018","format":false,"excerpt":"Black Midi Hotel Lux Shame","rel":"","context":"Dans &quot;Alive&quot;","block_context":{"text":"Alive","link":"https:\/\/www.wallendorff.com\/belogue\/category\/alive\/"},"img":{"alt_text":"","src":"https:\/\/i0.wp.com\/www.wallendorff.com\/belogue\/wp-content\/uploads\/2018\/04\/20180424-20.jpg?resize=350%2C200&ssl=1","width":350,"height":200,"srcset":"https:\/\/i0.wp.com\/www.wallendorff.com\/belogue\/wp-content\/uploads\/2018\/04\/20180424-20.jpg?resize=350%2C200&ssl=1 1x, https:\/\/i0.wp.com\/www.wallendorff.com\/belogue\/wp-content\/uploads\/2018\/04\/20180424-20.jpg?resize=525%2C300&ssl=1 1.5x, https:\/\/i0.wp.com\/www.wallendorff.com\/belogue\/wp-content\/uploads\/2018\/04\/20180424-20.jpg?resize=700%2C400&ssl=1 2x, https:\/\/i0.wp.com\/www.wallendorff.com\/belogue\/wp-content\/uploads\/2018\/04\/20180424-20.jpg?resize=1050%2C600&ssl=1 3x"},"classes":[]}],"_links":{"self":[{"href":"https:\/\/www.wallendorff.com\/belogue\/wp-json\/wp\/v2\/posts\/9845","targetHints":{"allow":["GET"]}}],"collection":[{"href":"https:\/\/www.wallendorff.com\/belogue\/wp-json\/wp\/v2\/posts"}],"about":[{"href":"https:\/\/www.wallendorff.com\/belogue\/wp-json\/wp\/v2\/types\/post"}],"author":[{"embeddable":true,"href":"https:\/\/www.wallendorff.com\/belogue\/wp-json\/wp\/v2\/users\/1"}],"replies":[{"embeddable":true,"href":"https:\/\/www.wallendorff.com\/belogue\/wp-json\/wp\/v2\/comments?post=9845"}],"version-history":[{"count":1,"href":"https:\/\/www.wallendorff.com\/belogue\/wp-json\/wp\/v2\/posts\/9845\/revisions"}],"predecessor-version":[{"id":16192,"href":"https:\/\/www.wallendorff.com\/belogue\/wp-json\/wp\/v2\/posts\/9845\/revisions\/16192"}],"wp:featuredmedia":[{"embeddable":true,"href":"https:\/\/www.wallendorff.com\/belogue\/wp-json\/wp\/v2\/media\/25975"}],"wp:attachment":[{"href":"https:\/\/www.wallendorff.com\/belogue\/wp-json\/wp\/v2\/media?parent=9845"}],"wp:term":[{"taxonomy":"category","embeddable":true,"href":"https:\/\/www.wallendorff.com\/belogue\/wp-json\/wp\/v2\/categories?post=9845"},{"taxonomy":"post_tag","embeddable":true,"href":"https:\/\/www.wallendorff.com\/belogue\/wp-json\/wp\/v2\/tags?post=9845"}],"curies":[{"name":"wp","href":"https:\/\/api.w.org\/{rel}","templated":true}]}}