{"id":9826,"date":"2010-11-20T09:40:11","date_gmt":"2010-11-20T08:40:11","guid":{"rendered":"http:\/\/www.po-l.com\/belogue\/?p=9826"},"modified":"2012-02-01T12:46:48","modified_gmt":"2012-02-01T10:46:48","slug":"papy-la-fayette-2","status":"publish","type":"post","link":"https:\/\/www.wallendorff.com\/belogue\/2010\/11\/20\/papy-la-fayette-2\/","title":{"rendered":"Papy la Fayette [2]."},"content":{"rendered":"\n<div id=\"photo\">\n<p><img decoding=\"async\" src=\"https:\/\/www.wallendorff.com\/belogue\/photo\/2010\/11\/20101120.jpg\" \/><br \/>\n        Chapelle Notre-Dame-de-la-Paix de Picpus, Paris, 4 septembre.<\/p>\n<\/p><\/div>\n<div id=\"bandeson\">\n<p><img decoding=\"async\" src=\"https:\/\/www.wallendorff.com\/belogue\/photo\/pochettes\/r\/radical_face-touch_the_sky.jpg\" align=\"left\" \/><a href=\"http:\/\/www.radicalface.com\/\">Radical Face<\/a> &ndash; <em>Doorways<\/em><\/p>\n<\/p><\/div>\n","protected":false},"excerpt":{"rendered":"<p>Chapelle Notre-Dame-de-la-Paix de Picpus, Paris, 4 septembre. Radical Face &ndash; Doorways<\/p>\n","protected":false},"author":1,"featured_media":25970,"comment_status":"open","ping_status":"open","sticky":false,"template":"","format":"standard","meta":{"_acf_changed":false,"ngg_post_thumbnail":0,"jetpack_post_was_ever_published":false,"_jetpack_newsletter_access":"","_jetpack_dont_email_post_to_subs":false,"_jetpack_newsletter_tier_id":0,"_jetpack_memberships_contains_paywalled_content":false,"_jetpack_memberships_contains_paid_content":false,"footnotes":"","jetpack_publicize_message":"","jetpack_publicize_feature_enabled":true,"jetpack_social_post_already_shared":false,"jetpack_social_options":{"image_generator_settings":{"template":"highway","default_image_id":0,"font":"","enabled":false},"version":2}},"categories":[3],"tags":[10271,2571,2615,4443,4431,4445,10311,10238,10120,10589,10121,143,10098,10826],"class_list":["post-9826","post","type-post","status-publish","format-standard","has-post-thumbnail","hentry","category-dpc","tag-10271","tag-ef-16-35-mm-f28l-ii-usm","tag-eos-5d-mark-ii","tag-chapelle-notre-dame-de-la-paix-de-picpus","tag-cimetiere-de-picpus","tag-doorways","tag-dos","tag-eglise","tag-france","tag-homme","tag-ile-de-france","tag-noir-et-blanc","tag-paris","tag-radical-face"],"acf":[],"geo":{"latitude":48.8442497,"longitude":2.3970981,"description":"55 Rue de Picpus, 75012 Paris, France"},"jetpack_publicize_connections":[],"jetpack_featured_media_url":"https:\/\/www.wallendorff.com\/belogue\/wp-content\/uploads\/2015\/04\/201011201.jpg","jetpack_shortlink":"https:\/\/wp.me\/p3b35P-2yu","jetpack_sharing_enabled":true,"jetpack-related-posts":[{"id":9823,"url":"https:\/\/www.wallendorff.com\/belogue\/2010\/11\/19\/papy-la-fayette-1\/","url_meta":{"origin":9826,"position":0},"title":"Papy la Fayette [1].","author":"dpc","date":"19 novembre 2010","format":false,"excerpt":"Cimeti\u00e8re de Picpus, Paris, 4 septembre. The White Stripes \u2013 Lafayette Blues (c'\u00e9tait facile, d'accord)","rel":"","context":"Dans &quot;DPC&quot;","block_context":{"text":"DPC","link":"https:\/\/www.wallendorff.com\/belogue\/category\/dpc\/"},"img":{"alt_text":"","src":"https:\/\/i0.wp.com\/www.wallendorff.com\/belogue\/wp-content\/uploads\/2015\/04\/201011191.jpg?resize=350%2C200&ssl=1","width":350,"height":200},"classes":[]},{"id":9807,"url":"https:\/\/www.wallendorff.com\/belogue\/2010\/11\/17\/un-pas-son-homme-eventa\/","url_meta":{"origin":9826,"position":1},"title":"Un pas son homme \u00e9venta.","author":"dpc","date":"17 novembre 2010","format":false,"excerpt":"Cimeti\u00e8re de Picpus, Paris, 4 septembre. Pour oublier cette ambiance somme toute fun\u00e9raire, allez donc voir Jon Bon Jovi foutre des coups de manche de guitare dans la t\u00eate de ses potes \u00e0 2\u201952\u201d du clip suivant. R.E.M. \u2013 Leave","rel":"","context":"Dans &quot;DPC&quot;","block_context":{"text":"DPC","link":"https:\/\/www.wallendorff.com\/belogue\/category\/dpc\/"},"img":{"alt_text":"","src":"https:\/\/i0.wp.com\/www.wallendorff.com\/belogue\/wp-content\/uploads\/2015\/04\/201011171.jpg?resize=350%2C200&ssl=1","width":350,"height":200},"classes":[]},{"id":13318,"url":"https:\/\/www.wallendorff.com\/belogue\/2011\/09\/28\/chapelle-chapelle\/","url_meta":{"origin":9826,"position":2},"title":"Chapelle chapelle.","author":"dpc","date":"28 septembre 2011","format":false,"excerpt":"Chapelle Notre-Dame de Tr\u00e9mor, Riec-sur-Belon, 8 ao\u00fbt. Et demain on arr\u00eate. Le Corps Mince de Fran\u00e7oise \u2013 Cool and Bored [youtube]http:\/\/www.youtube.com\/watch?v=9Xj4UJr0_Sk[\/youtube]","rel":"","context":"Dans &quot;DPC&quot;","block_context":{"text":"DPC","link":"https:\/\/www.wallendorff.com\/belogue\/category\/dpc\/"},"img":{"alt_text":"","src":"https:\/\/i0.wp.com\/www.wallendorff.com\/belogue\/wp-content\/uploads\/2015\/04\/201109281.jpg?resize=350%2C200&ssl=1","width":350,"height":200},"classes":[]},{"id":40410,"url":"https:\/\/www.wallendorff.com\/belogue\/2018\/10\/31\/octobre-2018\/","url_meta":{"origin":9826,"position":3},"title":"Octobre 2018","author":"dpc","date":"31 octobre 2018","format":false,"excerpt":"Un mur, une pizza, une voiture, un concert, une expo, une cour, une expo, un carrefour, une chapelle, un chat pr\u00e9nomm\u00e9 Zoubida, une pyramide, une passerelle, une gare, un train, une biblioth\u00e8que, un pigeonnier, une porte, un ch\u00e2teau, un salon, un couloir, un plafond, une chapelle, une salle \u00e0 manger,\u2026","rel":"","context":"Dans &quot;Blog-note&quot;","block_context":{"text":"Blog-note","link":"https:\/\/www.wallendorff.com\/belogue\/category\/blog-note\/"},"img":{"alt_text":"","src":"https:\/\/i0.wp.com\/www.wallendorff.com\/belogue\/wp-content\/uploads\/2018\/11\/20181112-08.jpg?resize=350%2C200&ssl=1","width":350,"height":200,"srcset":"https:\/\/i0.wp.com\/www.wallendorff.com\/belogue\/wp-content\/uploads\/2018\/11\/20181112-08.jpg?resize=350%2C200&ssl=1 1x, https:\/\/i0.wp.com\/www.wallendorff.com\/belogue\/wp-content\/uploads\/2018\/11\/20181112-08.jpg?resize=525%2C300&ssl=1 1.5x, https:\/\/i0.wp.com\/www.wallendorff.com\/belogue\/wp-content\/uploads\/2018\/11\/20181112-08.jpg?resize=700%2C400&ssl=1 2x, https:\/\/i0.wp.com\/www.wallendorff.com\/belogue\/wp-content\/uploads\/2018\/11\/20181112-08.jpg?resize=1050%2C600&ssl=1 3x"},"classes":[]},{"id":130781,"url":"https:\/\/www.wallendorff.com\/belogue\/2024\/10\/10\/reinstallation-de-la-croix-du-chevet-de-notre-dame\/","url_meta":{"origin":9826,"position":4},"title":"R\u00e9installation de la croix du chevet de Notre-Dame","author":"dpc","date":"10 octobre 2024","format":false,"excerpt":"","rel":"","context":"Dans &quot;DPC&quot;","block_context":{"text":"DPC","link":"https:\/\/www.wallendorff.com\/belogue\/category\/dpc\/"},"img":{"alt_text":"","src":"https:\/\/i0.wp.com\/www.wallendorff.com\/belogue\/wp-content\/uploads\/2024\/10\/20241010-23.jpg?resize=350%2C200&ssl=1","width":350,"height":200,"srcset":"https:\/\/i0.wp.com\/www.wallendorff.com\/belogue\/wp-content\/uploads\/2024\/10\/20241010-23.jpg?resize=350%2C200&ssl=1 1x, https:\/\/i0.wp.com\/www.wallendorff.com\/belogue\/wp-content\/uploads\/2024\/10\/20241010-23.jpg?resize=525%2C300&ssl=1 1.5x, https:\/\/i0.wp.com\/www.wallendorff.com\/belogue\/wp-content\/uploads\/2024\/10\/20241010-23.jpg?resize=700%2C400&ssl=1 2x, https:\/\/i0.wp.com\/www.wallendorff.com\/belogue\/wp-content\/uploads\/2024\/10\/20241010-23.jpg?resize=1050%2C600&ssl=1 3x"},"classes":[]},{"id":3918,"url":"https:\/\/www.wallendorff.com\/belogue\/2009\/02\/18\/grandes-sorgues\/","url_meta":{"origin":9826,"position":5},"title":"Grandes sorgues.","author":"dpc","date":"18 f\u00e9vrier 2009","format":false,"excerpt":"Rue du Clo\u00eetre Notre-Dame, Paris, 13 janvier. Y a quand m\u00eame des gens, dans la vie, \u00e7a fait du bien de les entendre \u00e0 nouveau . \u00a0Ghinzu \u2013 Cold Love","rel":"","context":"Dans &quot;DPC&quot;","block_context":{"text":"DPC","link":"https:\/\/www.wallendorff.com\/belogue\/category\/dpc\/"},"img":{"alt_text":"","src":"https:\/\/i0.wp.com\/www.wallendorff.com\/belogue\/wp-content\/uploads\/2015\/04\/200902181.jpg?resize=350%2C200&ssl=1","width":350,"height":200,"srcset":"https:\/\/i0.wp.com\/www.wallendorff.com\/belogue\/wp-content\/uploads\/2015\/04\/200902181.jpg?resize=350%2C200&ssl=1 1x, https:\/\/i0.wp.com\/www.wallendorff.com\/belogue\/wp-content\/uploads\/2015\/04\/200902181.jpg?resize=525%2C300&ssl=1 1.5x"},"classes":[]}],"_links":{"self":[{"href":"https:\/\/www.wallendorff.com\/belogue\/wp-json\/wp\/v2\/posts\/9826","targetHints":{"allow":["GET"]}}],"collection":[{"href":"https:\/\/www.wallendorff.com\/belogue\/wp-json\/wp\/v2\/posts"}],"about":[{"href":"https:\/\/www.wallendorff.com\/belogue\/wp-json\/wp\/v2\/types\/post"}],"author":[{"embeddable":true,"href":"https:\/\/www.wallendorff.com\/belogue\/wp-json\/wp\/v2\/users\/1"}],"replies":[{"embeddable":true,"href":"https:\/\/www.wallendorff.com\/belogue\/wp-json\/wp\/v2\/comments?post=9826"}],"version-history":[{"count":1,"href":"https:\/\/www.wallendorff.com\/belogue\/wp-json\/wp\/v2\/posts\/9826\/revisions"}],"predecessor-version":[{"id":15681,"href":"https:\/\/www.wallendorff.com\/belogue\/wp-json\/wp\/v2\/posts\/9826\/revisions\/15681"}],"wp:featuredmedia":[{"embeddable":true,"href":"https:\/\/www.wallendorff.com\/belogue\/wp-json\/wp\/v2\/media\/25970"}],"wp:attachment":[{"href":"https:\/\/www.wallendorff.com\/belogue\/wp-json\/wp\/v2\/media?parent=9826"}],"wp:term":[{"taxonomy":"category","embeddable":true,"href":"https:\/\/www.wallendorff.com\/belogue\/wp-json\/wp\/v2\/categories?post=9826"},{"taxonomy":"post_tag","embeddable":true,"href":"https:\/\/www.wallendorff.com\/belogue\/wp-json\/wp\/v2\/tags?post=9826"}],"curies":[{"name":"wp","href":"https:\/\/api.w.org\/{rel}","templated":true}]}}