{"id":982,"date":"2007-06-26T10:55:46","date_gmt":"2007-06-26T10:55:46","guid":{"rendered":"http:\/\/www.po-l.com\/wordpress\/?p=982"},"modified":"2012-04-04T09:38:08","modified_gmt":"2012-04-04T07:38:08","slug":"c-ton-corps-lecha","status":"publish","type":"post","link":"https:\/\/www.wallendorff.com\/belogue\/2007\/06\/26\/c-ton-corps-lecha\/","title":{"rendered":"C&rsquo;ton corps l\u00e8cha."},"content":{"rendered":"<div id=\"photo\">\n<p><img decoding=\"async\" src=\"https:\/\/www.wallendorff.com\/belogue\/photo\/2007\/06\/20070626.jpg\" \/><br \/>\nBoulevard Voltaire, Paris, 27 mai.<\/p>\n<\/div>\n<p style=\"text-align:right\">Ce chat qui p&ecirc;che et son blues d&eacute;tendu vous sont offerts par le Comit&eacute; National de Lutte contre le Stress Fatigant qui Emp&ecirc;che de Dormir.<\/p>\n<div id=\"bandeson\">\n<p><img decoding=\"async\" src=\"https:\/\/www.wallendorff.com\/belogue\/photo\/pochettes\/b\/black_keys-chulahoma.jpg\" align=\"left\" \/>&nbsp;<a href=\"http:\/\/www.theblackkeys.com\/\">The Black Keys<\/a> &ndash; <em>Have Mercy on Me<\/em> (Junior Kimbrough cover)<\/p>\n<\/p><\/div>\n","protected":false},"excerpt":{"rendered":"<p>Boulevard Voltaire, Paris, 27 mai. Ce chat qui p&ecirc;che et son blues d&eacute;tendu vous sont offerts par le Comit&eacute; National de Lutte contre le Stress Fatigant qui Emp&ecirc;che de Dormir. &nbsp;The Black Keys &ndash; Have Mercy on Me (Junior Kimbrough cover)<\/p>\n","protected":false},"author":1,"featured_media":24914,"comment_status":"open","ping_status":"open","sticky":false,"template":"","format":"standard","meta":{"_acf_changed":false,"ngg_post_thumbnail":0,"jetpack_post_was_ever_published":false,"_jetpack_newsletter_access":"","_jetpack_dont_email_post_to_subs":false,"_jetpack_newsletter_tier_id":0,"_jetpack_memberships_contains_paywalled_content":false,"_jetpack_memberships_contains_paid_content":false,"footnotes":"","jetpack_publicize_message":"","jetpack_publicize_feature_enabled":true,"jetpack_social_post_already_shared":false,"jetpack_social_options":{"image_generator_settings":{"template":"highway","default_image_id":0,"font":"","enabled":false},"version":2}},"categories":[3],"tags":[10183,10184,1438,132,10442,10120,1688,10121,3868,793,10098,770,10407,10396],"class_list":["post-982","post","type-post","status-publish","format-standard","has-post-thumbnail","hentry","category-dpc","tag-10183","tag-boulevard-voltaire","tag-ef-50-mm-f14-usm","tag-eos-20d","tag-chat","tag-france","tag-have-mercy-on-me","tag-ile-de-france","tag-junior-kimbrough","tag-orange","tag-paris","tag-rouge","tag-silhouette","tag-the-black-keys"],"acf":[],"geo":{"latitude":48.8543015,"longitude":2.3855555,"description":null},"jetpack_publicize_connections":[],"jetpack_featured_media_url":"https:\/\/www.wallendorff.com\/belogue\/wp-content\/uploads\/2015\/04\/200706261.jpg","jetpack_shortlink":"https:\/\/wp.me\/p3b35P-fQ","jetpack_sharing_enabled":true,"jetpack-related-posts":[{"id":7651,"url":"https:\/\/www.wallendorff.com\/belogue\/2010\/06\/08\/elle-aussi-lancait-dehors\/","url_meta":{"origin":982,"position":0},"title":"Elle aussi lan\u00e7ait dehors.","author":"dpc","date":"8 juin 2010","format":false,"excerpt":"Shakespeare & Co., Paris, 25 avril. [En fait je voudrais habiter chez eux]. \u00a0The Black Keys \u2013 My Mind Is Ramblin' (Junior Kimbrough cover)","rel":"","context":"Dans &quot;DPC&quot;","block_context":{"text":"DPC","link":"https:\/\/www.wallendorff.com\/belogue\/category\/dpc\/"},"img":{"alt_text":"","src":"https:\/\/i0.wp.com\/www.wallendorff.com\/belogue\/wp-content\/uploads\/2015\/04\/201006081.jpg?resize=350%2C200&ssl=1","width":350,"height":200},"classes":[]},{"id":46,"url":"https:\/\/www.wallendorff.com\/belogue\/2006\/07\/15\/d-etre-un\/","url_meta":{"origin":982,"position":1},"title":"D&rsquo;&ecirc;tre un.","author":"dpc","date":"15 juillet 2006","format":false,"excerpt":"Gare SNCF, Charleville-M\u00e9zi\u00e8res, 14 juillet. On t'a laiss\u00e9 sur un quai de la gare de l'Est et tu t'es \u00e9croul\u00e9 dans un Corail vide sans voir passer \u00c9pernay, ni Reims, \u00e0 peine Rethel. Tu t'es r\u00e9veill\u00e9 en \u00e9coutant des mecs qui aiment la bi\u00e8re et BonJovi et qui pensent manifestement\u2026","rel":"","context":"Dans &quot;DPC&quot;","block_context":{"text":"DPC","link":"https:\/\/www.wallendorff.com\/belogue\/category\/dpc\/"},"img":{"alt_text":"","src":"https:\/\/i0.wp.com\/www.wallendorff.com\/belogue\/wp-content\/uploads\/2015\/04\/200607151.jpg?resize=350%2C200&ssl=1","width":350,"height":200,"srcset":"https:\/\/i0.wp.com\/www.wallendorff.com\/belogue\/wp-content\/uploads\/2015\/04\/200607151.jpg?resize=350%2C200&ssl=1 1x, https:\/\/i0.wp.com\/www.wallendorff.com\/belogue\/wp-content\/uploads\/2015\/04\/200607151.jpg?resize=525%2C300&ssl=1 1.5x"},"classes":[]},{"id":134398,"url":"https:\/\/www.wallendorff.com\/belogue\/2025\/11\/14\/dix\/","url_meta":{"origin":982,"position":2},"title":"Dix.","author":"dpc","date":"14 novembre 2025","format":false,"excerpt":"Paris, 2015 \u2013 2024. \u00c0 P.A.,Au 131 autres morts,Aux milliers de victimes.","rel":"","context":"Dans &quot;DPC&quot;","block_context":{"text":"DPC","link":"https:\/\/www.wallendorff.com\/belogue\/category\/dpc\/"},"img":{"alt_text":"","src":"https:\/\/i0.wp.com\/www.wallendorff.com\/belogue\/wp-content\/uploads\/2025\/11\/20251114-26.jpg?resize=350%2C200&ssl=1","width":350,"height":200,"srcset":"https:\/\/i0.wp.com\/www.wallendorff.com\/belogue\/wp-content\/uploads\/2025\/11\/20251114-26.jpg?resize=350%2C200&ssl=1 1x, https:\/\/i0.wp.com\/www.wallendorff.com\/belogue\/wp-content\/uploads\/2025\/11\/20251114-26.jpg?resize=525%2C300&ssl=1 1.5x, https:\/\/i0.wp.com\/www.wallendorff.com\/belogue\/wp-content\/uploads\/2025\/11\/20251114-26.jpg?resize=700%2C400&ssl=1 2x, https:\/\/i0.wp.com\/www.wallendorff.com\/belogue\/wp-content\/uploads\/2025\/11\/20251114-26.jpg?resize=1050%2C600&ssl=1 3x"},"classes":[]},{"id":12833,"url":"https:\/\/www.wallendorff.com\/belogue\/2011\/06\/02\/pete-yorn-greenshape-la-boule-noire-paris\/","url_meta":{"origin":982,"position":3},"title":"Pete Yorn + Greenshape @ la Boule Noire, Paris.","author":"dpc","date":"2 juin 2011","format":false,"excerpt":"Black | June | Panic (The Smiths) | Precious Stone | Life on a Chain | Sans Fear | For Nancy | Just Another | For Us | Relator | I Feel Good Again (Junior Kimbrough) | On Your Side | Velcro Shoes | Surfer Girl (The Beach Boys) \/\u2026","rel":"","context":"Dans &quot;Alive&quot;","block_context":{"text":"Alive","link":"https:\/\/www.wallendorff.com\/belogue\/category\/alive\/"},"img":{"alt_text":"","src":"https:\/\/i0.wp.com\/www.wallendorff.com\/belogue\/wp-content\/uploads\/2015\/04\/201106021.jpg?resize=350%2C200&ssl=1","width":350,"height":200,"srcset":"https:\/\/i0.wp.com\/www.wallendorff.com\/belogue\/wp-content\/uploads\/2015\/04\/201106021.jpg?resize=350%2C200&ssl=1 1x, https:\/\/i0.wp.com\/www.wallendorff.com\/belogue\/wp-content\/uploads\/2015\/04\/201106021.jpg?resize=525%2C300&ssl=1 1.5x, https:\/\/i0.wp.com\/www.wallendorff.com\/belogue\/wp-content\/uploads\/2015\/04\/201106021.jpg?resize=700%2C400&ssl=1 2x"},"classes":[]},{"id":134068,"url":"https:\/\/www.wallendorff.com\/belogue\/2025\/10\/16\/the-cat-empire-le-bataclan-paris-14-octobre-2025\/","url_meta":{"origin":982,"position":4},"title":"The Cat Empire @ le Bataclan, Paris, 14 octobre 2025.","author":"dpc","date":"16 octobre 2025","format":false,"excerpt":"The Cat Empire @ le Bataclan, Paris, 14\/10\/2025 The Cat Empire @ le Bataclan, Paris, 14\/10\/2025 The Cat Empire @ le Bataclan, Paris, 14\/10\/2025 The Cat Empire @ le Bataclan, Paris, 14\/10\/2025 The Cat Empire @ le Bataclan, Paris, 14\/10\/2025 The Cat Empire @ le Bataclan, Paris, 14\/10\/2025 The Cat\u2026","rel":"","context":"Dans &quot;Alive&quot;","block_context":{"text":"Alive","link":"https:\/\/www.wallendorff.com\/belogue\/category\/alive\/"},"img":{"alt_text":"","src":"https:\/\/i0.wp.com\/www.wallendorff.com\/belogue\/wp-content\/uploads\/2025\/10\/20251016-12.jpg?resize=350%2C200&ssl=1","width":350,"height":200,"srcset":"https:\/\/i0.wp.com\/www.wallendorff.com\/belogue\/wp-content\/uploads\/2025\/10\/20251016-12.jpg?resize=350%2C200&ssl=1 1x, https:\/\/i0.wp.com\/www.wallendorff.com\/belogue\/wp-content\/uploads\/2025\/10\/20251016-12.jpg?resize=525%2C300&ssl=1 1.5x, https:\/\/i0.wp.com\/www.wallendorff.com\/belogue\/wp-content\/uploads\/2025\/10\/20251016-12.jpg?resize=700%2C400&ssl=1 2x, https:\/\/i0.wp.com\/www.wallendorff.com\/belogue\/wp-content\/uploads\/2025\/10\/20251016-12.jpg?resize=1050%2C600&ssl=1 3x"},"classes":[]},{"id":126856,"url":"https:\/\/www.wallendorff.com\/belogue\/2023\/11\/30\/novembre-2023\/","url_meta":{"origin":982,"position":5},"title":"Novembre 2023.","author":"dpc","date":"30 novembre 2023","format":false,"excerpt":"Un panneau, une citrouille, un chat pr\u00e9nomm\u00e9 Azal\u00e9e, un chien pr\u00e9nomm\u00e9 Le Chien, un strabisme, un panneau, une tombe, un TGV, un toit, un four, un nuage, un chat pr\u00e9nomm\u00e9 Sans-Titre-1, une pyramide, un mus\u00e9e, un chevalet, un escalier, un pont, un miroir, un affiche, une expo, des retrouvailles, un\u2026","rel":"","context":"Dans &quot;Blog-note&quot;","block_context":{"text":"Blog-note","link":"https:\/\/www.wallendorff.com\/belogue\/category\/blog-note\/"},"img":{"alt_text":"","src":"https:\/\/i0.wp.com\/www.wallendorff.com\/belogue\/wp-content\/uploads\/2023\/12\/20231212-43.jpg?resize=350%2C200&ssl=1","width":350,"height":200,"srcset":"https:\/\/i0.wp.com\/www.wallendorff.com\/belogue\/wp-content\/uploads\/2023\/12\/20231212-43.jpg?resize=350%2C200&ssl=1 1x, https:\/\/i0.wp.com\/www.wallendorff.com\/belogue\/wp-content\/uploads\/2023\/12\/20231212-43.jpg?resize=525%2C300&ssl=1 1.5x, https:\/\/i0.wp.com\/www.wallendorff.com\/belogue\/wp-content\/uploads\/2023\/12\/20231212-43.jpg?resize=700%2C400&ssl=1 2x, https:\/\/i0.wp.com\/www.wallendorff.com\/belogue\/wp-content\/uploads\/2023\/12\/20231212-43.jpg?resize=1050%2C600&ssl=1 3x"},"classes":[]}],"_links":{"self":[{"href":"https:\/\/www.wallendorff.com\/belogue\/wp-json\/wp\/v2\/posts\/982","targetHints":{"allow":["GET"]}}],"collection":[{"href":"https:\/\/www.wallendorff.com\/belogue\/wp-json\/wp\/v2\/posts"}],"about":[{"href":"https:\/\/www.wallendorff.com\/belogue\/wp-json\/wp\/v2\/types\/post"}],"author":[{"embeddable":true,"href":"https:\/\/www.wallendorff.com\/belogue\/wp-json\/wp\/v2\/users\/1"}],"replies":[{"embeddable":true,"href":"https:\/\/www.wallendorff.com\/belogue\/wp-json\/wp\/v2\/comments?post=982"}],"version-history":[{"count":1,"href":"https:\/\/www.wallendorff.com\/belogue\/wp-json\/wp\/v2\/posts\/982\/revisions"}],"predecessor-version":[{"id":16671,"href":"https:\/\/www.wallendorff.com\/belogue\/wp-json\/wp\/v2\/posts\/982\/revisions\/16671"}],"wp:featuredmedia":[{"embeddable":true,"href":"https:\/\/www.wallendorff.com\/belogue\/wp-json\/wp\/v2\/media\/24914"}],"wp:attachment":[{"href":"https:\/\/www.wallendorff.com\/belogue\/wp-json\/wp\/v2\/media?parent=982"}],"wp:term":[{"taxonomy":"category","embeddable":true,"href":"https:\/\/www.wallendorff.com\/belogue\/wp-json\/wp\/v2\/categories?post=982"},{"taxonomy":"post_tag","embeddable":true,"href":"https:\/\/www.wallendorff.com\/belogue\/wp-json\/wp\/v2\/tags?post=982"}],"curies":[{"name":"wp","href":"https:\/\/api.w.org\/{rel}","templated":true}]}}