{"id":9807,"date":"2010-11-17T11:10:01","date_gmt":"2010-11-17T10:10:01","guid":{"rendered":"http:\/\/www.po-l.com\/belogue\/?p=9807"},"modified":"2011-12-23T15:58:09","modified_gmt":"2011-12-23T13:58:09","slug":"un-pas-son-homme-eventa","status":"publish","type":"post","link":"https:\/\/www.wallendorff.com\/belogue\/2010\/11\/17\/un-pas-son-homme-eventa\/","title":{"rendered":"Un pas son homme \u00e9venta."},"content":{"rendered":"\n<div id=\"photo\">\n<p><img decoding=\"async\" src=\"https:\/\/www.wallendorff.com\/belogue\/photo\/2010\/11\/20101117.jpg\" \/><br \/>\nCimeti&egrave;re de Picpus, Paris, 4 septembre.<\/p>\n<\/p><\/div>\n<p align=\"right\">Pour oublier cette ambiance somme toute fun&eacute;raire, allez donc voir Jon Bon Jovi foutre des coups de manche de guitare dans la t&ecirc;te de ses potes &agrave; 2&rsquo;52&rdquo; du <a href=\"http:\/\/www.youtube.com\/watch?gl=FR&amp;v=ts-e0uZfooQ\">clip suivant<\/a>.<\/p>\n<div id=\"bandeson\">\n<p><img decoding=\"async\" src=\"https:\/\/www.wallendorff.com\/belogue\/photo\/pochettes\/r\/rem-new_adventures_in_hi-fi.jpg\" align=\"left\" \/><a href=\"http:\/\/www.remhq.com\/\">R.E.M.<\/a> &ndash; <em>Leave<\/em><\/p>\n<\/p><\/div>\n","protected":false},"excerpt":{"rendered":"<p>Cimeti&egrave;re de Picpus, Paris, 4 septembre. Pour oublier cette ambiance somme toute fun&eacute;raire, allez donc voir Jon Bon Jovi foutre des coups de manche de guitare dans la t&ecirc;te de ses potes &agrave; 2&rsquo;52&rdquo; du clip suivant. R.E.M. &ndash; Leave<\/p>\n","protected":false},"author":1,"featured_media":25965,"comment_status":"open","ping_status":"open","sticky":false,"template":"","format":"standard","meta":{"_acf_changed":false,"ngg_post_thumbnail":0,"jetpack_post_was_ever_published":false,"_jetpack_newsletter_access":"","_jetpack_dont_email_post_to_subs":false,"_jetpack_newsletter_tier_id":0,"_jetpack_memberships_contains_paywalled_content":false,"_jetpack_memberships_contains_paid_content":false,"footnotes":"","jetpack_publicize_message":"","jetpack_publicize_feature_enabled":true,"jetpack_social_post_already_shared":false,"jetpack_social_options":{"image_generator_settings":{"template":"highway","default_image_id":0,"font":"","enabled":false},"version":2}},"categories":[3],"tags":[10271,10345,737,4433,2615,10207,4431,4031,10217,10120,10121,4432,10504,10098,10305,4783,170],"class_list":["post-9807","post","type-post","status-publish","format-standard","has-post-thumbnail","hentry","category-dpc","tag-10271","tag-arbre","tag-bleu","tag-bon-jovi","tag-eos-5d-mark-ii","tag-cimetiere","tag-cimetiere-de-picpus","tag-feuilles","tag-foret","tag-france","tag-ile-de-france","tag-leave","tag-parc","tag-paris","tag-porte","tag-r-e-m","tag-sigma-70-300-mm-f4-56-dg-apo-macro"],"acf":[],"geo":{"latitude":48.844223,"longitude":2.400003,"description":"32 Avenue de Saint-Mand\u00e9, 75012 Paris, France"},"jetpack_publicize_connections":[],"jetpack_featured_media_url":"https:\/\/www.wallendorff.com\/belogue\/wp-content\/uploads\/2015\/04\/201011171.jpg","jetpack_shortlink":"https:\/\/wp.me\/p3b35P-2yb","jetpack_sharing_enabled":true,"jetpack-related-posts":[{"id":9823,"url":"https:\/\/www.wallendorff.com\/belogue\/2010\/11\/19\/papy-la-fayette-1\/","url_meta":{"origin":9807,"position":0},"title":"Papy la Fayette [1].","author":"dpc","date":"19 novembre 2010","format":false,"excerpt":"Cimeti\u00e8re de Picpus, Paris, 4 septembre. The White Stripes \u2013 Lafayette Blues (c'\u00e9tait facile, d'accord)","rel":"","context":"Dans &quot;DPC&quot;","block_context":{"text":"DPC","link":"https:\/\/www.wallendorff.com\/belogue\/category\/dpc\/"},"img":{"alt_text":"","src":"https:\/\/i0.wp.com\/www.wallendorff.com\/belogue\/wp-content\/uploads\/2015\/04\/201011191.jpg?resize=350%2C200&ssl=1","width":350,"height":200},"classes":[]},{"id":9826,"url":"https:\/\/www.wallendorff.com\/belogue\/2010\/11\/20\/papy-la-fayette-2\/","url_meta":{"origin":9807,"position":1},"title":"Papy la Fayette [2].","author":"dpc","date":"20 novembre 2010","format":false,"excerpt":"Chapelle Notre-Dame-de-la-Paix de Picpus, Paris, 4 septembre. Radical Face \u2013 Doorways","rel":"","context":"Dans &quot;DPC&quot;","block_context":{"text":"DPC","link":"https:\/\/www.wallendorff.com\/belogue\/category\/dpc\/"},"img":{"alt_text":"","src":"https:\/\/i0.wp.com\/www.wallendorff.com\/belogue\/wp-content\/uploads\/2015\/04\/201011201.jpg?resize=350%2C200&ssl=1","width":350,"height":200},"classes":[]},{"id":12454,"url":"https:\/\/www.wallendorff.com\/belogue\/2011\/03\/18\/ailes-angel\/","url_meta":{"origin":9807,"position":2},"title":"Ailes&rsquo; angel.","author":"dpc","date":"18 mars 2011","format":false,"excerpt":"Cimeti\u00e8re du Montparnasse, Paris, 20 f\u00e9vrier. La derni\u00e8re fois que j'ai post\u00e9 du Placebo, c'\u00e9tait d\u00e9j\u00e0 dans un cimeti\u00e8re. Le monde est fou. Placebo \u2013 H. K. Farewell","rel":"","context":"Dans &quot;DPC&quot;","block_context":{"text":"DPC","link":"https:\/\/www.wallendorff.com\/belogue\/category\/dpc\/"},"img":{"alt_text":"","src":"https:\/\/i0.wp.com\/www.wallendorff.com\/belogue\/wp-content\/uploads\/2015\/04\/201103181.jpg?resize=350%2C200&ssl=1","width":350,"height":200},"classes":[]},{"id":12838,"url":"https:\/\/www.wallendorff.com\/belogue\/2011\/06\/03\/vous-etes-gravissante\/","url_meta":{"origin":9807,"position":3},"title":"Vous \u00eates gravissante.","author":"dpc","date":"3 juin 2011","format":false,"excerpt":"Cimeti\u00e8re de Montmartre, Paris, 7 mai. \u00a0EMA \u2013 California","rel":"","context":"Dans &quot;DPC&quot;","block_context":{"text":"DPC","link":"https:\/\/www.wallendorff.com\/belogue\/category\/dpc\/"},"img":{"alt_text":"","src":"https:\/\/i0.wp.com\/www.wallendorff.com\/belogue\/wp-content\/uploads\/2015\/04\/201106031.jpg?resize=350%2C200&ssl=1","width":350,"height":200,"srcset":"https:\/\/i0.wp.com\/www.wallendorff.com\/belogue\/wp-content\/uploads\/2015\/04\/201106031.jpg?resize=350%2C200&ssl=1 1x, https:\/\/i0.wp.com\/www.wallendorff.com\/belogue\/wp-content\/uploads\/2015\/04\/201106031.jpg?resize=525%2C300&ssl=1 1.5x"},"classes":[]},{"id":7647,"url":"https:\/\/www.wallendorff.com\/belogue\/2010\/06\/07\/come-on-lets-start-the-healing\/","url_meta":{"origin":9807,"position":4},"title":"Come on let&rsquo;s start the healing.","author":"dpc","date":"7 juin 2010","format":false,"excerpt":"Cimeti\u00e8re du Montparnasse, Paris, 5 juin. Huhuhu. \u00a0The Icarus Line \u2013 On the Lash","rel":"","context":"Dans &quot;DPC&quot;","block_context":{"text":"DPC","link":"https:\/\/www.wallendorff.com\/belogue\/category\/dpc\/"},"img":{"alt_text":"","src":"https:\/\/i0.wp.com\/www.wallendorff.com\/belogue\/wp-content\/uploads\/2015\/04\/201006071.jpg?resize=350%2C200&ssl=1","width":350,"height":200,"srcset":"https:\/\/i0.wp.com\/www.wallendorff.com\/belogue\/wp-content\/uploads\/2015\/04\/201006071.jpg?resize=350%2C200&ssl=1 1x, https:\/\/i0.wp.com\/www.wallendorff.com\/belogue\/wp-content\/uploads\/2015\/04\/201006071.jpg?resize=525%2C300&ssl=1 1.5x"},"classes":[]},{"id":12460,"url":"https:\/\/www.wallendorff.com\/belogue\/2011\/03\/21\/laaaaaaaapin\/","url_meta":{"origin":9807,"position":5},"title":"Laaaaaaaapin.","author":"dpc","date":"21 mars 2011","format":false,"excerpt":"Cimeti\u00e8re du Montparnasse, Paris, 20 f\u00e9vrier. Et joyeux printemps. Shugo Tokumaru \u2013 Lahaha","rel":"","context":"Dans &quot;DPC&quot;","block_context":{"text":"DPC","link":"https:\/\/www.wallendorff.com\/belogue\/category\/dpc\/"},"img":{"alt_text":"","src":"https:\/\/i0.wp.com\/www.wallendorff.com\/belogue\/wp-content\/uploads\/2015\/04\/201103211.jpg?resize=350%2C200&ssl=1","width":350,"height":200},"classes":[]}],"_links":{"self":[{"href":"https:\/\/www.wallendorff.com\/belogue\/wp-json\/wp\/v2\/posts\/9807","targetHints":{"allow":["GET"]}}],"collection":[{"href":"https:\/\/www.wallendorff.com\/belogue\/wp-json\/wp\/v2\/posts"}],"about":[{"href":"https:\/\/www.wallendorff.com\/belogue\/wp-json\/wp\/v2\/types\/post"}],"author":[{"embeddable":true,"href":"https:\/\/www.wallendorff.com\/belogue\/wp-json\/wp\/v2\/users\/1"}],"replies":[{"embeddable":true,"href":"https:\/\/www.wallendorff.com\/belogue\/wp-json\/wp\/v2\/comments?post=9807"}],"version-history":[{"count":1,"href":"https:\/\/www.wallendorff.com\/belogue\/wp-json\/wp\/v2\/posts\/9807\/revisions"}],"predecessor-version":[{"id":15015,"href":"https:\/\/www.wallendorff.com\/belogue\/wp-json\/wp\/v2\/posts\/9807\/revisions\/15015"}],"wp:featuredmedia":[{"embeddable":true,"href":"https:\/\/www.wallendorff.com\/belogue\/wp-json\/wp\/v2\/media\/25965"}],"wp:attachment":[{"href":"https:\/\/www.wallendorff.com\/belogue\/wp-json\/wp\/v2\/media?parent=9807"}],"wp:term":[{"taxonomy":"category","embeddable":true,"href":"https:\/\/www.wallendorff.com\/belogue\/wp-json\/wp\/v2\/categories?post=9807"},{"taxonomy":"post_tag","embeddable":true,"href":"https:\/\/www.wallendorff.com\/belogue\/wp-json\/wp\/v2\/tags?post=9807"}],"curies":[{"name":"wp","href":"https:\/\/api.w.org\/{rel}","templated":true}]}}