{"id":9801,"date":"2010-11-15T12:35:21","date_gmt":"2010-11-15T11:35:21","guid":{"rendered":"http:\/\/www.po-l.com\/belogue\/?p=9801"},"modified":"2012-08-07T11:34:37","modified_gmt":"2012-08-07T09:34:37","slug":"las-pin-claie-teint","status":"publish","type":"post","link":"https:\/\/www.wallendorff.com\/belogue\/2010\/11\/15\/las-pin-claie-teint\/","title":{"rendered":"Las pin claie teint."},"content":{"rendered":"\n<div id=\"photo\">\n<p><img decoding=\"async\" src=\"https:\/\/www.wallendorff.com\/belogue\/photo\/2010\/11\/20101115.jpg\" \/><br \/>\nA&eacute;roport de Stockholm-Arlanda, 30 ao&ucirc;t.<\/p>\n<\/p><\/div>\n<div id=\"bandeson\">\n<p><img decoding=\"async\" src=\"https:\/\/www.wallendorff.com\/belogue\/photo\/pochettes\/e\/elkee-the_beautiful_unknown.jpg\" align=\"left\" \/><a href=\"http:\/\/www.elkee.com\/\">Elkee<\/a> [CH] &ndash; <em>Get Me Out<\/em><\/p>\n<\/p><\/div>\n","protected":false},"excerpt":{"rendered":"<p>A&eacute;roport de Stockholm-Arlanda, 30 ao&ucirc;t. Elkee [CH] &ndash; Get Me Out<\/p>\n","protected":false},"author":1,"featured_media":25963,"comment_status":"open","ping_status":"open","sticky":false,"template":"","format":"standard","meta":{"_acf_changed":false,"ngg_post_thumbnail":0,"jetpack_post_was_ever_published":false,"_jetpack_newsletter_access":"","_jetpack_dont_email_post_to_subs":false,"_jetpack_newsletter_tier_id":0,"_jetpack_memberships_contains_paywalled_content":false,"_jetpack_memberships_contains_paid_content":false,"footnotes":"","jetpack_publicize_message":"","jetpack_publicize_feature_enabled":true,"jetpack_social_post_already_shared":false,"jetpack_social_options":{"image_generator_settings":{"template":"highway","default_image_id":0,"font":"","enabled":false},"version":2}},"categories":[3],"tags":[10177,2571,2615,4420,4350,10311,4426,10307,4427,10589,4419,4422,4138,10334],"class_list":["post-9801","post","type-post","status-publish","format-standard","has-post-thumbnail","hentry","category-dpc","tag-aeroport","tag-ef-16-35-mm-f28l-ii-usm","tag-eos-5d-mark-ii","tag-commune-de-sigtuna","tag-comte-de-stockholm","tag-dos","tag-elkee","tag-fenetre","tag-get-me-out","tag-homme","tag-marsta","tag-stockholm-arlanda","tag-suede","tag-table"],"acf":[],"geo":{"latitude":59.6492004,"longitude":17.9286785,"description":"Arlanda Centralstation, Sigtuna Municipality, Sweden"},"jetpack_publicize_connections":[],"jetpack_featured_media_url":"https:\/\/www.wallendorff.com\/belogue\/wp-content\/uploads\/2015\/04\/201011151.jpg","jetpack_shortlink":"https:\/\/wp.me\/p3b35P-2y5","jetpack_sharing_enabled":true,"jetpack-related-posts":[{"id":9781,"url":"https:\/\/www.wallendorff.com\/belogue\/2010\/11\/11\/arlanda-aux-relents-de-dos\/","url_meta":{"origin":9801,"position":0},"title":"Arlanda [aux relents de dos].","author":"dpc","date":"11 novembre 2010","format":false,"excerpt":"A\u00e9roport de Stockholm-Arlanda, 30 ao\u00fbt. The Dandy Warhols \u2013 Pete International Airport","rel":"","context":"Dans &quot;DPC&quot;","block_context":{"text":"DPC","link":"https:\/\/www.wallendorff.com\/belogue\/category\/dpc\/"},"img":{"alt_text":"","src":"https:\/\/i0.wp.com\/www.wallendorff.com\/belogue\/wp-content\/uploads\/2015\/04\/201011111.jpg?resize=350%2C200&ssl=1","width":350,"height":200,"srcset":"https:\/\/i0.wp.com\/www.wallendorff.com\/belogue\/wp-content\/uploads\/2015\/04\/201011111.jpg?resize=350%2C200&ssl=1 1x, https:\/\/i0.wp.com\/www.wallendorff.com\/belogue\/wp-content\/uploads\/2015\/04\/201011111.jpg?resize=525%2C300&ssl=1 1.5x"},"classes":[]},{"id":9790,"url":"https:\/\/www.wallendorff.com\/belogue\/2010\/11\/12\/time-aint-gonna-cure-you-time-dont-give-a-shit\/","url_meta":{"origin":9801,"position":1},"title":"Time ain&rsquo;t gonna cure you, time don&rsquo;t give a shit.","author":"dpc","date":"12 novembre 2010","format":false,"excerpt":"A\u00e9roport de Stockholm-Arlanda, 30 ao\u00fbt. The Kills \u2013 Kissy Kissy (acoustic)","rel":"","context":"Dans &quot;DPC&quot;","block_context":{"text":"DPC","link":"https:\/\/www.wallendorff.com\/belogue\/category\/dpc\/"},"img":{"alt_text":"","src":"https:\/\/i0.wp.com\/www.wallendorff.com\/belogue\/wp-content\/uploads\/2015\/04\/201011121.jpg?resize=350%2C200&ssl=1","width":350,"height":200,"srcset":"https:\/\/i0.wp.com\/www.wallendorff.com\/belogue\/wp-content\/uploads\/2015\/04\/201011121.jpg?resize=350%2C200&ssl=1 1x, https:\/\/i0.wp.com\/www.wallendorff.com\/belogue\/wp-content\/uploads\/2015\/04\/201011121.jpg?resize=525%2C300&ssl=1 1.5x"},"classes":[]},{"id":23041,"url":"https:\/\/www.wallendorff.com\/belogue\/2014\/06\/24\/dix-ans-en-lair\/","url_meta":{"origin":9801,"position":2},"title":"Dix ans en l&rsquo;air.","author":"dpc","date":"24 juin 2014","format":false,"excerpt":"Dix ans d'avion. Dix ans d'a\u00e9roports. Dix ans de transit. Shiphol, three hours, three pics. Schiphol Luchthaven, Amsterdam, 18 d\u00e9cembre 2004. \u00a0 Schiphol Luchthaven, Amsterdam, 16 f\u00e9vrier 2005. \u00a0 Assises bonnes en gare. George Bush Intercontinental Airport, Houston, 27 avril 2007. \u00a0 Kilom\u00e8tre 2\u00a0488. Schiphol Luchthaven, Amsterdam, 2 avril 2008.\u2026","rel":"","context":"Dans &quot;DPC&quot;","block_context":{"text":"DPC","link":"https:\/\/www.wallendorff.com\/belogue\/category\/dpc\/"},"img":{"alt_text":"","src":"https:\/\/i0.wp.com\/www.wallendorff.com\/belogue\/wp-content\/uploads\/2015\/04\/201211013.jpg?resize=350%2C200&ssl=1","width":350,"height":200,"srcset":"https:\/\/i0.wp.com\/www.wallendorff.com\/belogue\/wp-content\/uploads\/2015\/04\/201211013.jpg?resize=350%2C200&ssl=1 1x, https:\/\/i0.wp.com\/www.wallendorff.com\/belogue\/wp-content\/uploads\/2015\/04\/201211013.jpg?resize=525%2C300&ssl=1 1.5x, https:\/\/i0.wp.com\/www.wallendorff.com\/belogue\/wp-content\/uploads\/2015\/04\/201211013.jpg?resize=700%2C400&ssl=1 2x"},"classes":[]},{"id":37506,"url":"https:\/\/www.wallendorff.com\/belogue\/2018\/02\/28\/fevrier-2018\/","url_meta":{"origin":9801,"position":3},"title":"F\u00e9vrier 2018.","author":"dpc","date":"28 f\u00e9vrier 2018","format":false,"excerpt":"Un spectale, un chat pr\u00e9nomm\u00e9 Rajiv, une route, un moulin, un concert, de la neige, un avion, une rel\u00e8ve, une ruelle, des petits chouals, un coin \u00e0 coins-coins, une passerelle, un palais royal, une gasque, des paillardes exotiques, un lac, une ruelle, une \u00e9glise, un bonnet, un h\u00f4tel de ville,\u2026","rel":"","context":"Dans &quot;Blog-note&quot;","block_context":{"text":"Blog-note","link":"https:\/\/www.wallendorff.com\/belogue\/category\/blog-note\/"},"img":{"alt_text":"","src":"https:\/\/i0.wp.com\/www.wallendorff.com\/belogue\/wp-content\/uploads\/2018\/03\/20180313-48.jpg?resize=350%2C200&ssl=1","width":350,"height":200,"srcset":"https:\/\/i0.wp.com\/www.wallendorff.com\/belogue\/wp-content\/uploads\/2018\/03\/20180313-48.jpg?resize=350%2C200&ssl=1 1x, https:\/\/i0.wp.com\/www.wallendorff.com\/belogue\/wp-content\/uploads\/2018\/03\/20180313-48.jpg?resize=525%2C300&ssl=1 1.5x, https:\/\/i0.wp.com\/www.wallendorff.com\/belogue\/wp-content\/uploads\/2018\/03\/20180313-48.jpg?resize=700%2C400&ssl=1 2x, https:\/\/i0.wp.com\/www.wallendorff.com\/belogue\/wp-content\/uploads\/2018\/03\/20180313-48.jpg?resize=1050%2C600&ssl=1 3x"},"classes":[]},{"id":41100,"url":"https:\/\/www.wallendorff.com\/belogue\/2019\/01\/31\/janvier-2019\/","url_meta":{"origin":9801,"position":4},"title":"Janvier 2019.","author":"dpc","date":"31 janvier 2019","format":false,"excerpt":"Un r\u00e9veillon, un chat pr\u00e9nomm\u00e9 Salsifis, un routier, un souper, un bar, une ruelle, une cour, un portrait, un miroir, un avion, un num\u00e9ro, un m\u00e9tro, une rue, des di\u0161ques, un m\u00e9tro, des grues, une ruelle, un bonnet, un cr\u00e9puscule, un sapin, un bateau, un escalier, un tunnel, une rue,\u2026","rel":"","context":"Dans &quot;Blog-note&quot;","block_context":{"text":"Blog-note","link":"https:\/\/www.wallendorff.com\/belogue\/category\/blog-note\/"},"img":{"alt_text":"","src":"https:\/\/i0.wp.com\/www.wallendorff.com\/belogue\/wp-content\/uploads\/2019\/02\/20190212-60.jpg?resize=350%2C200&ssl=1","width":350,"height":200,"srcset":"https:\/\/i0.wp.com\/www.wallendorff.com\/belogue\/wp-content\/uploads\/2019\/02\/20190212-60.jpg?resize=350%2C200&ssl=1 1x, https:\/\/i0.wp.com\/www.wallendorff.com\/belogue\/wp-content\/uploads\/2019\/02\/20190212-60.jpg?resize=525%2C300&ssl=1 1.5x, https:\/\/i0.wp.com\/www.wallendorff.com\/belogue\/wp-content\/uploads\/2019\/02\/20190212-60.jpg?resize=700%2C400&ssl=1 2x, https:\/\/i0.wp.com\/www.wallendorff.com\/belogue\/wp-content\/uploads\/2019\/02\/20190212-60.jpg?resize=1050%2C600&ssl=1 3x"},"classes":[]},{"id":129376,"url":"https:\/\/www.wallendorff.com\/belogue\/2024\/07\/22\/terminal-1-aeroport-de-paris-charles-de-gaulle-roissy-en-france-17-juillet-2024\/","url_meta":{"origin":9801,"position":5},"title":"Terminal 1 @ a\u00e9roport de Paris-Charles-de-Gaulle, Roissy-en-France, 17 juillet 2024.","author":"dpc","date":"22 juillet 2024","format":false,"excerpt":"","rel":"","context":"Dans &quot;Alive&quot;","block_context":{"text":"Alive","link":"https:\/\/www.wallendorff.com\/belogue\/category\/alive\/"},"img":{"alt_text":"","src":"https:\/\/i0.wp.com\/www.wallendorff.com\/belogue\/wp-content\/uploads\/2024\/07\/20240722-42.jpg?resize=350%2C200&ssl=1","width":350,"height":200,"srcset":"https:\/\/i0.wp.com\/www.wallendorff.com\/belogue\/wp-content\/uploads\/2024\/07\/20240722-42.jpg?resize=350%2C200&ssl=1 1x, https:\/\/i0.wp.com\/www.wallendorff.com\/belogue\/wp-content\/uploads\/2024\/07\/20240722-42.jpg?resize=525%2C300&ssl=1 1.5x, https:\/\/i0.wp.com\/www.wallendorff.com\/belogue\/wp-content\/uploads\/2024\/07\/20240722-42.jpg?resize=700%2C400&ssl=1 2x, https:\/\/i0.wp.com\/www.wallendorff.com\/belogue\/wp-content\/uploads\/2024\/07\/20240722-42.jpg?resize=1050%2C600&ssl=1 3x"},"classes":[]}],"_links":{"self":[{"href":"https:\/\/www.wallendorff.com\/belogue\/wp-json\/wp\/v2\/posts\/9801","targetHints":{"allow":["GET"]}}],"collection":[{"href":"https:\/\/www.wallendorff.com\/belogue\/wp-json\/wp\/v2\/posts"}],"about":[{"href":"https:\/\/www.wallendorff.com\/belogue\/wp-json\/wp\/v2\/types\/post"}],"author":[{"embeddable":true,"href":"https:\/\/www.wallendorff.com\/belogue\/wp-json\/wp\/v2\/users\/1"}],"replies":[{"embeddable":true,"href":"https:\/\/www.wallendorff.com\/belogue\/wp-json\/wp\/v2\/comments?post=9801"}],"version-history":[{"count":1,"href":"https:\/\/www.wallendorff.com\/belogue\/wp-json\/wp\/v2\/posts\/9801\/revisions"}],"predecessor-version":[{"id":18506,"href":"https:\/\/www.wallendorff.com\/belogue\/wp-json\/wp\/v2\/posts\/9801\/revisions\/18506"}],"wp:featuredmedia":[{"embeddable":true,"href":"https:\/\/www.wallendorff.com\/belogue\/wp-json\/wp\/v2\/media\/25963"}],"wp:attachment":[{"href":"https:\/\/www.wallendorff.com\/belogue\/wp-json\/wp\/v2\/media?parent=9801"}],"wp:term":[{"taxonomy":"category","embeddable":true,"href":"https:\/\/www.wallendorff.com\/belogue\/wp-json\/wp\/v2\/categories?post=9801"},{"taxonomy":"post_tag","embeddable":true,"href":"https:\/\/www.wallendorff.com\/belogue\/wp-json\/wp\/v2\/tags?post=9801"}],"curies":[{"name":"wp","href":"https:\/\/api.w.org\/{rel}","templated":true}]}}