{"id":9792,"date":"2010-11-14T09:33:22","date_gmt":"2010-11-14T08:33:22","guid":{"rendered":"http:\/\/www.po-l.com\/belogue\/?p=9792"},"modified":"2018-05-23T08:07:28","modified_gmt":"2018-05-23T06:07:28","slug":"shooting-people-75","status":"publish","type":"post","link":"https:\/\/www.wallendorff.com\/belogue\/2010\/11\/14\/shooting-people-75\/","title":{"rendered":"Shooting people #75."},"content":{"rendered":"\n<div id=\"photo\">\n<p><img decoding=\"async\" src=\"https:\/\/www.wallendorff.com\/belogue\/photo\/2010\/11\/20101114.jpg\" \/><br \/>\nStation Cit&eacute;, Paris, 11 novembre.<\/p>\n<\/p><\/div>\n<p style=\"text-align:right\">[Sleepless in Cit\u00e9 n<sup>o<\/sup> II.]<\/p>\n<div id=\"bandeson\">\n<p><img decoding=\"async\" src=\"https:\/\/www.wallendorff.com\/belogue\/photo\/pochettes\/d\/deus-the_ideal_crash.jpg\" align=\"left\" \/><a href=\"http:\/\/www.deus.be\/\">dEUS<\/a> &ndash; <em>The Ideal Crash<\/em><\/p>\n<\/p><\/div>\n","protected":false},"excerpt":{"rendered":"<p>Station Cit&eacute;, Paris, 11 novembre. [Sleepless in Cit\u00e9 no II.] dEUS &ndash; The Ideal Crash<\/p>\n","protected":false},"author":1,"featured_media":25962,"comment_status":"open","ping_status":"open","sticky":false,"template":"","format":"standard","meta":{"_acf_changed":false,"ngg_post_thumbnail":0,"jetpack_post_was_ever_published":false,"_jetpack_newsletter_access":"","_jetpack_dont_email_post_to_subs":false,"_jetpack_newsletter_tier_id":0,"_jetpack_memberships_contains_paywalled_content":false,"_jetpack_memberships_contains_paid_content":false,"footnotes":"","jetpack_publicize_message":"","jetpack_publicize_feature_enabled":true,"jetpack_social_post_already_shared":false,"jetpack_social_options":{"image_generator_settings":{"template":"highway","default_image_id":0,"font":"","enabled":false},"version":2}},"categories":[8],"tags":[10277,1438,2615,1275,10166,10210,10340,10120,10279,10121,1274,10119,143,10098,10272,4425],"class_list":["post-9792","post","type-post","status-publish","format-standard","has-post-thumbnail","hentry","category-portraits","tag-10277","tag-ef-50-mm-f14-usm","tag-eos-5d-mark-ii","tag-cite","tag-deus","tag-escalier","tag-fille","tag-france","tag-ile-de-la-cite","tag-ile-de-france","tag-ligne-4","tag-metro","tag-noir-et-blanc","tag-paris","tag-portrait","tag-the-ideal-crash"],"acf":[],"geo":{"latitude":48.8554039,"longitude":2.347265,"description":"Place Louis L\u00e9pine, 75004 Paris, France"},"jetpack_publicize_connections":[],"jetpack_featured_media_url":"https:\/\/www.wallendorff.com\/belogue\/wp-content\/uploads\/2015\/04\/201011141.jpg","jetpack_shortlink":"https:\/\/wp.me\/p3b35P-2xW","jetpack_sharing_enabled":true,"jetpack-related-posts":[{"id":11333,"url":"https:\/\/www.wallendorff.com\/belogue\/2011\/01\/11\/les-boules\/","url_meta":{"origin":9792,"position":0},"title":"Les boules.","author":"dpc","date":"11 janvier 2011","format":false,"excerpt":"Station Cit\u00e9, Paris, 11 novembre 2010. [Sleepless in Cit\u00e9 no III.] \u00a0Sleeping in the Aviary \u2013 You Don't Have to Drive","rel":"","context":"Dans &quot;DPC&quot;","block_context":{"text":"DPC","link":"https:\/\/www.wallendorff.com\/belogue\/category\/dpc\/"},"img":{"alt_text":"","src":"https:\/\/i0.wp.com\/www.wallendorff.com\/belogue\/wp-content\/uploads\/2015\/04\/201101111.jpg?resize=350%2C200&ssl=1","width":350,"height":200},"classes":[]},{"id":13165,"url":"https:\/\/www.wallendorff.com\/belogue\/2011\/08\/26\/des-os-redonnes\/","url_meta":{"origin":9792,"position":1},"title":"Des os, redonn\u00e9s.","author":"dpc","date":"26 ao\u00fbt 2011","format":false,"excerpt":"Station Cit\u00e9, Paris, 26 juillet. [Sleepless in Cit\u00e9 no IV.] Sifflotons l'air de rien. \u00a0Tom Vek \u2013 Close Mic'ed","rel":"","context":"Dans &quot;DPC&quot;","block_context":{"text":"DPC","link":"https:\/\/www.wallendorff.com\/belogue\/category\/dpc\/"},"img":{"alt_text":"","src":"https:\/\/i0.wp.com\/www.wallendorff.com\/belogue\/wp-content\/uploads\/2015\/04\/201108261.jpg?resize=350%2C200&ssl=1","width":350,"height":200,"srcset":"https:\/\/i0.wp.com\/www.wallendorff.com\/belogue\/wp-content\/uploads\/2015\/04\/201108261.jpg?resize=350%2C200&ssl=1 1x, https:\/\/i0.wp.com\/www.wallendorff.com\/belogue\/wp-content\/uploads\/2015\/04\/201108261.jpg?resize=525%2C300&ssl=1 1.5x"},"classes":[]},{"id":4063,"url":"https:\/\/www.wallendorff.com\/belogue\/2009\/03\/25\/angle-un-quart-nest\/","url_meta":{"origin":9792,"position":2},"title":"Angle un quart n&rsquo;est.","author":"dpc","date":"25 mars 2009","format":false,"excerpt":"Cit\u00e9 du Midi, Paris, 14 f\u00e9vrier. The Hard Lessons \u2013 Go Die","rel":"","context":"Dans &quot;DPC&quot;","block_context":{"text":"DPC","link":"https:\/\/www.wallendorff.com\/belogue\/category\/dpc\/"},"img":{"alt_text":"","src":"https:\/\/i0.wp.com\/www.wallendorff.com\/belogue\/wp-content\/uploads\/2015\/04\/200903251.jpg?resize=350%2C200&ssl=1","width":350,"height":200},"classes":[]},{"id":130781,"url":"https:\/\/www.wallendorff.com\/belogue\/2024\/10\/10\/reinstallation-de-la-croix-du-chevet-de-notre-dame\/","url_meta":{"origin":9792,"position":3},"title":"R\u00e9installation de la croix du chevet de Notre-Dame","author":"dpc","date":"10 octobre 2024","format":false,"excerpt":"","rel":"","context":"Dans &quot;DPC&quot;","block_context":{"text":"DPC","link":"https:\/\/www.wallendorff.com\/belogue\/category\/dpc\/"},"img":{"alt_text":"","src":"https:\/\/i0.wp.com\/www.wallendorff.com\/belogue\/wp-content\/uploads\/2024\/10\/20241010-23.jpg?resize=350%2C200&ssl=1","width":350,"height":200,"srcset":"https:\/\/i0.wp.com\/www.wallendorff.com\/belogue\/wp-content\/uploads\/2024\/10\/20241010-23.jpg?resize=350%2C200&ssl=1 1x, https:\/\/i0.wp.com\/www.wallendorff.com\/belogue\/wp-content\/uploads\/2024\/10\/20241010-23.jpg?resize=525%2C300&ssl=1 1.5x, https:\/\/i0.wp.com\/www.wallendorff.com\/belogue\/wp-content\/uploads\/2024\/10\/20241010-23.jpg?resize=700%2C400&ssl=1 2x, https:\/\/i0.wp.com\/www.wallendorff.com\/belogue\/wp-content\/uploads\/2024\/10\/20241010-23.jpg?resize=1050%2C600&ssl=1 3x"},"classes":[]},{"id":12207,"url":"https:\/\/www.wallendorff.com\/belogue\/2011\/02\/07\/etage-ma-halle\/","url_meta":{"origin":9792,"position":4},"title":"\u00c9tage [ma halle].","author":"dpc","date":"7 f\u00e9vrier 2011","format":false,"excerpt":"Cit\u00e9 l'Argentine, Paris, 8 janvier. C'est tellement plus beau, les gens de dos. \u00a0Kasabian \u2013 Secret Alphabets","rel":"","context":"Dans &quot;DPC&quot;","block_context":{"text":"DPC","link":"https:\/\/www.wallendorff.com\/belogue\/category\/dpc\/"},"img":{"alt_text":"","src":"https:\/\/i0.wp.com\/www.wallendorff.com\/belogue\/wp-content\/uploads\/2015\/04\/201102071.jpg?resize=350%2C200&ssl=1","width":350,"height":200},"classes":[]},{"id":12996,"url":"https:\/\/www.wallendorff.com\/belogue\/2011\/07\/11\/im-from-barcelona-soko-cite-de-la-musique-paris\/","url_meta":{"origin":9792,"position":5},"title":"I&rsquo;m from Barcelona + Soko @ Cit\u00e9 de la Musique, Paris.","author":"dpc","date":"11 juillet 2011","format":false,"excerpt":"Intro: Barcelona (Freddie Mercury \/ Montserrat Caball\u00e9) | Get in Line | Charlie Parker | Always Spring | Headphones | This Boy | Mingus | Dr. Landy | Oversleeping \/ ? | Come on | Jenny | We're from Barcelona | Treehouse | The Painter | Barcelona Loves You \/\u2026","rel":"","context":"Dans &quot;Alive&quot;","block_context":{"text":"Alive","link":"https:\/\/www.wallendorff.com\/belogue\/category\/alive\/"},"img":{"alt_text":"","src":"https:\/\/i0.wp.com\/www.wallendorff.com\/belogue\/wp-content\/uploads\/2015\/04\/201107111.jpg?resize=350%2C200&ssl=1","width":350,"height":200,"srcset":"https:\/\/i0.wp.com\/www.wallendorff.com\/belogue\/wp-content\/uploads\/2015\/04\/201107111.jpg?resize=350%2C200&ssl=1 1x, https:\/\/i0.wp.com\/www.wallendorff.com\/belogue\/wp-content\/uploads\/2015\/04\/201107111.jpg?resize=525%2C300&ssl=1 1.5x, https:\/\/i0.wp.com\/www.wallendorff.com\/belogue\/wp-content\/uploads\/2015\/04\/201107111.jpg?resize=700%2C400&ssl=1 2x"},"classes":[]}],"_links":{"self":[{"href":"https:\/\/www.wallendorff.com\/belogue\/wp-json\/wp\/v2\/posts\/9792","targetHints":{"allow":["GET"]}}],"collection":[{"href":"https:\/\/www.wallendorff.com\/belogue\/wp-json\/wp\/v2\/posts"}],"about":[{"href":"https:\/\/www.wallendorff.com\/belogue\/wp-json\/wp\/v2\/types\/post"}],"author":[{"embeddable":true,"href":"https:\/\/www.wallendorff.com\/belogue\/wp-json\/wp\/v2\/users\/1"}],"replies":[{"embeddable":true,"href":"https:\/\/www.wallendorff.com\/belogue\/wp-json\/wp\/v2\/comments?post=9792"}],"version-history":[{"count":3,"href":"https:\/\/www.wallendorff.com\/belogue\/wp-json\/wp\/v2\/posts\/9792\/revisions"}],"predecessor-version":[{"id":29861,"href":"https:\/\/www.wallendorff.com\/belogue\/wp-json\/wp\/v2\/posts\/9792\/revisions\/29861"}],"wp:featuredmedia":[{"embeddable":true,"href":"https:\/\/www.wallendorff.com\/belogue\/wp-json\/wp\/v2\/media\/25962"}],"wp:attachment":[{"href":"https:\/\/www.wallendorff.com\/belogue\/wp-json\/wp\/v2\/media?parent=9792"}],"wp:term":[{"taxonomy":"category","embeddable":true,"href":"https:\/\/www.wallendorff.com\/belogue\/wp-json\/wp\/v2\/categories?post=9792"},{"taxonomy":"post_tag","embeddable":true,"href":"https:\/\/www.wallendorff.com\/belogue\/wp-json\/wp\/v2\/tags?post=9792"}],"curies":[{"name":"wp","href":"https:\/\/api.w.org\/{rel}","templated":true}]}}