{"id":979,"date":"2007-06-21T10:11:33","date_gmt":"2007-06-21T10:11:33","guid":{"rendered":"http:\/\/www.po-l.com\/wordpress\/?p=979"},"modified":"2011-10-26T10:40:02","modified_gmt":"2011-10-26T08:40:02","slug":"narrow-terence-l-elysee-montmartre-paris-12-juin","status":"publish","type":"post","link":"https:\/\/www.wallendorff.com\/belogue\/2007\/06\/21\/narrow-terence-l-elysee-montmartre-paris-12-juin\/","title":{"rendered":"Narrow Terence @ l&rsquo;\u00c9lys\u00e9e-Montmartre, Paris, 12 juin."},"content":{"rendered":"\n<div id=\"photo\">\n<p><img decoding=\"async\" src=\"https:\/\/www.wallendorff.com\/belogue\/photo\/2007\/06\/20070621.jpg\" \/><\/p>\n<\/p><\/div>\n<div id=\"bandeson\">\n<p><img decoding=\"async\" src=\"https:\/\/www.wallendorff.com\/belogue\/photo\/pochettes\/y\/yeah_yeah_yeahs-tell_me_what_rockers_to_swallow.jpg\" align=\"left\" \/>&nbsp;<a href=\"http:\/\/www.yeahyeahyeahs.com\/\">Yeah Yeah Yeahs<\/a> &ndash; <em>Rockers to Swallow<\/em> (live)<\/p>\n<\/p><\/div>ngg_shortcode_0_placeholder","protected":false},"excerpt":{"rendered":"<p>&nbsp;Yeah Yeah Yeahs &ndash; Rockers to Swallow (live)<\/p>\n","protected":false},"author":1,"featured_media":24912,"comment_status":"open","ping_status":"open","sticky":false,"template":"","format":"standard","meta":{"_acf_changed":false,"ngg_post_thumbnail":0,"jetpack_post_was_ever_published":false,"_jetpack_newsletter_access":"","_jetpack_dont_email_post_to_subs":false,"_jetpack_newsletter_tier_id":0,"_jetpack_memberships_contains_paywalled_content":false,"_jetpack_memberships_contains_paid_content":false,"footnotes":"","jetpack_publicize_message":"","jetpack_publicize_feature_enabled":true,"jetpack_social_post_already_shared":false,"jetpack_social_options":{"image_generator_settings":{"template":"highway","default_image_id":0,"font":"","enabled":false},"version":2}},"categories":[7],"tags":[10134,10143,10084,4516,196,142,132,10120,10121,10276,10716,143,10098,2032,404],"class_list":["post-979","post","type-post","status-publish","format-standard","has-post-thumbnail","hentry","category-alive","tag-10134","tag-10143","tag-alive","tag-boulevard-rochechouart","tag-ef-28-70-mm-f28l-usm","tag-ef-s-10-22-mm-f35-45-usm","tag-eos-20d","tag-france","tag-ile-de-france","tag-lelysee-montmartre","tag-narrow-terence","tag-noir-et-blanc","tag-paris","tag-rockers-to-swallow","tag-the-yeah-yeah-yeahs"],"acf":[],"geo":{"latitude":48.883007,"longitude":2.3433254,"description":"72 Boulevard de Rochechouart, 75018 Paris, France"},"jetpack_publicize_connections":[],"jetpack_featured_media_url":"https:\/\/www.wallendorff.com\/belogue\/wp-content\/uploads\/2015\/04\/200706211.jpg","jetpack_shortlink":"https:\/\/wp.me\/p3b35P-fN","jetpack_sharing_enabled":true,"jetpack-related-posts":[{"id":33901,"url":"https:\/\/www.wallendorff.com\/belogue\/2017\/04\/26\/isaac-delusion-lelysee-montmartre-paris\/","url_meta":{"origin":979,"position":0},"title":"Isaac Delusion @ l&rsquo;\u00c9lys\u00e9e-Montmartre, Paris.","author":"dpc","date":"26 avril 2017","format":false,"excerpt":"","rel":"","context":"Dans &quot;Alive&quot;","block_context":{"text":"Alive","link":"https:\/\/www.wallendorff.com\/belogue\/category\/alive\/"},"img":{"alt_text":"","src":"https:\/\/i0.wp.com\/www.wallendorff.com\/belogue\/wp-content\/uploads\/2017\/04\/20170426-13.jpg?resize=350%2C200&ssl=1","width":350,"height":200,"srcset":"https:\/\/i0.wp.com\/www.wallendorff.com\/belogue\/wp-content\/uploads\/2017\/04\/20170426-13.jpg?resize=350%2C200&ssl=1 1x, https:\/\/i0.wp.com\/www.wallendorff.com\/belogue\/wp-content\/uploads\/2017\/04\/20170426-13.jpg?resize=525%2C300&ssl=1 1.5x, https:\/\/i0.wp.com\/www.wallendorff.com\/belogue\/wp-content\/uploads\/2017\/04\/20170426-13.jpg?resize=700%2C400&ssl=1 2x"},"classes":[]},{"id":4294,"url":"https:\/\/www.wallendorff.com\/belogue\/2009\/06\/13\/elmer-food-beat-lelysee-montmartre-paris\/","url_meta":{"origin":979,"position":1},"title":"Elmer Food Beat @ l&rsquo;\u00c9lys\u00e9e-Montmartre, Paris.","author":"dpc","date":"13 juin 2009","format":false,"excerpt":"\u00a0 The Greenhornes \u2013 Can't Stand It (alternate version) \u00c7a, c'est fait.","rel":"","context":"Dans &quot;Alive&quot;","block_context":{"text":"Alive","link":"https:\/\/www.wallendorff.com\/belogue\/category\/alive\/"},"img":{"alt_text":"","src":"https:\/\/i0.wp.com\/www.wallendorff.com\/belogue\/wp-content\/uploads\/2015\/04\/200906131.jpg?resize=350%2C200&ssl=1","width":350,"height":200,"srcset":"https:\/\/i0.wp.com\/www.wallendorff.com\/belogue\/wp-content\/uploads\/2015\/04\/200906131.jpg?resize=350%2C200&ssl=1 1x, https:\/\/i0.wp.com\/www.wallendorff.com\/belogue\/wp-content\/uploads\/2015\/04\/200906131.jpg?resize=525%2C300&ssl=1 1.5x, https:\/\/i0.wp.com\/www.wallendorff.com\/belogue\/wp-content\/uploads\/2015\/04\/200906131.jpg?resize=700%2C400&ssl=1 2x"},"classes":[]},{"id":7547,"url":"https:\/\/www.wallendorff.com\/belogue\/2010\/05\/17\/unkle-lelysee-montmartre-paris\/","url_meta":{"origin":979,"position":2},"title":"UNKLE @ l&rsquo;\u00c9lys\u00e9e-Montmartre, Paris.","author":"dpc","date":"17 mai 2010","format":false,"excerpt":"\u00a0Holy Fuck \u2013 Latin America","rel":"","context":"Dans &quot;Alive&quot;","block_context":{"text":"Alive","link":"https:\/\/www.wallendorff.com\/belogue\/category\/alive\/"},"img":{"alt_text":"","src":"https:\/\/i0.wp.com\/www.wallendorff.com\/belogue\/wp-content\/uploads\/2015\/04\/20100517-011.jpg?resize=350%2C200&ssl=1","width":350,"height":200,"srcset":"https:\/\/i0.wp.com\/www.wallendorff.com\/belogue\/wp-content\/uploads\/2015\/04\/20100517-011.jpg?resize=350%2C200&ssl=1 1x, https:\/\/i0.wp.com\/www.wallendorff.com\/belogue\/wp-content\/uploads\/2015\/04\/20100517-011.jpg?resize=525%2C300&ssl=1 1.5x, https:\/\/i0.wp.com\/www.wallendorff.com\/belogue\/wp-content\/uploads\/2015\/04\/20100517-011.jpg?resize=700%2C400&ssl=1 2x"},"classes":[]},{"id":974,"url":"https:\/\/www.wallendorff.com\/belogue\/2007\/06\/13\/mademoiselle-k-l-elysee-montmartre-paris\/","url_meta":{"origin":979,"position":3},"title":"Mademoiselle K @ l&rsquo;\u00c9lys\u00e9e-Montmartre, Paris.","author":"dpc","date":"13 juin 2007","format":false,"excerpt":"\u00catre rock en 2007, c'est renier le cornichon pour soutenir la betterave. \u00a0Flogging Molly \u2013 Devil's Dance Floor (acoustic)","rel":"","context":"Dans &quot;Alive&quot;","block_context":{"text":"Alive","link":"https:\/\/www.wallendorff.com\/belogue\/category\/alive\/"},"img":{"alt_text":"","src":"https:\/\/i0.wp.com\/www.wallendorff.com\/belogue\/wp-content\/uploads\/2015\/04\/200706131.jpg?resize=350%2C200&ssl=1","width":350,"height":200,"srcset":"https:\/\/i0.wp.com\/www.wallendorff.com\/belogue\/wp-content\/uploads\/2015\/04\/200706131.jpg?resize=350%2C200&ssl=1 1x, https:\/\/i0.wp.com\/www.wallendorff.com\/belogue\/wp-content\/uploads\/2015\/04\/200706131.jpg?resize=525%2C300&ssl=1 1.5x, https:\/\/i0.wp.com\/www.wallendorff.com\/belogue\/wp-content\/uploads\/2015\/04\/200706131.jpg?resize=700%2C400&ssl=1 2x"},"classes":[]},{"id":3651,"url":"https:\/\/www.wallendorff.com\/belogue\/2008\/12\/05\/julien-dore-lelysee-montmartre-paris-4-decembre\/","url_meta":{"origin":979,"position":4},"title":"Julien Dor\u00e9 @ l&rsquo;\u00c9lys\u00e9e-Montmartre, Paris.","author":"dpc","date":"5 d\u00e9cembre 2008","format":false,"excerpt":"Vivent les attach\u00e9es de presse, les spots, les \u00e9clairagistes, le format brut, les photos au 1\u00a0600e et euh... Radiohead. Radiohead \u2013 Electioneering","rel":"","context":"Dans &quot;Alive&quot;","block_context":{"text":"Alive","link":"https:\/\/www.wallendorff.com\/belogue\/category\/alive\/"},"img":{"alt_text":"","src":"https:\/\/i0.wp.com\/www.wallendorff.com\/belogue\/wp-content\/uploads\/2015\/04\/200812051.jpg?resize=350%2C200&ssl=1","width":350,"height":200,"srcset":"https:\/\/i0.wp.com\/www.wallendorff.com\/belogue\/wp-content\/uploads\/2015\/04\/200812051.jpg?resize=350%2C200&ssl=1 1x, https:\/\/i0.wp.com\/www.wallendorff.com\/belogue\/wp-content\/uploads\/2015\/04\/200812051.jpg?resize=525%2C300&ssl=1 1.5x, https:\/\/i0.wp.com\/www.wallendorff.com\/belogue\/wp-content\/uploads\/2015\/04\/200812051.jpg?resize=700%2C400&ssl=1 2x"},"classes":[]},{"id":948,"url":"https:\/\/www.wallendorff.com\/belogue\/2007\/05\/10\/195queens-of-the-stone-age-l-elysee-montmartre-paris\/","url_meta":{"origin":979,"position":5},"title":"[195] Queens of the Stone Age @ l&rsquo;\u00c9lys\u00e9e-Montmartre, Paris.","author":"dpc","date":"10 mai 2007","format":false,"excerpt":"H\u00e9h\u00e9h\u00e9, \u00e0 5\u00a0cm pr\u00e8s, je coupais aussi la main gauche du Josh Homme et apr\u00e8s \u00e7a et \u00e7a, on \u00e9tait parti pour une nouvelle s\u00e9rie de sinistrachirophobie, dis donc. \u00a0The Raconteurs \u2013 Level (live)","rel":"","context":"Dans &quot;Alive&quot;","block_context":{"text":"Alive","link":"https:\/\/www.wallendorff.com\/belogue\/category\/alive\/"},"img":{"alt_text":"","src":"https:\/\/i0.wp.com\/www.wallendorff.com\/belogue\/wp-content\/uploads\/2015\/04\/200705101.jpg?resize=350%2C200&ssl=1","width":350,"height":200},"classes":[]}],"_links":{"self":[{"href":"https:\/\/www.wallendorff.com\/belogue\/wp-json\/wp\/v2\/posts\/979","targetHints":{"allow":["GET"]}}],"collection":[{"href":"https:\/\/www.wallendorff.com\/belogue\/wp-json\/wp\/v2\/posts"}],"about":[{"href":"https:\/\/www.wallendorff.com\/belogue\/wp-json\/wp\/v2\/types\/post"}],"author":[{"embeddable":true,"href":"https:\/\/www.wallendorff.com\/belogue\/wp-json\/wp\/v2\/users\/1"}],"replies":[{"embeddable":true,"href":"https:\/\/www.wallendorff.com\/belogue\/wp-json\/wp\/v2\/comments?post=979"}],"version-history":[{"count":2,"href":"https:\/\/www.wallendorff.com\/belogue\/wp-json\/wp\/v2\/posts\/979\/revisions"}],"predecessor-version":[{"id":2894,"href":"https:\/\/www.wallendorff.com\/belogue\/wp-json\/wp\/v2\/posts\/979\/revisions\/2894"}],"wp:featuredmedia":[{"embeddable":true,"href":"https:\/\/www.wallendorff.com\/belogue\/wp-json\/wp\/v2\/media\/24912"}],"wp:attachment":[{"href":"https:\/\/www.wallendorff.com\/belogue\/wp-json\/wp\/v2\/media?parent=979"}],"wp:term":[{"taxonomy":"category","embeddable":true,"href":"https:\/\/www.wallendorff.com\/belogue\/wp-json\/wp\/v2\/categories?post=979"},{"taxonomy":"post_tag","embeddable":true,"href":"https:\/\/www.wallendorff.com\/belogue\/wp-json\/wp\/v2\/tags?post=979"}],"curies":[{"name":"wp","href":"https:\/\/api.w.org\/{rel}","templated":true}]}}