{"id":9772,"date":"2010-11-10T10:44:09","date_gmt":"2010-11-10T09:44:09","guid":{"rendered":"http:\/\/www.po-l.com\/belogue\/?p=9772"},"modified":"2013-01-10T12:35:17","modified_gmt":"2013-01-10T10:35:17","slug":"the-black-keys-the-walkmen-le-bataclan-paris","status":"publish","type":"post","link":"https:\/\/www.wallendorff.com\/belogue\/2010\/11\/10\/the-black-keys-the-walkmen-le-bataclan-paris\/","title":{"rendered":"The Black Keys + The Walkmen @ le Bataclan, Paris."},"content":{"rendered":"<div id=\"photo\">\n<p><img decoding=\"async\" src=\"https:\/\/www.wallendorff.com\/belogue\/photo\/2010\/11\/20101110.jpg\" \/><\/p>\n<\/div>\n<div id=\"setlist\">\n<p><em>Thickfreakness<\/em> | <em>Girl Is on My Mind<\/em> | <em>10&nbsp;am Automatic<\/em> | <em>The Breaks<\/em> | <em>Stack Shot Billy<\/em> | <em>Busted<\/em> | <em>Act  Nice and Gentle<\/em> (The Kinks) | <em>Everlasting Light<\/em> | <em>Next Girl<\/em> | <em>Chop and Change<\/em> | <em>Howlin&rsquo; for You<\/em> | <em>She&rsquo;s Long Gone<\/em> | <em>Ten-Cent Pistol<\/em> || <em>I&rsquo;ll Be Your Man<\/em> | <em>Strange Times<\/em> | <em>I Got Mine<\/em> || <em>Sinister Kid<\/em> | <em>Your  Touch<\/em><\/p>\n<\/div>\n<p>Voil&agrave; donc un groupe qui, en un peu moins de quatre ans, est pass&eacute; de <a href=\"https:\/\/www.wallendorff.com\/belogue\/2007\/03\/02\/the-black-keys-la-cigale-paris\/\">Cigales blind&eacute;es de vieux rock&egrave;res velus<\/a> &agrave; de raffin&eacute;s Bataclan sentant bon son pipole. Ce ne sont pas les premiers, ni les derniers&nbsp;; mais l&agrave;, ce changement s&rsquo;est op&eacute;r&eacute; sans que les puristes se l&egrave;vent pour traiter le duo de prostitu&eacute;s vendus au grand capital. Parce qu&rsquo;il n&rsquo;y a pas eu prostitution, ni vente. Parce que les Blacks Keys restent fid&egrave;les &agrave; eux-m&ecirc;mes et que <em>Brothers<\/em> est une des r&eacute;ussites de 2010. Parce que loin de rester cantonn&eacute;s dans leur blues garage de r&eacute;f&eacute;rence, Auerbach et Carney s&rsquo;aventurent sur de nouveaux terrains, ici avec Modest Mouse, l&agrave; avec toute une brochette de rappeurs. Seul compromis esth&eacute;tique&nbsp;: Auerbach s&rsquo;est coup&eacute; les cheveux. Entre nous, pour les photos &ccedil;a nous arrange.<\/p>\n<p>Et ce Bataclan, alors&nbsp;? Mortel, ce Bataclan. Torride, rauque, graisseux, enrag&eacute; et incendiaire. Sans concession aucune. Les Black Keys ne seront jamais les White Stripes &#8213;&nbsp;parce que quoi qu&rsquo;il fasse, Patrick Carney n&rsquo;atteindra jamais le charme gracieux et mammaire de Meg White&nbsp;&#8213; mais vraiment on n&rsquo;est pas loin. Vraiment. Et ce n&rsquo;est pas rien.<\/p>\n<div id=\"bandeson\">\n<p><img decoding=\"async\" src=\"https:\/\/www.wallendorff.com\/belogue\/photo\/pochettes\/b\/black_keys_the-the_live_ep.jpg\" align=\"left\" \/><a href=\"http:\/\/www.theblackkeys.com\/\">The Black Keys<\/a> &ndash; <em>10 am Automatic <\/em>(live)<\/p>\n<\/div>\n<h1>The Walkmen<\/h1>ngg_shortcode_0_placeholder<h1>The Black Keys<\/h1>ngg_shortcode_1_placeholder<p class=\"petit\">PS &#8213; Notons &ccedil;a ici histoire de ne pas oublier&nbsp;: je crois que le tour bus d&rsquo;Oceansize sortant du Nouveau Casino s&rsquo;est arr&ecirc;t&eacute; devant chez moi &agrave; 1h du matin avec un g&acirc;teau d&rsquo;anniversaire transparaissant &agrave; travers ses vitres teint&eacute;es et un <em>happy birthday lkjhoihudh<\/em> r&eacute;sonnant dans la rue vide et froide avant de red&eacute;marrer aussi sec. La seule chose qui m&rsquo;assure que je n&rsquo;ai pas r&ecirc;v&eacute; est que dans le cas contraire, le bus eut &eacute;t&eacute; celui de Meg White venue m&rsquo;inviter &agrave; sa boum d&rsquo;annive. Avec une pizza.<\/p>\n","protected":false},"excerpt":{"rendered":"<p>Thickfreakness | Girl Is on My Mind | 10&nbsp;am Automatic | The Breaks | Stack Shot Billy | Busted | Act Nice and Gentle (The Kinks) | Everlasting Light | Next Girl | Chop and Change | Howlin&rsquo; for You | She&rsquo;s Long Gone | Ten-Cent Pistol || I&rsquo;ll Be Your Man | Strange Times&hellip;<\/p>\n","protected":false},"author":1,"featured_media":25956,"comment_status":"open","ping_status":"open","sticky":false,"template":"","format":"standard","meta":{"_acf_changed":false,"ngg_post_thumbnail":0,"jetpack_post_was_ever_published":false,"_jetpack_newsletter_access":"","_jetpack_dont_email_post_to_subs":false,"_jetpack_newsletter_tier_id":0,"_jetpack_memberships_contains_paywalled_content":false,"_jetpack_memberships_contains_paid_content":false,"footnotes":"","jetpack_publicize_message":"","jetpack_publicize_feature_enabled":true,"jetpack_social_post_already_shared":false,"jetpack_social_options":{"image_generator_settings":{"template":"highway","default_image_id":0,"font":"","enabled":false},"version":2}},"categories":[7],"tags":[7194,10654,10183,10084,2571,196,181,2615,10120,10121,10332,10098,10396,10639],"class_list":["post-9772","post","type-post","status-publish","format-standard","has-post-thumbnail","hentry","category-alive","tag-10-am-automatic","tag-10654","tag-10183","tag-alive","tag-ef-16-35-mm-f28l-ii-usm","tag-ef-28-70-mm-f28l-usm","tag-ef-70-200-mm-f28l-usm","tag-eos-5d-mark-ii","tag-france","tag-ile-de-france","tag-le-bataclan","tag-paris","tag-the-black-keys","tag-the-walkmen"],"acf":[],"geo":{"latitude":48.8629417,"longitude":2.370445,"description":"1-15 Passage Saint-Pierre Amelot, 75011 Paris, France"},"jetpack_publicize_connections":[],"jetpack_featured_media_url":"https:\/\/www.wallendorff.com\/belogue\/wp-content\/uploads\/2015\/04\/201011101.jpg","jetpack_shortlink":"https:\/\/wp.me\/p3b35P-2xC","jetpack_sharing_enabled":true,"jetpack-related-posts":[{"id":134068,"url":"https:\/\/www.wallendorff.com\/belogue\/2025\/10\/16\/the-cat-empire-le-bataclan-paris-14-octobre-2025\/","url_meta":{"origin":9772,"position":0},"title":"The Cat Empire @ le Bataclan, Paris, 14 octobre 2025.","author":"dpc","date":"16 octobre 2025","format":false,"excerpt":"The Cat Empire @ le Bataclan, Paris, 14\/10\/2025 The Cat Empire @ le Bataclan, Paris, 14\/10\/2025 The Cat Empire @ le Bataclan, Paris, 14\/10\/2025 The Cat Empire @ le Bataclan, Paris, 14\/10\/2025 The Cat Empire @ le Bataclan, Paris, 14\/10\/2025 The Cat Empire @ le Bataclan, Paris, 14\/10\/2025 The Cat\u2026","rel":"","context":"Dans &quot;Alive&quot;","block_context":{"text":"Alive","link":"https:\/\/www.wallendorff.com\/belogue\/category\/alive\/"},"img":{"alt_text":"","src":"https:\/\/i0.wp.com\/www.wallendorff.com\/belogue\/wp-content\/uploads\/2025\/10\/20251016-12.jpg?resize=350%2C200&ssl=1","width":350,"height":200,"srcset":"https:\/\/i0.wp.com\/www.wallendorff.com\/belogue\/wp-content\/uploads\/2025\/10\/20251016-12.jpg?resize=350%2C200&ssl=1 1x, https:\/\/i0.wp.com\/www.wallendorff.com\/belogue\/wp-content\/uploads\/2025\/10\/20251016-12.jpg?resize=525%2C300&ssl=1 1.5x, https:\/\/i0.wp.com\/www.wallendorff.com\/belogue\/wp-content\/uploads\/2025\/10\/20251016-12.jpg?resize=700%2C400&ssl=1 2x, https:\/\/i0.wp.com\/www.wallendorff.com\/belogue\/wp-content\/uploads\/2025\/10\/20251016-12.jpg?resize=1050%2C600&ssl=1 3x"},"classes":[]},{"id":130445,"url":"https:\/\/www.wallendorff.com\/belogue\/2024\/08\/31\/flogging-molly-le-bataclan-paris-27-aout-2024\/","url_meta":{"origin":9772,"position":1},"title":"Flogging Molly @ le Bataclan, Paris, 27 ao\u00fbt 2024.","author":"dpc","date":"31 ao\u00fbt 2024","format":false,"excerpt":"Drunken Lullabies | The Hand of John L. Sullivan | Swagger | (Try) Keep the Man Down | Whistles the Wind | Life in a Tenement Square | A Song of Liberty | Tobacco Island | The Croppy Boy '98 | Float | Saints & Sinners | Rebels of the\u2026","rel":"","context":"Dans &quot;Alive&quot;","block_context":{"text":"Alive","link":"https:\/\/www.wallendorff.com\/belogue\/category\/alive\/"},"img":{"alt_text":"","src":"https:\/\/i0.wp.com\/www.wallendorff.com\/belogue\/wp-content\/uploads\/2024\/08\/20240830-26.jpg?resize=350%2C200&ssl=1","width":350,"height":200,"srcset":"https:\/\/i0.wp.com\/www.wallendorff.com\/belogue\/wp-content\/uploads\/2024\/08\/20240830-26.jpg?resize=350%2C200&ssl=1 1x, https:\/\/i0.wp.com\/www.wallendorff.com\/belogue\/wp-content\/uploads\/2024\/08\/20240830-26.jpg?resize=525%2C300&ssl=1 1.5x, https:\/\/i0.wp.com\/www.wallendorff.com\/belogue\/wp-content\/uploads\/2024\/08\/20240830-26.jpg?resize=700%2C400&ssl=1 2x, https:\/\/i0.wp.com\/www.wallendorff.com\/belogue\/wp-content\/uploads\/2024\/08\/20240830-26.jpg?resize=1050%2C600&ssl=1 3x"},"classes":[]},{"id":130521,"url":"https:\/\/www.wallendorff.com\/belogue\/2024\/09\/05\/50-ans-du-sa330-puma-base-aerienne-126-solenzara-2-mai-2024\/","url_meta":{"origin":9772,"position":2},"title":"50 ans du SA330 Puma.","author":"dpc","date":"5 septembre 2024","format":false,"excerpt":"Tour Montparnasse, Paris, 18 avril 2024. Ce fut une journ\u00e9e avec de grandes premi\u00e8res et une grande d\u00e9couverte pour moi : Premi\u00e8re photos avec l'arm\u00e9e de l'Air Premi\u00e8re fois que je mets les pieds en Corse. Les vols en Hercule C130, \u00e7a fait mal aux fesses.","rel":"","context":"Dans &quot;DPC&quot;","block_context":{"text":"DPC","link":"https:\/\/www.wallendorff.com\/belogue\/category\/dpc\/"},"img":{"alt_text":"","src":"https:\/\/i0.wp.com\/www.wallendorff.com\/belogue\/wp-content\/uploads\/2024\/09\/20240905-10.jpg?resize=350%2C200&ssl=1","width":350,"height":200,"srcset":"https:\/\/i0.wp.com\/www.wallendorff.com\/belogue\/wp-content\/uploads\/2024\/09\/20240905-10.jpg?resize=350%2C200&ssl=1 1x, https:\/\/i0.wp.com\/www.wallendorff.com\/belogue\/wp-content\/uploads\/2024\/09\/20240905-10.jpg?resize=525%2C300&ssl=1 1.5x, https:\/\/i0.wp.com\/www.wallendorff.com\/belogue\/wp-content\/uploads\/2024\/09\/20240905-10.jpg?resize=700%2C400&ssl=1 2x, https:\/\/i0.wp.com\/www.wallendorff.com\/belogue\/wp-content\/uploads\/2024\/09\/20240905-10.jpg?resize=1050%2C600&ssl=1 3x"},"classes":[]},{"id":127632,"url":"https:\/\/www.wallendorff.com\/belogue\/2024\/03\/27\/pixies-lolympia-paris-26-mars-2024\/","url_meta":{"origin":9772,"position":3},"title":"Pixies @ l&rsquo;Olympia, Paris, 26 mars 2024.","author":"dpc","date":"27 mars 2024","format":false,"excerpt":"Pixies @ l\u2019Olympia, Paris, 26\/03\/2024 Pixies @ l\u2019Olympia, Paris, 26\/03\/2024 Pixies @ l\u2019Olympia, Paris, 26\/03\/2024 Pixies @ l\u2019Olympia, Paris, 26\/03\/2024 Pixies @ l\u2019Olympia, Paris, 26\/03\/2024 Pixies @ l\u2019Olympia, Paris, 26\/03\/2024 Pixies @ l\u2019Olympia, Paris, 26\/03\/2024 Pixies @ l\u2019Olympia, Paris, 26\/03\/2024 Pixies @ l\u2019Olympia, Paris, 26\/03\/2024 Pixies @ l\u2019Olympia, Paris, 26\/03\/2024\u2026","rel":"","context":"Dans &quot;Alive&quot;","block_context":{"text":"Alive","link":"https:\/\/www.wallendorff.com\/belogue\/category\/alive\/"},"img":{"alt_text":"","src":"https:\/\/i0.wp.com\/www.wallendorff.com\/belogue\/wp-content\/uploads\/2024\/03\/20240327-22.jpg?resize=350%2C200&ssl=1","width":350,"height":200,"srcset":"https:\/\/i0.wp.com\/www.wallendorff.com\/belogue\/wp-content\/uploads\/2024\/03\/20240327-22.jpg?resize=350%2C200&ssl=1 1x, https:\/\/i0.wp.com\/www.wallendorff.com\/belogue\/wp-content\/uploads\/2024\/03\/20240327-22.jpg?resize=525%2C300&ssl=1 1.5x, https:\/\/i0.wp.com\/www.wallendorff.com\/belogue\/wp-content\/uploads\/2024\/03\/20240327-22.jpg?resize=700%2C400&ssl=1 2x, https:\/\/i0.wp.com\/www.wallendorff.com\/belogue\/wp-content\/uploads\/2024\/03\/20240327-22.jpg?resize=1050%2C600&ssl=1 3x"},"classes":[]},{"id":23857,"url":"https:\/\/www.wallendorff.com\/belogue\/2015\/02\/13\/george-ezra-le-bataclan-paris\/","url_meta":{"origin":9772,"position":4},"title":"George Ezra @ le Bataclan, Paris.","author":"dpc","date":"13 f\u00e9vrier 2015","format":false,"excerpt":"Blame It on Me George Ezra \u00a0","rel":"","context":"Dans &quot;Alive&quot;","block_context":{"text":"Alive","link":"https:\/\/www.wallendorff.com\/belogue\/category\/alive\/"},"img":{"alt_text":"","src":"https:\/\/i0.wp.com\/www.wallendorff.com\/belogue\/wp-content\/uploads\/2015\/04\/201502131.jpg?resize=350%2C200&ssl=1","width":350,"height":200,"srcset":"https:\/\/i0.wp.com\/www.wallendorff.com\/belogue\/wp-content\/uploads\/2015\/04\/201502131.jpg?resize=350%2C200&ssl=1 1x, https:\/\/i0.wp.com\/www.wallendorff.com\/belogue\/wp-content\/uploads\/2015\/04\/201502131.jpg?resize=525%2C300&ssl=1 1.5x, https:\/\/i0.wp.com\/www.wallendorff.com\/belogue\/wp-content\/uploads\/2015\/04\/201502131.jpg?resize=700%2C400&ssl=1 2x"},"classes":[]},{"id":127210,"url":"https:\/\/www.wallendorff.com\/belogue\/2024\/02\/01\/the-luka-state-les-etoiles-paris-31-janvier-2024\/","url_meta":{"origin":9772,"position":5},"title":"The Luka State @ les \u00c9toiles, Paris, 31 janvier 2024.","author":"dpc","date":"1 f\u00e9vrier 2024","format":false,"excerpt":"The Luka State @ les \u00c9toiles, Paris, 31\/01\/2024 The Luka State @ les \u00c9toiles, Paris, 31\/01\/2024 The Luka State @ les \u00c9toiles, Paris, 31\/01\/2024 The Luka State @ les \u00c9toiles, Paris, 31\/01\/2024 The Luka State @ les \u00c9toiles, Paris, 31\/01\/2024 The Luka State @ les \u00c9toiles, Paris, 31\/01\/2024 The Luka\u2026","rel":"","context":"Dans &quot;Alive&quot;","block_context":{"text":"Alive","link":"https:\/\/www.wallendorff.com\/belogue\/category\/alive\/"},"img":{"alt_text":"","src":"https:\/\/i0.wp.com\/www.wallendorff.com\/belogue\/wp-content\/uploads\/2024\/02\/20240201-11.jpg?resize=350%2C200&ssl=1","width":350,"height":200,"srcset":"https:\/\/i0.wp.com\/www.wallendorff.com\/belogue\/wp-content\/uploads\/2024\/02\/20240201-11.jpg?resize=350%2C200&ssl=1 1x, https:\/\/i0.wp.com\/www.wallendorff.com\/belogue\/wp-content\/uploads\/2024\/02\/20240201-11.jpg?resize=525%2C300&ssl=1 1.5x, https:\/\/i0.wp.com\/www.wallendorff.com\/belogue\/wp-content\/uploads\/2024\/02\/20240201-11.jpg?resize=700%2C400&ssl=1 2x, https:\/\/i0.wp.com\/www.wallendorff.com\/belogue\/wp-content\/uploads\/2024\/02\/20240201-11.jpg?resize=1050%2C600&ssl=1 3x"},"classes":[]}],"_links":{"self":[{"href":"https:\/\/www.wallendorff.com\/belogue\/wp-json\/wp\/v2\/posts\/9772","targetHints":{"allow":["GET"]}}],"collection":[{"href":"https:\/\/www.wallendorff.com\/belogue\/wp-json\/wp\/v2\/posts"}],"about":[{"href":"https:\/\/www.wallendorff.com\/belogue\/wp-json\/wp\/v2\/types\/post"}],"author":[{"embeddable":true,"href":"https:\/\/www.wallendorff.com\/belogue\/wp-json\/wp\/v2\/users\/1"}],"replies":[{"embeddable":true,"href":"https:\/\/www.wallendorff.com\/belogue\/wp-json\/wp\/v2\/comments?post=9772"}],"version-history":[{"count":4,"href":"https:\/\/www.wallendorff.com\/belogue\/wp-json\/wp\/v2\/posts\/9772\/revisions"}],"predecessor-version":[{"id":20101,"href":"https:\/\/www.wallendorff.com\/belogue\/wp-json\/wp\/v2\/posts\/9772\/revisions\/20101"}],"wp:featuredmedia":[{"embeddable":true,"href":"https:\/\/www.wallendorff.com\/belogue\/wp-json\/wp\/v2\/media\/25956"}],"wp:attachment":[{"href":"https:\/\/www.wallendorff.com\/belogue\/wp-json\/wp\/v2\/media?parent=9772"}],"wp:term":[{"taxonomy":"category","embeddable":true,"href":"https:\/\/www.wallendorff.com\/belogue\/wp-json\/wp\/v2\/categories?post=9772"},{"taxonomy":"post_tag","embeddable":true,"href":"https:\/\/www.wallendorff.com\/belogue\/wp-json\/wp\/v2\/tags?post=9772"}],"curies":[{"name":"wp","href":"https:\/\/api.w.org\/{rel}","templated":true}]}}