{"id":9757,"date":"2010-11-05T09:56:11","date_gmt":"2010-11-05T08:56:11","guid":{"rendered":"http:\/\/www.po-l.com\/belogue\/?p=9757"},"modified":"2012-07-26T17:43:53","modified_gmt":"2012-07-26T15:43:53","slug":"jusqua-ce-que-morses-en-suisse","status":"publish","type":"post","link":"https:\/\/www.wallendorff.com\/belogue\/2010\/11\/05\/jusqua-ce-que-morses-en-suisse\/","title":{"rendered":"Jusqu&rsquo;\u00e0 ce que morses en Suisse."},"content":{"rendered":"\n<div id=\"photo\">\n<p><img decoding=\"async\" src=\"https:\/\/www.wallendorff.com\/belogue\/photo\/2010\/11\/20101105.jpg\" \/><br \/>\nDrottninggatan, Stockholm, 29 ao&ucirc;t.<\/p>\n<\/p><\/div>\n<p style=\"text-align:right\">&Ccedil;a rappelle beaucoup <a href=\"https:\/\/www.wallendorff.com\/belogue\/2007\/08\/16\/s-omme-de-crocs-mignons\/\">les crochets amstellodamois<\/a>, c&rsquo;est vrai, mais faut voir &ccedil;a comme la rassurante preuve que je ne change d&eacute;cid&eacute;ment pas d&rsquo;obsessions.<\/p>\n<div id=\"bandeson\">\n<p><img decoding=\"async\" src=\"https:\/\/www.wallendorff.com\/belogue\/photo\/pochettes\/y\/yorn_pete-pete_yorn.jpg\" align=\"left\" \/><a href=\"http:\/\/www.peteyorn.com\/\">Pete Yorn<\/a> &ndash; <em>Velcro Shoes<\/em><\/p>\n<\/p><\/div>\n","protected":false},"excerpt":{"rendered":"<p>Drottninggatan, Stockholm, 29 ao&ucirc;t. &Ccedil;a rappelle beaucoup les crochets amstellodamois, c&rsquo;est vrai, mais faut voir &ccedil;a comme la rassurante preuve que je ne change d&eacute;cid&eacute;ment pas d&rsquo;obsessions. Pete Yorn &ndash; Velcro Shoes<\/p>\n","protected":false},"author":1,"featured_media":25951,"comment_status":"open","ping_status":"open","sticky":false,"template":"","format":"standard","meta":{"_acf_changed":false,"ngg_post_thumbnail":0,"jetpack_post_was_ever_published":false,"_jetpack_newsletter_access":"","_jetpack_dont_email_post_to_subs":false,"_jetpack_newsletter_tier_id":0,"_jetpack_memberships_contains_paywalled_content":false,"_jetpack_memberships_contains_paid_content":false,"footnotes":"","jetpack_publicize_message":"","jetpack_publicize_feature_enabled":true,"jetpack_social_post_already_shared":false,"jetpack_social_options":{"image_generator_settings":{"template":"highway","default_image_id":0,"font":"","enabled":false},"version":2}},"categories":[3],"tags":[2615,4350,4402,4403,10278,10401,4349,10621,10351,170,4345,4138,4404],"class_list":["post-9757","post","type-post","status-publish","format-standard","has-post-thumbnail","hentry","category-dpc","tag-eos-5d-mark-ii","tag-comte-de-stockholm","tag-drottninggatan","tag-herkulesgatan","tag-lampadaire","tag-lampe","tag-norrmalm","tag-pete-yorn","tag-rue","tag-sigma-70-300-mm-f4-56-dg-apo-macro","tag-stockholm","tag-suede","tag-velcro-shoes"],"acf":[],"geo":{"latitude":59.3302917,"longitude":18.0649624,"description":"Herkulesgatan 16, 111 52 Stockholm, Sweden"},"jetpack_publicize_connections":[],"jetpack_featured_media_url":"https:\/\/www.wallendorff.com\/belogue\/wp-content\/uploads\/2015\/04\/201011051.jpg","jetpack_shortlink":"https:\/\/wp.me\/p3b35P-2xn","jetpack_sharing_enabled":true,"jetpack-related-posts":[{"id":12833,"url":"https:\/\/www.wallendorff.com\/belogue\/2011\/06\/02\/pete-yorn-greenshape-la-boule-noire-paris\/","url_meta":{"origin":9757,"position":0},"title":"Pete Yorn + Greenshape @ la Boule Noire, Paris.","author":"dpc","date":"2 juin 2011","format":false,"excerpt":"Black | June | Panic (The Smiths) | Precious Stone | Life on a Chain | Sans Fear | For Nancy | Just Another | For Us | Relator | I Feel Good Again (Junior Kimbrough) | On Your Side | Velcro Shoes | Surfer Girl (The Beach Boys) \/\u2026","rel":"","context":"Dans &quot;Alive&quot;","block_context":{"text":"Alive","link":"https:\/\/www.wallendorff.com\/belogue\/category\/alive\/"},"img":{"alt_text":"","src":"https:\/\/i0.wp.com\/www.wallendorff.com\/belogue\/wp-content\/uploads\/2015\/04\/201106021.jpg?resize=350%2C200&ssl=1","width":350,"height":200,"srcset":"https:\/\/i0.wp.com\/www.wallendorff.com\/belogue\/wp-content\/uploads\/2015\/04\/201106021.jpg?resize=350%2C200&ssl=1 1x, https:\/\/i0.wp.com\/www.wallendorff.com\/belogue\/wp-content\/uploads\/2015\/04\/201106021.jpg?resize=525%2C300&ssl=1 1.5x, https:\/\/i0.wp.com\/www.wallendorff.com\/belogue\/wp-content\/uploads\/2015\/04\/201106021.jpg?resize=700%2C400&ssl=1 2x"},"classes":[]},{"id":5071,"url":"https:\/\/www.wallendorff.com\/belogue\/2009\/11\/17\/lovule-terreux-sa-part-te-gaine\/","url_meta":{"origin":9757,"position":1},"title":"L&rsquo;ovule terreux sa part te gaine.","author":"dpc","date":"17 novembre 2009","format":false,"excerpt":"Rue de la Montagne-Sainte-Genevi\u00e8ve, Paris, 25 juillet. [Oui oui \u00e7a fait loin, j'ai vu.] \u00a0Pete Yorn \u2013 Relator (feat. Scarlett Johansson)","rel":"","context":"Dans &quot;DPC&quot;","block_context":{"text":"DPC","link":"https:\/\/www.wallendorff.com\/belogue\/category\/dpc\/"},"img":{"alt_text":"","src":"https:\/\/i0.wp.com\/www.wallendorff.com\/belogue\/wp-content\/uploads\/2015\/04\/200911171.jpg?resize=350%2C200&ssl=1","width":350,"height":200},"classes":[]},{"id":30834,"url":"https:\/\/www.wallendorff.com\/belogue\/2016\/05\/03\/porte-doree\/","url_meta":{"origin":9757,"position":2},"title":"Porte dor\u00e9e.","author":"dpc","date":"3 mai 2016","format":false,"excerpt":"Reumannplatz, Vienne, 13 f\u00e9vrier. Summer Was a Day Pete Yorn","rel":"","context":"Dans &quot;DPC&quot;","block_context":{"text":"DPC","link":"https:\/\/www.wallendorff.com\/belogue\/category\/dpc\/"},"img":{"alt_text":"","src":"https:\/\/i0.wp.com\/www.wallendorff.com\/belogue\/wp-content\/uploads\/2016\/05\/20160503.jpg?resize=350%2C200&ssl=1","width":350,"height":200,"srcset":"https:\/\/i0.wp.com\/www.wallendorff.com\/belogue\/wp-content\/uploads\/2016\/05\/20160503.jpg?resize=350%2C200&ssl=1 1x, https:\/\/i0.wp.com\/www.wallendorff.com\/belogue\/wp-content\/uploads\/2016\/05\/20160503.jpg?resize=525%2C300&ssl=1 1.5x"},"classes":[]},{"id":30325,"url":"https:\/\/www.wallendorff.com\/belogue\/2016\/03\/03\/into-the-wide-63\/","url_meta":{"origin":9757,"position":3},"title":"Into the wide #63.","author":"dpc","date":"3 mars 2016","format":false,"excerpt":"Porte des Allemands, Metz, 27 d\u00e9cembre 2015. Toute ressemblance avec la photo pr\u00e9c\u00e9dente prise de l'angle oppos\u00e9 est purem... ah si, tiens, il s'agit bien de la photo pr\u00e9c\u00e9dente prise de l'angle oppos\u00e9. Lost Weekend Pete Yorn","rel":"","context":"Dans &quot;Into the wide&quot;","block_context":{"text":"Into the wide","link":"https:\/\/www.wallendorff.com\/belogue\/category\/into-the-wide\/"},"img":{"alt_text":"","src":"https:\/\/i0.wp.com\/www.wallendorff.com\/belogue\/wp-content\/uploads\/2016\/03\/20160303.jpg?resize=350%2C200&ssl=1","width":350,"height":200,"srcset":"https:\/\/i0.wp.com\/www.wallendorff.com\/belogue\/wp-content\/uploads\/2016\/03\/20160303.jpg?resize=350%2C200&ssl=1 1x, https:\/\/i0.wp.com\/www.wallendorff.com\/belogue\/wp-content\/uploads\/2016\/03\/20160303.jpg?resize=525%2C300&ssl=1 1.5x, https:\/\/i0.wp.com\/www.wallendorff.com\/belogue\/wp-content\/uploads\/2016\/03\/20160303.jpg?resize=700%2C400&ssl=1 2x"},"classes":[]},{"id":5214,"url":"https:\/\/www.wallendorff.com\/belogue\/2009\/12\/02\/tenvoies-lacs-russe-a-local-affin-elles-oeufs-cassent\/","url_meta":{"origin":9757,"position":4},"title":"T&rsquo;envoies lacs russe \u00e0 local affin ; elles \u0153ufs cassent.","author":"dpc","date":"2 d\u00e9cembre 2009","format":false,"excerpt":"\u00c9glise Saint-Martin, Sare, 20 ao\u00fbt. \u00a0Pete Yorn \u2013 Wear and Tear (feat. Scarlett Johansson) [Haven't felt that great in a long, long time.]","rel":"","context":"Dans &quot;DPC&quot;","block_context":{"text":"DPC","link":"https:\/\/www.wallendorff.com\/belogue\/category\/dpc\/"},"img":{"alt_text":"","src":"https:\/\/i0.wp.com\/www.wallendorff.com\/belogue\/wp-content\/uploads\/2015\/04\/200912021.jpg?resize=350%2C200&ssl=1","width":350,"height":200},"classes":[]},{"id":4019,"url":"https:\/\/www.wallendorff.com\/belogue\/2009\/03\/14\/drou-the-candy-kid-le-vieux-leon-paris\/","url_meta":{"origin":9757,"position":5},"title":"Drou &#038; the Candy Kid @ le Vieux L\u00e9on, Paris.","author":"dpc","date":"14 mars 2009","format":false,"excerpt":"\u00a0 The Veils \u2013 Three Sisters [Je sais, \u00e7a manque de Candy Kid. Mais je me rattraperai.]","rel":"","context":"Dans &quot;Alive&quot;","block_context":{"text":"Alive","link":"https:\/\/www.wallendorff.com\/belogue\/category\/alive\/"},"img":{"alt_text":"","src":"https:\/\/i0.wp.com\/www.wallendorff.com\/belogue\/wp-content\/uploads\/2015\/04\/200903141.jpg?resize=350%2C200&ssl=1","width":350,"height":200,"srcset":"https:\/\/i0.wp.com\/www.wallendorff.com\/belogue\/wp-content\/uploads\/2015\/04\/200903141.jpg?resize=350%2C200&ssl=1 1x, https:\/\/i0.wp.com\/www.wallendorff.com\/belogue\/wp-content\/uploads\/2015\/04\/200903141.jpg?resize=525%2C300&ssl=1 1.5x, https:\/\/i0.wp.com\/www.wallendorff.com\/belogue\/wp-content\/uploads\/2015\/04\/200903141.jpg?resize=700%2C400&ssl=1 2x"},"classes":[]}],"_links":{"self":[{"href":"https:\/\/www.wallendorff.com\/belogue\/wp-json\/wp\/v2\/posts\/9757","targetHints":{"allow":["GET"]}}],"collection":[{"href":"https:\/\/www.wallendorff.com\/belogue\/wp-json\/wp\/v2\/posts"}],"about":[{"href":"https:\/\/www.wallendorff.com\/belogue\/wp-json\/wp\/v2\/types\/post"}],"author":[{"embeddable":true,"href":"https:\/\/www.wallendorff.com\/belogue\/wp-json\/wp\/v2\/users\/1"}],"replies":[{"embeddable":true,"href":"https:\/\/www.wallendorff.com\/belogue\/wp-json\/wp\/v2\/comments?post=9757"}],"version-history":[{"count":1,"href":"https:\/\/www.wallendorff.com\/belogue\/wp-json\/wp\/v2\/posts\/9757\/revisions"}],"predecessor-version":[{"id":18409,"href":"https:\/\/www.wallendorff.com\/belogue\/wp-json\/wp\/v2\/posts\/9757\/revisions\/18409"}],"wp:featuredmedia":[{"embeddable":true,"href":"https:\/\/www.wallendorff.com\/belogue\/wp-json\/wp\/v2\/media\/25951"}],"wp:attachment":[{"href":"https:\/\/www.wallendorff.com\/belogue\/wp-json\/wp\/v2\/media?parent=9757"}],"wp:term":[{"taxonomy":"category","embeddable":true,"href":"https:\/\/www.wallendorff.com\/belogue\/wp-json\/wp\/v2\/categories?post=9757"},{"taxonomy":"post_tag","embeddable":true,"href":"https:\/\/www.wallendorff.com\/belogue\/wp-json\/wp\/v2\/tags?post=9757"}],"curies":[{"name":"wp","href":"https:\/\/api.w.org\/{rel}","templated":true}]}}