{"id":9753,"date":"2010-11-04T10:55:53","date_gmt":"2010-11-04T09:55:53","guid":{"rendered":"http:\/\/www.po-l.com\/belogue\/?p=9753"},"modified":"2012-07-26T10:11:02","modified_gmt":"2012-07-26T08:11:02","slug":"car-haubans-encore","status":"publish","type":"post","link":"https:\/\/www.wallendorff.com\/belogue\/2010\/11\/04\/car-haubans-encore\/","title":{"rendered":"Car haubans, encore."},"content":{"rendered":"\n<div id=\"photo\">\n<p><img decoding=\"async\" src=\"https:\/\/www.wallendorff.com\/belogue\/photo\/2010\/11\/20101104.jpg\" \/><br \/>\nAF Chapman, Stockholm, 29 ao&ucirc;t.<\/p>\n<\/p><\/div>\n<div id=\"bandeson\">\n<p><img decoding=\"async\" src=\"https:\/\/www.wallendorff.com\/belogue\/photo\/pochettes\/d\/decemberists_the-the_king_is_dead.jpg\" align=\"left\" \/><a href=\"http:\/\/www.decemberists.com\/\">The Decemberists<\/a> &ndash; <em>Down By the Water<\/em><\/p>\n<\/p><\/div>\n","protected":false},"excerpt":{"rendered":"<p>AF Chapman, Stockholm, 29 ao&ucirc;t. The Decemberists &ndash; Down By the Water<\/p>\n","protected":false},"author":1,"featured_media":25949,"comment_status":"open","ping_status":"open","sticky":false,"template":"","format":"standard","meta":{"_acf_changed":false,"ngg_post_thumbnail":0,"jetpack_post_was_ever_published":false,"_jetpack_newsletter_access":"","_jetpack_dont_email_post_to_subs":false,"_jetpack_newsletter_tier_id":0,"_jetpack_memberships_contains_paywalled_content":false,"_jetpack_memberships_contains_paid_content":false,"footnotes":"","jetpack_publicize_message":"","jetpack_publicize_feature_enabled":true,"jetpack_social_post_already_shared":false,"jetpack_social_options":{"image_generator_settings":{"template":"highway","default_image_id":0,"font":"","enabled":false},"version":2}},"categories":[3],"tags":[4398,10384,2571,2615,10144,4350,4399,4400,4041,4349,4401,4345,4138,2601],"class_list":["post-9753","post","type-post","status-publish","format-standard","has-post-thumbnail","hentry","category-dpc","tag-af-chapman","tag-bateau","tag-ef-16-35-mm-f28l-ii-usm","tag-eos-5d-mark-ii","tag-ciel","tag-comte-de-stockholm","tag-cordage","tag-down-by-the-water","tag-mat","tag-norrmalm","tag-skeppsholmen","tag-stockholm","tag-suede","tag-the-decemberists"],"acf":[],"geo":{"latitude":59.3253975,"longitude":18.0802612,"description":"Flaggmansv\u00e4gen 21, 111 49 Stockholm, Sweden"},"jetpack_publicize_connections":[],"jetpack_featured_media_url":"https:\/\/www.wallendorff.com\/belogue\/wp-content\/uploads\/2015\/04\/201011041.jpg","jetpack_shortlink":"https:\/\/wp.me\/p3b35P-2xj","jetpack_sharing_enabled":true,"jetpack-related-posts":[{"id":37792,"url":"https:\/\/www.wallendorff.com\/belogue\/2018\/04\/09\/into-the-wide-143\/","url_meta":{"origin":9753,"position":0},"title":"Into the wide #143.","author":"dpc","date":"9 avril 2018","format":false,"excerpt":"V\u00e4stra Brob\u00e4nken, Stockholm, 10 f\u00e9vrier. Once in My LifeThe Decemberists","rel":"","context":"Dans &quot;Into the wide&quot;","block_context":{"text":"Into the wide","link":"https:\/\/www.wallendorff.com\/belogue\/category\/into-the-wide\/"},"img":{"alt_text":"V\u00e4stra Brob\u00e4nken, Stockholm, 10 f\u00e9vrier.","src":"https:\/\/i0.wp.com\/www.wallendorff.com\/belogue\/wp-content\/uploads\/2018\/04\/20180409.jpg?resize=350%2C200&ssl=1","width":350,"height":200,"srcset":"https:\/\/i0.wp.com\/www.wallendorff.com\/belogue\/wp-content\/uploads\/2018\/04\/20180409.jpg?resize=350%2C200&ssl=1 1x, https:\/\/i0.wp.com\/www.wallendorff.com\/belogue\/wp-content\/uploads\/2018\/04\/20180409.jpg?resize=525%2C300&ssl=1 1.5x, https:\/\/i0.wp.com\/www.wallendorff.com\/belogue\/wp-content\/uploads\/2018\/04\/20180409.jpg?resize=700%2C400&ssl=1 2x, https:\/\/i0.wp.com\/www.wallendorff.com\/belogue\/wp-content\/uploads\/2018\/04\/20180409.jpg?resize=1050%2C600&ssl=1 3x"},"classes":[]},{"id":21492,"url":"https:\/\/www.wallendorff.com\/belogue\/2013\/08\/26\/et-pendant-ce-temps-a-rock-en-seine-16\/","url_meta":{"origin":9753,"position":1},"title":"Et pendant ce temps, \u00e0 Rock en Seine.","author":"dpc","date":"26 ao\u00fbt 2013","format":false,"excerpt":"Tout baigne. Down by the WaterThe Decemberists","rel":"","context":"Dans &quot;DPC&quot;","block_context":{"text":"DPC","link":"https:\/\/www.wallendorff.com\/belogue\/category\/dpc\/"},"img":{"alt_text":"","src":"https:\/\/i0.wp.com\/www.wallendorff.com\/belogue\/wp-content\/uploads\/2015\/04\/201308261.jpg?resize=350%2C200&ssl=1","width":350,"height":200,"srcset":"https:\/\/i0.wp.com\/www.wallendorff.com\/belogue\/wp-content\/uploads\/2015\/04\/201308261.jpg?resize=350%2C200&ssl=1 1x, https:\/\/i0.wp.com\/www.wallendorff.com\/belogue\/wp-content\/uploads\/2015\/04\/201308261.jpg?resize=525%2C300&ssl=1 1.5x, https:\/\/i0.wp.com\/www.wallendorff.com\/belogue\/wp-content\/uploads\/2015\/04\/201308261.jpg?resize=700%2C400&ssl=1 2x"},"classes":[]},{"id":4278,"url":"https:\/\/www.wallendorff.com\/belogue\/2009\/06\/10\/lubrique-abraque\/","url_meta":{"origin":9753,"position":2},"title":"Lubrique abraque.","author":"dpc","date":"10 juin 2009","format":false,"excerpt":"Wisconsin Avenue, Milwaukee, 28 avril. \u00a0 The Decemberists \u2013 Eli, the Barrow Boy","rel":"","context":"Dans &quot;DPC&quot;","block_context":{"text":"DPC","link":"https:\/\/www.wallendorff.com\/belogue\/category\/dpc\/"},"img":{"alt_text":"","src":"https:\/\/i0.wp.com\/www.wallendorff.com\/belogue\/wp-content\/uploads\/2015\/04\/200906101.jpg?resize=350%2C200&ssl=1","width":350,"height":200},"classes":[]},{"id":27447,"url":"https:\/\/www.wallendorff.com\/belogue\/2015\/06\/08\/grand-largue\/","url_meta":{"origin":9753,"position":3},"title":"Grand largue.","author":"dpc","date":"8 juin 2015","format":false,"excerpt":"Quelque part entre Puttgarten et R\u00f8dby, 4 avril. Better Not Wake the Baby The Decemberists","rel":"","context":"Dans &quot;DPC&quot;","block_context":{"text":"DPC","link":"https:\/\/www.wallendorff.com\/belogue\/category\/dpc\/"},"img":{"alt_text":"","src":"https:\/\/i0.wp.com\/www.wallendorff.com\/belogue\/wp-content\/uploads\/2015\/06\/20150608.jpg?resize=350%2C200&ssl=1","width":350,"height":200,"srcset":"https:\/\/i0.wp.com\/www.wallendorff.com\/belogue\/wp-content\/uploads\/2015\/06\/20150608.jpg?resize=350%2C200&ssl=1 1x, https:\/\/i0.wp.com\/www.wallendorff.com\/belogue\/wp-content\/uploads\/2015\/06\/20150608.jpg?resize=525%2C300&ssl=1 1.5x, https:\/\/i0.wp.com\/www.wallendorff.com\/belogue\/wp-content\/uploads\/2015\/06\/20150608.jpg?resize=700%2C400&ssl=1 2x"},"classes":[]},{"id":23929,"url":"https:\/\/www.wallendorff.com\/belogue\/2015\/03\/31\/into-the-wide-43\/","url_meta":{"origin":9753,"position":4},"title":"Into the wide #43.","author":"dpc","date":"31 mars 2015","format":false,"excerpt":"Maria-Theresien-Platz, Vienne, 21 f\u00e9vrier. En plus grand sur 500px, si jamais. Carolina Low The Decemberists","rel":"","context":"Dans &quot;Into the wide&quot;","block_context":{"text":"Into the wide","link":"https:\/\/www.wallendorff.com\/belogue\/category\/into-the-wide\/"},"img":{"alt_text":"","src":"https:\/\/i0.wp.com\/www.wallendorff.com\/belogue\/wp-content\/uploads\/2015\/04\/201503311.jpg?resize=350%2C200&ssl=1","width":350,"height":200,"srcset":"https:\/\/i0.wp.com\/www.wallendorff.com\/belogue\/wp-content\/uploads\/2015\/04\/201503311.jpg?resize=350%2C200&ssl=1 1x, https:\/\/i0.wp.com\/www.wallendorff.com\/belogue\/wp-content\/uploads\/2015\/04\/201503311.jpg?resize=525%2C300&ssl=1 1.5x, https:\/\/i0.wp.com\/www.wallendorff.com\/belogue\/wp-content\/uploads\/2015\/04\/201503311.jpg?resize=700%2C400&ssl=1 2x, https:\/\/i0.wp.com\/www.wallendorff.com\/belogue\/wp-content\/uploads\/2015\/04\/201503311.jpg?resize=1050%2C600&ssl=1 3x"},"classes":[]},{"id":28908,"url":"https:\/\/www.wallendorff.com\/belogue\/2015\/08\/26\/into-the-wide-52\/","url_meta":{"origin":9753,"position":5},"title":"Into the wide #52.","author":"dpc","date":"26 ao\u00fbt 2015","format":false,"excerpt":"Place du March\u00e9-Principal, Cracovie, 10 mai. 12-17-12 The Decemberists","rel":"","context":"Dans &quot;Into the wide&quot;","block_context":{"text":"Into the wide","link":"https:\/\/www.wallendorff.com\/belogue\/category\/into-the-wide\/"},"img":{"alt_text":"","src":"https:\/\/i0.wp.com\/www.wallendorff.com\/belogue\/wp-content\/uploads\/2015\/08\/20150826.jpg?resize=350%2C200&ssl=1","width":350,"height":200,"srcset":"https:\/\/i0.wp.com\/www.wallendorff.com\/belogue\/wp-content\/uploads\/2015\/08\/20150826.jpg?resize=350%2C200&ssl=1 1x, https:\/\/i0.wp.com\/www.wallendorff.com\/belogue\/wp-content\/uploads\/2015\/08\/20150826.jpg?resize=525%2C300&ssl=1 1.5x, https:\/\/i0.wp.com\/www.wallendorff.com\/belogue\/wp-content\/uploads\/2015\/08\/20150826.jpg?resize=700%2C400&ssl=1 2x, https:\/\/i0.wp.com\/www.wallendorff.com\/belogue\/wp-content\/uploads\/2015\/08\/20150826.jpg?resize=1050%2C600&ssl=1 3x"},"classes":[]}],"_links":{"self":[{"href":"https:\/\/www.wallendorff.com\/belogue\/wp-json\/wp\/v2\/posts\/9753","targetHints":{"allow":["GET"]}}],"collection":[{"href":"https:\/\/www.wallendorff.com\/belogue\/wp-json\/wp\/v2\/posts"}],"about":[{"href":"https:\/\/www.wallendorff.com\/belogue\/wp-json\/wp\/v2\/types\/post"}],"author":[{"embeddable":true,"href":"https:\/\/www.wallendorff.com\/belogue\/wp-json\/wp\/v2\/users\/1"}],"replies":[{"embeddable":true,"href":"https:\/\/www.wallendorff.com\/belogue\/wp-json\/wp\/v2\/comments?post=9753"}],"version-history":[{"count":1,"href":"https:\/\/www.wallendorff.com\/belogue\/wp-json\/wp\/v2\/posts\/9753\/revisions"}],"predecessor-version":[{"id":18394,"href":"https:\/\/www.wallendorff.com\/belogue\/wp-json\/wp\/v2\/posts\/9753\/revisions\/18394"}],"wp:featuredmedia":[{"embeddable":true,"href":"https:\/\/www.wallendorff.com\/belogue\/wp-json\/wp\/v2\/media\/25949"}],"wp:attachment":[{"href":"https:\/\/www.wallendorff.com\/belogue\/wp-json\/wp\/v2\/media?parent=9753"}],"wp:term":[{"taxonomy":"category","embeddable":true,"href":"https:\/\/www.wallendorff.com\/belogue\/wp-json\/wp\/v2\/categories?post=9753"},{"taxonomy":"post_tag","embeddable":true,"href":"https:\/\/www.wallendorff.com\/belogue\/wp-json\/wp\/v2\/tags?post=9753"}],"curies":[{"name":"wp","href":"https:\/\/api.w.org\/{rel}","templated":true}]}}