{"id":97,"date":"2006-03-10T08:58:08","date_gmt":"2006-03-10T08:58:08","guid":{"rendered":"http:\/\/www.po-l.com\/wordpress\/?p=97"},"modified":"2012-02-14T11:05:12","modified_gmt":"2012-02-14T09:05:12","slug":"previously-unreleased-27","status":"publish","type":"post","link":"https:\/\/www.wallendorff.com\/belogue\/2006\/03\/10\/previously-unreleased-27\/","title":{"rendered":"Previously unreleased #27<sup>1<\/sup>."},"content":{"rendered":"<div id=\"photo\">\n<p><img decoding=\"async\" src=\"http:\/\/www.po-L.com\/belogue\/photo\/2006\/03\/20060309.jpg\"\/><br \/>\n    Arctic Monkeys, Le Trabendo, Paris, 24 f&eacute;vrier, 21h19.<\/p>\n<\/div>\n<p style=\"text-align:right\">Bon.<\/p>\n<p style=\"text-align:right\">Caf&eacute;.<\/p>\n<p style=\"text-align:right\"><strong>Vite<\/strong>.<\/p>\n<div id=\"bandeson\">\n<p><img decoding=\"async\" src=\"https:\/\/www.wallendorff.com\/belogue\/photo\/pochettes\/s\/subways_the-with_you.jpg\" align=\"left\" \/>&nbsp;<a href=\"http:\/\/www.thesubways.net\">The Subways<\/a> &ndash; <em>Staring at the Sun<\/em> (TV on the Radio cover) (acoustic)<\/p>\n<\/div>\n<p>_____<\/p>\n<div id=\"bas_note\">\n<p><sup>1<\/sup> Concept choupi repomp&eacute; <a href=\"http:\/\/www.julietterobert.com\/blog\">ici<\/a>.<\/p>\n<\/div>\n","protected":false},"excerpt":{"rendered":"<p>Arctic Monkeys, Le Trabendo, Paris, 24 f&eacute;vrier, 21h19. Bon. Caf&eacute;. Vite. &nbsp;The Subways &ndash; Staring at the Sun (TV on the Radio cover) (acoustic) _____ 1 Concept choupi repomp&eacute; ici.<\/p>\n","protected":false},"author":1,"featured_media":24032,"comment_status":"closed","ping_status":"closed","sticky":false,"template":"","format":"standard","meta":{"_acf_changed":false,"ngg_post_thumbnail":0,"jetpack_post_was_ever_published":false,"_jetpack_newsletter_access":"","_jetpack_dont_email_post_to_subs":false,"_jetpack_newsletter_tier_id":0,"_jetpack_memberships_contains_paywalled_content":false,"_jetpack_memberships_contains_paid_content":false,"footnotes":"","jetpack_publicize_message":"","jetpack_publicize_feature_enabled":true,"jetpack_social_post_already_shared":false,"jetpack_social_options":{"image_generator_settings":{"template":"highway","default_image_id":0,"font":"","enabled":false},"version":2}},"categories":[5],"tags":[174,10268,10084,10367,132,10120,10121,10361,10098,173,145,10234,10124],"class_list":["post-97","post","type-post","status-publish","format-standard","has-post-thumbnail","hentry","category-previously-unreleased","tag-174","tag-10268","tag-alive","tag-arctic-monkeys","tag-eos-20d","tag-france","tag-ile-de-france","tag-le-trabendo","tag-paris","tag-sigma-28-70-mm-f28-dg-ex","tag-staring-at-the-sun","tag-the-subways","tag-tv-on-the-radio"],"acf":[],"geo":{"latitude":48.8926849,"longitude":2.3939588,"description":"All\u00e9e du Belv\u00e9d\u00e8re, 75019 Paris, France"},"jetpack_publicize_connections":[],"jetpack_featured_media_url":"https:\/\/www.wallendorff.com\/belogue\/wp-content\/uploads\/2015\/04\/200603091.jpg","jetpack_shortlink":"https:\/\/wp.me\/p3b35P-1z","jetpack_sharing_enabled":true,"jetpack-related-posts":[{"id":637,"url":"https:\/\/www.wallendorff.com\/belogue\/2006\/08\/15\/previously-unreleased-40\/","url_meta":{"origin":97,"position":0},"title":"Previously Unreleased #40&sup1;.","author":"dpc","date":"15 ao\u00fbt 2006","format":false,"excerpt":"Arctic Monkeys, le Bataclan, Paris, 2 mai. \u00a0Peter Bj\u00f6rn and John \u2013 Young Folks","rel":"","context":"Dans &quot;Previously unreleased&quot;","block_context":{"text":"Previously unreleased","link":"https:\/\/www.wallendorff.com\/belogue\/category\/previously-unreleased\/"},"img":{"alt_text":"","src":"https:\/\/i0.wp.com\/www.wallendorff.com\/belogue\/wp-content\/uploads\/2015\/04\/200608151.jpg?resize=350%2C200&ssl=1","width":350,"height":200},"classes":[]},{"id":128329,"url":"https:\/\/www.wallendorff.com\/belogue\/2024\/06\/14\/cetait-2006\/","url_meta":{"origin":97,"position":1},"title":"C&rsquo;\u00e9tait 2006.","author":"dpc","date":"14 juin 2024","format":false,"excerpt":"62 concerts en 2006. \u00c7a explique la nature de la galerie de l'ann\u00e9e. Arctic Monkeys @ le Trabendo, Paris, 24 f\u00e9vrier 2006 Londres, 3 mars 2006 Londres, 28 avril 2006 Arctic Monkeys @ le Bataclan, Paris, 2 mai 2006 Dresden Dolls @ le Bataclan, Paris, 18 mai 2006 Asyl @\u2026","rel":"","context":"Dans &quot;DPC&quot;","block_context":{"text":"DPC","link":"https:\/\/www.wallendorff.com\/belogue\/category\/dpc\/"},"img":{"alt_text":"","src":"https:\/\/i0.wp.com\/www.wallendorff.com\/belogue\/wp-content\/uploads\/2024\/06\/20240614-19.jpg?resize=350%2C200&ssl=1","width":350,"height":200,"srcset":"https:\/\/i0.wp.com\/www.wallendorff.com\/belogue\/wp-content\/uploads\/2024\/06\/20240614-19.jpg?resize=350%2C200&ssl=1 1x, https:\/\/i0.wp.com\/www.wallendorff.com\/belogue\/wp-content\/uploads\/2024\/06\/20240614-19.jpg?resize=525%2C300&ssl=1 1.5x, https:\/\/i0.wp.com\/www.wallendorff.com\/belogue\/wp-content\/uploads\/2024\/06\/20240614-19.jpg?resize=700%2C400&ssl=1 2x, https:\/\/i0.wp.com\/www.wallendorff.com\/belogue\/wp-content\/uploads\/2024\/06\/20240614-19.jpg?resize=1050%2C600&ssl=1 3x"},"classes":[]},{"id":5461,"url":"https:\/\/www.wallendorff.com\/belogue\/2009\/12\/20\/previously-unreleased-87\/","url_meta":{"origin":97,"position":2},"title":"Previously unreleased #87.","author":"dpc","date":"20 d\u00e9cembre 2009","format":false,"excerpt":"Heavy Trash, le Trabendo, Paris, 7 octobre. \u00a0The Walkmen \u2013 The Rat","rel":"","context":"Dans &quot;Previously unreleased&quot;","block_context":{"text":"Previously unreleased","link":"https:\/\/www.wallendorff.com\/belogue\/category\/previously-unreleased\/"},"img":{"alt_text":"","src":"https:\/\/i0.wp.com\/www.wallendorff.com\/belogue\/wp-content\/uploads\/2015\/04\/200912201.jpg?resize=350%2C200&ssl=1","width":350,"height":200},"classes":[]},{"id":21,"url":"https:\/\/www.wallendorff.com\/belogue\/2006\/02\/03\/previously-unreleased-25sup1-sup\/","url_meta":{"origin":97,"position":3},"title":"Previously Unreleased #25&sup1;.","author":"dpc","date":"3 f\u00e9vrier 2006","format":false,"excerpt":"Groupe-inconnu-en-premi\u00e8re-partie-des-Editors, le Trabendo, Paris, 27 janvier. \u201cI wonder to myself Could life ever be sane again?\u201d \u00a0The Smiths \u2014 Panic _____ 1 Concept bien foutu de chez cette gente dame venu.","rel":"","context":"Dans &quot;Previously unreleased&quot;","block_context":{"text":"Previously unreleased","link":"https:\/\/www.wallendorff.com\/belogue\/category\/previously-unreleased\/"},"img":{"alt_text":"","src":"https:\/\/i0.wp.com\/www.wallendorff.com\/belogue\/wp-content\/uploads\/2015\/04\/200602031.jpg?resize=350%2C200&ssl=1","width":350,"height":200},"classes":[]},{"id":128393,"url":"https:\/\/www.wallendorff.com\/belogue\/2024\/06\/16\/cetait-2008\/","url_meta":{"origin":97,"position":4},"title":"C&rsquo;\u00e9tait 2008.","author":"dpc","date":"16 juin 2024","format":false,"excerpt":"2008, fin de cycles. KillerPilze @ le Trabendo, Paris, 12 janvier 2008. Linkin Park @ le Galaxie, Amn\u00e9ville, 17 janvier 2008. Paris, 27 janvier 2008. Mademoiselle K @ studios Jet, Bruxelles, 16 f\u00e9vrier 2008. Londres, 18 f\u00e9vrier 2008. Amsterdam, 2 avril 2008. Editors @ le Bataclan, Paris, 07 avril 2008\u2026","rel":"","context":"Dans &quot;DPC&quot;","block_context":{"text":"DPC","link":"https:\/\/www.wallendorff.com\/belogue\/category\/dpc\/"},"img":{"alt_text":"","src":"https:\/\/i0.wp.com\/www.wallendorff.com\/belogue\/wp-content\/uploads\/2024\/06\/20240616-04.jpg?resize=350%2C200&ssl=1","width":350,"height":200,"srcset":"https:\/\/i0.wp.com\/www.wallendorff.com\/belogue\/wp-content\/uploads\/2024\/06\/20240616-04.jpg?resize=350%2C200&ssl=1 1x, https:\/\/i0.wp.com\/www.wallendorff.com\/belogue\/wp-content\/uploads\/2024\/06\/20240616-04.jpg?resize=525%2C300&ssl=1 1.5x, https:\/\/i0.wp.com\/www.wallendorff.com\/belogue\/wp-content\/uploads\/2024\/06\/20240616-04.jpg?resize=700%2C400&ssl=1 2x, https:\/\/i0.wp.com\/www.wallendorff.com\/belogue\/wp-content\/uploads\/2024\/06\/20240616-04.jpg?resize=1050%2C600&ssl=1 3x"},"classes":[]},{"id":1007,"url":"https:\/\/www.wallendorff.com\/belogue\/2007\/08\/02\/previously-unreleased-62\/","url_meta":{"origin":97,"position":5},"title":"Previously unreleased #62\u00b9.","author":"dpc","date":"2 ao\u00fbt 2007","format":false,"excerpt":"Ben Kweller [sans Pierre Guimard], le Trabendo, Paris, 6 novembre 2006. Je voulais me trouver un Everyday Should Be a Holiday, \u00f4de \u00e0 la gloire de l'\u00e9picurisme latente vautr\u00e9 dans lequel je serais bien mieux que l\u00e0, maintenant, tout de suite, c'est quand les vacances berdel\u00a0?, mais le Internet n'est\u2026","rel":"","context":"Dans &quot;Previously unreleased&quot;","block_context":{"text":"Previously unreleased","link":"https:\/\/www.wallendorff.com\/belogue\/category\/previously-unreleased\/"},"img":{"alt_text":"","src":"https:\/\/i0.wp.com\/www.wallendorff.com\/belogue\/wp-content\/uploads\/2015\/04\/200708021.jpg?resize=350%2C200&ssl=1","width":350,"height":200},"classes":[]}],"_links":{"self":[{"href":"https:\/\/www.wallendorff.com\/belogue\/wp-json\/wp\/v2\/posts\/97","targetHints":{"allow":["GET"]}}],"collection":[{"href":"https:\/\/www.wallendorff.com\/belogue\/wp-json\/wp\/v2\/posts"}],"about":[{"href":"https:\/\/www.wallendorff.com\/belogue\/wp-json\/wp\/v2\/types\/post"}],"author":[{"embeddable":true,"href":"https:\/\/www.wallendorff.com\/belogue\/wp-json\/wp\/v2\/users\/1"}],"replies":[{"embeddable":true,"href":"https:\/\/www.wallendorff.com\/belogue\/wp-json\/wp\/v2\/comments?post=97"}],"version-history":[{"count":3,"href":"https:\/\/www.wallendorff.com\/belogue\/wp-json\/wp\/v2\/posts\/97\/revisions"}],"predecessor-version":[{"id":15862,"href":"https:\/\/www.wallendorff.com\/belogue\/wp-json\/wp\/v2\/posts\/97\/revisions\/15862"}],"wp:featuredmedia":[{"embeddable":true,"href":"https:\/\/www.wallendorff.com\/belogue\/wp-json\/wp\/v2\/media\/24032"}],"wp:attachment":[{"href":"https:\/\/www.wallendorff.com\/belogue\/wp-json\/wp\/v2\/media?parent=97"}],"wp:term":[{"taxonomy":"category","embeddable":true,"href":"https:\/\/www.wallendorff.com\/belogue\/wp-json\/wp\/v2\/categories?post=97"},{"taxonomy":"post_tag","embeddable":true,"href":"https:\/\/www.wallendorff.com\/belogue\/wp-json\/wp\/v2\/tags?post=97"}],"curies":[{"name":"wp","href":"https:\/\/api.w.org\/{rel}","templated":true}]}}