{"id":9663,"date":"2010-10-15T17:41:25","date_gmt":"2010-10-15T15:41:25","guid":{"rendered":"http:\/\/www.po-l.com\/belogue\/?p=9663"},"modified":"2012-07-15T10:22:30","modified_gmt":"2012-07-15T08:22:30","slug":"love-amongst-ruin-lys-glow-la-fleche-dor-paris","status":"publish","type":"post","link":"https:\/\/www.wallendorff.com\/belogue\/2010\/10\/15\/love-amongst-ruin-lys-glow-la-fleche-dor-paris\/","title":{"rendered":"Love Amongst Ruin + LYS + Glow @ la Fl\u00e8che d&rsquo;Or, Paris."},"content":{"rendered":"<div id=\"photo\">\n<p><img decoding=\"async\" src=\"https:\/\/www.wallendorff.com\/belogue\/photo\/2010\/10\/20101015.jpg\" \/><\/p>\n<\/div>\n<div id=\"setlist\">\n<p>Blood &amp; Earth | Alone | Heaven &amp; Hell | Running | Away from Me | Come on Say It | Got to Give It Up | Truth | So Sad (Fade) | Home || Rise<\/p>\n<\/div>\n<p style=\"text-align:right\">&laquo;&nbsp;<em>Glad to be back  in Paris. A lot of things has changed, I think you noticed<\/em>.&nbsp;&raquo;<\/p>\n<p>Oui, du temps a pass&eacute;. Trois ans apr&egrave;s son d&eacute;part de Placebo, Steve Hewitt r&eacute;appara&icirc;t avec un nouveau groupe, &agrave; un nouveau poste, avec plus de bide et moins de cheveux. On est  comme &ccedil;a nous autres les gars, &agrave; force de se faire des soir&eacute;es apr&egrave;s lesquelles  nos cheveux nous poussent dans la t&ecirc;te, notre tignasse finit par nous bourrer  le ventre et on se retrouve avec plus de bide que de cheveux. Ou un  truc comme &ccedil;a. Mais je digresse.<\/p>\n<p>Blague &agrave; part, je suis &eacute;tonn&eacute; de  voir la Fl&egrave;che d&rsquo;Or aussi d&eacute;peupl&eacute;e. J&rsquo;aurais attendu plus de curieux pour  l&rsquo;ex-batteur de Placebo. Avant de me dire que l&rsquo;important, dans Placebo, c&rsquo;est peut-&ecirc;tre  moins le batteur que Molko. Si monsieur Chaussure d&rsquo;Indochine montait un projet  solo, il devrait faire le m&ecirc;me constat. Surtout que monsieur Chaussure n&rsquo;a plus  du tout de cheveux, lui. Mais je digresse encore.<\/p>\n<p>Donc, dans le nouveau groupe de  Steve Hewitt, Steve Hewitt a l&acirc;ch&eacute; la batterie pour se mettre &agrave; la guitare et  au chant. Dans ma m&eacute;moire, le dernier trio dont le batteur a mont&eacute; un nouveau  groupe en passant de la batterie &agrave; la guitare et au chant, c&rsquo;&eacute;tait Nirvana, quand Dave Grohl a mont&eacute; les Foo Fighters. &Ccedil;a n&rsquo;a rien &agrave; voir, bien s&ucirc;r, car  Brian Molko n&rsquo;est pas mort &#8213;&nbsp;quoiqu&rsquo;on en dise&nbsp;&#8213; et Dave Grohl a toujours  des cheveux, m&ecirc;me s&rsquo;il a pris du bide comme le prouve <a href=\"http:\/\/www.youtube.com\/watch?v=OHXYBxKZS5Y\">ce document exclusif le  montrant traumatis&eacute; apr&egrave;s avoir vu de tr&egrave;s pr&egrave;s les testiboules de Jake Shears<\/a>.  Mais je digresse toujours.<\/p>\n<p>Quoi qu&rsquo;il en soit, et m&ecirc;me s&rsquo;il  n&rsquo;apporte rien de bien novateur, Love Amongst Ruin s&rsquo;en sort &agrave; mon sens bien  mieux que Placebo. Musicalement parlant, bien s&ucirc;r. Parce que de toute fa&ccedil;on,  tant que Placebo aura Olsdal et &#8213;&nbsp;surtout&nbsp;&#8213; Molko, Placebo s&rsquo;en  sortira, m&ecirc;me en pondant des albums de rock alternatif ricain pour s&eacute;duire les  &Eacute;tats-Unis et en les ressortant tous les six mois en version d&eacute;finitive,  maxi-bonus ou r&eacute;duite. Love Amongst Ruin aura plus de mal, c&rsquo;est &eacute;vident, se  tapera plus de Trabendo que de Z&eacute;nith et devra aller se trouver des copains chez  RTL2 plut&ocirc;t que chez NRJ, mais n&rsquo;en reste pas moins plus int&eacute;ressant.<\/p>\n<p style=\"text-align:right\">Hum.<\/p>\n<p style=\"text-align:right\">Ce qui me fait peur  avec mon texte, c&rsquo;est que si j&rsquo;ai raison, il est temps que je me mette &agrave;   RTL2.<\/p>\n<div id=\"bandeson\">\n<p><img decoding=\"async\" src=\"https:\/\/www.wallendorff.com\/belogue\/photo\/pochettes\/l\/love_amongst_ruin-love_amongst_ruin.jpg\" align=\"left\" \/>&nbsp;<a href=\"http:\/\/www.loveamongstruin.com\/\">Love Amongst Ruin<\/a> &ndash; <em>So Sad (Fade)<\/em><\/p>\n<\/div>\n<h1>Glow<\/h1>ngg_shortcode_0_placeholder<h1>LYS<\/h1>ngg_shortcode_1_placeholder<h1>Love Amongst Ruin<\/h1>ngg_shortcode_2_placeholder","protected":false},"excerpt":{"rendered":"<p>Blood &amp; Earth | Alone | Heaven &amp; Hell | Running | Away from Me | Come on Say It | Got to Give It Up | Truth | So Sad (Fade) | Home || Rise &laquo;&nbsp;Glad to be back in Paris. A lot of things has changed, I think you noticed.&nbsp;&raquo; Oui, du temps&hellip;<\/p>\n","protected":false},"author":1,"featured_media":25929,"comment_status":"open","ping_status":"open","sticky":false,"template":"","format":"standard","meta":{"_acf_changed":false,"ngg_post_thumbnail":0,"jetpack_post_was_ever_published":false,"_jetpack_newsletter_access":"","_jetpack_dont_email_post_to_subs":false,"_jetpack_newsletter_tier_id":0,"_jetpack_memberships_contains_paywalled_content":false,"_jetpack_memberships_contains_paid_content":false,"footnotes":"","jetpack_publicize_message":"","jetpack_publicize_feature_enabled":true,"jetpack_social_post_already_shared":false,"jetpack_social_options":{"image_generator_settings":{"template":"highway","default_image_id":0,"font":"","enabled":false},"version":2}},"categories":[7],"tags":[10654,10216,10084,2571,196,2615,10120,10812,10121,10756,10374,10814,10813,10098,4336],"class_list":["post-9663","post","type-post","status-publish","format-standard","has-post-thumbnail","hentry","category-alive","tag-10654","tag-10216","tag-alive","tag-ef-16-35-mm-f28l-ii-usm","tag-ef-28-70-mm-f28l-usm","tag-eos-5d-mark-ii","tag-france","tag-glow","tag-ile-de-france","tag-inrocks-indie-club","tag-la-fleche-dor","tag-love-amongst-ruin","tag-lys","tag-paris","tag-so-sad-fade"],"acf":[],"geo":{"latitude":48.8594246,"longitude":2.4029884,"description":"94-104 Rue de Bagnolet, 75020 Paris, France"},"jetpack_publicize_connections":[],"jetpack_featured_media_url":"https:\/\/www.wallendorff.com\/belogue\/wp-content\/uploads\/2015\/04\/201010151.jpg","jetpack_shortlink":"https:\/\/wp.me\/p3b35P-2vR","jetpack_sharing_enabled":true,"jetpack-related-posts":[{"id":783,"url":"https:\/\/www.wallendorff.com\/belogue\/2006\/09\/08\/ben-kweller-la-fleche-d-or-paris\/","url_meta":{"origin":9663,"position":0},"title":"Ben Kweller @ la Fl\u00e8che d&rsquo;Or, Paris.","author":"dpc","date":"8 septembre 2006","format":false,"excerpt":"Ben, c'est un gars sympa et sa coupe de cheveux est coule. Et sa veste en jean, aussi. Quand il d\u00e9barque, Ben, qu'il dit bonjour Paris avec sa voix qu'on dirait un peu celle de Garth et son visage poupin, Ben, on l'aime. Il est tout seul sur sc\u00e8ne, Ben.\u2026","rel":"","context":"Dans &quot;Alive&quot;","block_context":{"text":"Alive","link":"https:\/\/www.wallendorff.com\/belogue\/category\/alive\/"},"img":{"alt_text":"","src":"https:\/\/i0.wp.com\/www.wallendorff.com\/belogue\/wp-content\/uploads\/2015\/04\/200609081.jpg?resize=350%2C200&ssl=1","width":350,"height":200,"srcset":"https:\/\/i0.wp.com\/www.wallendorff.com\/belogue\/wp-content\/uploads\/2015\/04\/200609081.jpg?resize=350%2C200&ssl=1 1x, https:\/\/i0.wp.com\/www.wallendorff.com\/belogue\/wp-content\/uploads\/2015\/04\/200609081.jpg?resize=525%2C300&ssl=1 1.5x, https:\/\/i0.wp.com\/www.wallendorff.com\/belogue\/wp-content\/uploads\/2015\/04\/200609081.jpg?resize=700%2C400&ssl=1 2x"},"classes":[]},{"id":6338,"url":"https:\/\/www.wallendorff.com\/belogue\/2010\/01\/23\/band-of-skulls-the-parlotones-la-fleche-dor-paris-21-janvier\/","url_meta":{"origin":9663,"position":1},"title":"Band of Skulls + The Parlotones @ la Fl\u00e8che d&rsquo;Or, Paris, 21 janvier.","author":"dpc","date":"23 janvier 2010","format":false,"excerpt":"\u00a0Band of Skulls \u2013 I Know What I Am Et notre premier groupe tout neuf de l'ann\u00e9e est donc un trio d'Anglais barr\u00e9s et chevelus qui savent retourner une salle comme il faut, m\u00eame quand elle est un peu d\u00e9peupl\u00e9e. Premi\u00e8re exp\u00e9rience convaincante, grave, on attend vite la suite avec\u2026","rel":"","context":"Dans &quot;Alive&quot;","block_context":{"text":"Alive","link":"https:\/\/www.wallendorff.com\/belogue\/category\/alive\/"},"img":{"alt_text":"","src":"https:\/\/i0.wp.com\/www.wallendorff.com\/belogue\/wp-content\/uploads\/2015\/04\/201001231.jpg?resize=350%2C200&ssl=1","width":350,"height":200,"srcset":"https:\/\/i0.wp.com\/www.wallendorff.com\/belogue\/wp-content\/uploads\/2015\/04\/201001231.jpg?resize=350%2C200&ssl=1 1x, https:\/\/i0.wp.com\/www.wallendorff.com\/belogue\/wp-content\/uploads\/2015\/04\/201001231.jpg?resize=525%2C300&ssl=1 1.5x, https:\/\/i0.wp.com\/www.wallendorff.com\/belogue\/wp-content\/uploads\/2015\/04\/201001231.jpg?resize=700%2C400&ssl=1 2x"},"classes":[]},{"id":27116,"url":"https:\/\/www.wallendorff.com\/belogue\/2015\/04\/22\/circa-waves-la-fleche-dor-paris\/","url_meta":{"origin":9663,"position":2},"title":"Circa Waves @ la Fl\u00e8che d&rsquo;Or, Paris.","author":"dpc","date":"22 avril 2015","format":false,"excerpt":"T-Shirt Weather Circa Waves","rel":"","context":"Dans &quot;Alive&quot;","block_context":{"text":"Alive","link":"https:\/\/www.wallendorff.com\/belogue\/category\/alive\/"},"img":{"alt_text":"","src":"https:\/\/i0.wp.com\/www.wallendorff.com\/belogue\/wp-content\/uploads\/2015\/04\/20150422.jpg?resize=350%2C200&ssl=1","width":350,"height":200,"srcset":"https:\/\/i0.wp.com\/www.wallendorff.com\/belogue\/wp-content\/uploads\/2015\/04\/20150422.jpg?resize=350%2C200&ssl=1 1x, https:\/\/i0.wp.com\/www.wallendorff.com\/belogue\/wp-content\/uploads\/2015\/04\/20150422.jpg?resize=525%2C300&ssl=1 1.5x, https:\/\/i0.wp.com\/www.wallendorff.com\/belogue\/wp-content\/uploads\/2015\/04\/20150422.jpg?resize=700%2C400&ssl=1 2x"},"classes":[]},{"id":23866,"url":"https:\/\/www.wallendorff.com\/belogue\/2015\/02\/19\/balinger-3somesisters-la-fleche-dor-paris-16-fevrier\/","url_meta":{"origin":9663,"position":3},"title":"Balinger + 3sOmEsiStERs @ la Fl\u00e8che d&rsquo;Or, Paris, 16 f\u00e9vrier.","author":"dpc","date":"19 f\u00e9vrier 2015","format":false,"excerpt":"3sOmEsiStERs Balinger \u00a0","rel":"","context":"Dans &quot;Alive&quot;","block_context":{"text":"Alive","link":"https:\/\/www.wallendorff.com\/belogue\/category\/alive\/"},"img":{"alt_text":"","src":"https:\/\/i0.wp.com\/www.wallendorff.com\/belogue\/wp-content\/uploads\/2015\/04\/201502201.jpg?resize=350%2C200&ssl=1","width":350,"height":200,"srcset":"https:\/\/i0.wp.com\/www.wallendorff.com\/belogue\/wp-content\/uploads\/2015\/04\/201502201.jpg?resize=350%2C200&ssl=1 1x, https:\/\/i0.wp.com\/www.wallendorff.com\/belogue\/wp-content\/uploads\/2015\/04\/201502201.jpg?resize=525%2C300&ssl=1 1.5x, https:\/\/i0.wp.com\/www.wallendorff.com\/belogue\/wp-content\/uploads\/2015\/04\/201502201.jpg?resize=700%2C400&ssl=1 2x"},"classes":[]},{"id":12319,"url":"https:\/\/www.wallendorff.com\/belogue\/2011\/02\/21\/the-joy-formidable-the-dodoz-the-airborne-toxic-event-la-fleche-dor-paris-18-fevrier\/","url_meta":{"origin":9663,"position":4},"title":"The Joy Formidable + The Dodoz + The Airborne Toxic Event @ la Fl\u00e8che d&rsquo;Or, Paris, 18 f\u00e9vrier.","author":"dpc","date":"21 f\u00e9vrier 2011","format":false,"excerpt":"En voil\u00e0 trois qui postillonnent du cure-dents comme il faut. Allez les aimer. \u00a0The Joy Formidable \u2013 Whirring [youtube]http:\/\/www.youtube.com\/watch?v=a2BUEzdjfpY[\/youtube] The Airborne Toxic Event The Dodoz The Joy Formidable","rel":"","context":"Dans &quot;Alive&quot;","block_context":{"text":"Alive","link":"https:\/\/www.wallendorff.com\/belogue\/category\/alive\/"},"img":{"alt_text":"","src":"https:\/\/i0.wp.com\/www.wallendorff.com\/belogue\/wp-content\/uploads\/2015\/04\/201102211.jpg?resize=350%2C200&ssl=1","width":350,"height":200,"srcset":"https:\/\/i0.wp.com\/www.wallendorff.com\/belogue\/wp-content\/uploads\/2015\/04\/201102211.jpg?resize=350%2C200&ssl=1 1x, https:\/\/i0.wp.com\/www.wallendorff.com\/belogue\/wp-content\/uploads\/2015\/04\/201102211.jpg?resize=525%2C300&ssl=1 1.5x, https:\/\/i0.wp.com\/www.wallendorff.com\/belogue\/wp-content\/uploads\/2015\/04\/201102211.jpg?resize=700%2C400&ssl=1 2x"},"classes":[]},{"id":19621,"url":"https:\/\/www.wallendorff.com\/belogue\/2012\/11\/22\/mystery-jets-oh-othello-la-fleche-dor-paris\/","url_meta":{"origin":9663,"position":5},"title":"Mystery Jets + Oh Othello @ la Fl\u00e8che d&rsquo;Or, Paris.","author":"dpc","date":"22 novembre 2012","format":false,"excerpt":"The Datsuns \u2013 Gold Halo Oh Othello \u00a0 Mystery Jets \u00a0","rel":"","context":"Dans &quot;Alive&quot;","block_context":{"text":"Alive","link":"https:\/\/www.wallendorff.com\/belogue\/category\/alive\/"},"img":{"alt_text":"","src":"https:\/\/i0.wp.com\/www.wallendorff.com\/belogue\/wp-content\/uploads\/2015\/04\/201211221.jpg?resize=350%2C200&ssl=1","width":350,"height":200,"srcset":"https:\/\/i0.wp.com\/www.wallendorff.com\/belogue\/wp-content\/uploads\/2015\/04\/201211221.jpg?resize=350%2C200&ssl=1 1x, https:\/\/i0.wp.com\/www.wallendorff.com\/belogue\/wp-content\/uploads\/2015\/04\/201211221.jpg?resize=525%2C300&ssl=1 1.5x, https:\/\/i0.wp.com\/www.wallendorff.com\/belogue\/wp-content\/uploads\/2015\/04\/201211221.jpg?resize=700%2C400&ssl=1 2x"},"classes":[]}],"_links":{"self":[{"href":"https:\/\/www.wallendorff.com\/belogue\/wp-json\/wp\/v2\/posts\/9663","targetHints":{"allow":["GET"]}}],"collection":[{"href":"https:\/\/www.wallendorff.com\/belogue\/wp-json\/wp\/v2\/posts"}],"about":[{"href":"https:\/\/www.wallendorff.com\/belogue\/wp-json\/wp\/v2\/types\/post"}],"author":[{"embeddable":true,"href":"https:\/\/www.wallendorff.com\/belogue\/wp-json\/wp\/v2\/users\/1"}],"replies":[{"embeddable":true,"href":"https:\/\/www.wallendorff.com\/belogue\/wp-json\/wp\/v2\/comments?post=9663"}],"version-history":[{"count":3,"href":"https:\/\/www.wallendorff.com\/belogue\/wp-json\/wp\/v2\/posts\/9663\/revisions"}],"predecessor-version":[{"id":13584,"href":"https:\/\/www.wallendorff.com\/belogue\/wp-json\/wp\/v2\/posts\/9663\/revisions\/13584"}],"wp:featuredmedia":[{"embeddable":true,"href":"https:\/\/www.wallendorff.com\/belogue\/wp-json\/wp\/v2\/media\/25929"}],"wp:attachment":[{"href":"https:\/\/www.wallendorff.com\/belogue\/wp-json\/wp\/v2\/media?parent=9663"}],"wp:term":[{"taxonomy":"category","embeddable":true,"href":"https:\/\/www.wallendorff.com\/belogue\/wp-json\/wp\/v2\/categories?post=9663"},{"taxonomy":"post_tag","embeddable":true,"href":"https:\/\/www.wallendorff.com\/belogue\/wp-json\/wp\/v2\/tags?post=9663"}],"curies":[{"name":"wp","href":"https:\/\/api.w.org\/{rel}","templated":true}]}}