{"id":9653,"date":"2010-10-13T10:07:35","date_gmt":"2010-10-13T08:07:35","guid":{"rendered":"http:\/\/www.po-l.com\/belogue\/?p=9653"},"modified":"2018-05-23T08:15:55","modified_gmt":"2018-05-23T06:15:55","slug":"shooting-people-72-73","status":"publish","type":"post","link":"https:\/\/www.wallendorff.com\/belogue\/2010\/10\/13\/shooting-people-72-73\/","title":{"rendered":"Shooting people #72, 73."},"content":{"rendered":"\n<div id=\"photo\">\n<p><img decoding=\"async\" src=\"https:\/\/www.wallendorff.com\/belogue\/photo\/2010\/10\/20101013-01.jpg\" \/><\/p>\n<\/p><\/div>\n<div id=\"photo2\">\n<p><img decoding=\"async\" src=\"https:\/\/www.wallendorff.com\/belogue\/photo\/2010\/10\/20101013-02.jpg\" \/><\/p>\n<\/p><\/div>\n<p style=\"text-align:right\">Je n&rsquo;aime pas du tout l&rsquo;ombre qui cache la moiti&eacute; du visage de Dan Haggis sur la seconde, mais je la publie quand m&ecirc;me. &Ccedil;a doit &ecirc;tre une forme de masochisme.<\/p>\n<p style=\"text-align:left\">Ah et en bonus exclusif pour mes trois lecteurs, la note d&rsquo;aujourd&rsquo;hui contient m&ecirc;me une section m&eacute;quinofe&nbsp;:<\/p>\n<div id=\"photo2\">\n<p><img decoding=\"async\" src=\"https:\/\/www.wallendorff.com\/belogue\/photo\/2010\/10\/20101013-03.jpg\" \/><br \/>\nM\u00e9quinofe par Lara d&rsquo;<a href=\"http:\/\/www.ivox-promo.fr\/\">Ivox<\/a>, merci merci &agrave; toi, pour &ccedil;a et le reste.<\/p>\n<\/p><\/div>\n<p style=\"text-align:right\">[Faudra qu&rsquo;on m&rsquo;explique ce qu&rsquo;il y a de dr&ocirc;le &agrave; me prendre en photo pendant que je prends des photos.]<\/p>\n<div id=\"bandeson\">\n<p><img decoding=\"async\" src=\"https:\/\/www.wallendorff.com\/belogue\/photo\/pochettes\/l\/let_it_be_revisited.jpg\" align=\"left\" \/>&nbsp;<a href=\"http:\/\/www.jimjonesrevue.com\">The Jim Jones Revue<\/a> &ndash; <em>Get Back (<\/em>The Beatles cover)<\/p>\n<\/p><\/div>\n","protected":false},"excerpt":{"rendered":"<p>Je n&rsquo;aime pas du tout l&rsquo;ombre qui cache la moiti&eacute; du visage de Dan Haggis sur la seconde, mais je la publie quand m&ecirc;me. &Ccedil;a doit &ecirc;tre une forme de masochisme. Ah et en bonus exclusif pour mes trois lecteurs, la note d&rsquo;aujourd&rsquo;hui contient m&ecirc;me une section m&eacute;quinofe&nbsp;: M\u00e9quinofe par Lara d&rsquo;Ivox, merci merci &agrave;&hellip;<\/p>\n","protected":false},"author":1,"featured_media":25925,"comment_status":"open","ping_status":"open","sticky":false,"template":"","format":"standard","meta":{"_acf_changed":false,"ngg_post_thumbnail":0,"jetpack_post_was_ever_published":false,"_jetpack_newsletter_access":"","_jetpack_dont_email_post_to_subs":false,"_jetpack_newsletter_tier_id":0,"_jetpack_memberships_contains_paywalled_content":false,"_jetpack_memberships_contains_paid_content":false,"footnotes":"","jetpack_publicize_message":"","jetpack_publicize_feature_enabled":true,"jetpack_social_post_already_shared":false,"jetpack_social_options":{"image_generator_settings":{"template":"highway","default_image_id":0,"font":"","enabled":false},"version":2}},"categories":[8],"tags":[10267,1016,2571,2615,10120,4325,3831,10121,10302,449,10098,10272,10376,10810,4324,10458],"class_list":["post-9653","post","type-post","status-publish","format-standard","has-post-thumbnail","hentry","category-portraits","tag-10267","tag-ef-15-mm-f28-fisheye","tag-ef-16-35-mm-f28l-ii-usm","tag-eos-5d-mark-ii","tag-france","tag-get-back","tag-groupe","tag-ile-de-france","tag-le-point-ephemere","tag-moi","tag-paris","tag-portrait","tag-promo","tag-the-beatles","tag-the-jim-jones-revue","tag-the-wombats"],"acf":[],"geo":{"latitude":48.8815308,"longitude":2.3685622,"description":"Quai de Valmy, 75010 Paris, France"},"jetpack_publicize_connections":[],"jetpack_featured_media_url":"https:\/\/www.wallendorff.com\/belogue\/wp-content\/uploads\/2015\/04\/20101013-011.jpg","jetpack_shortlink":"https:\/\/wp.me\/p3b35P-2vH","jetpack_sharing_enabled":true,"jetpack-related-posts":[{"id":124851,"url":"https:\/\/www.wallendorff.com\/belogue\/2023\/06\/29\/at-home-astro-salon-international-de-laeronautique-et-de-lespace-le-bourget-20-et-22-juin-2023\/","url_meta":{"origin":9653,"position":0},"title":"At Home Astro @ Salon International de l&rsquo;A\u00e9ronautique et de l&rsquo;Espace, le Bourget, 20 et 22 juin 2023.","author":"dpc","date":"29 juin 2023","format":false,"excerpt":"Une exposition en partenariat avec l'Apave dans le cadre du Salon International de l'A\u00e9ronautique et de l'Espace de Paris-Le Bourget 2023.Merci \u00e0 Thomas Pesquet pour le pr\u00eat de ses imagesConception graphique : Laura L\u00e9sinTextes : Anne Pluvinage-Nierengarten et moi-m\u00eame.Premi\u00e8re photo : Marie Neubauer","rel":"","context":"Dans &quot;DPC&quot;","block_context":{"text":"DPC","link":"https:\/\/www.wallendorff.com\/belogue\/category\/dpc\/"},"img":{"alt_text":"","src":"https:\/\/i0.wp.com\/www.wallendorff.com\/belogue\/wp-content\/uploads\/2023\/06\/20230629-14.png?resize=350%2C200&ssl=1","width":350,"height":200,"srcset":"https:\/\/i0.wp.com\/www.wallendorff.com\/belogue\/wp-content\/uploads\/2023\/06\/20230629-14.png?resize=350%2C200&ssl=1 1x, https:\/\/i0.wp.com\/www.wallendorff.com\/belogue\/wp-content\/uploads\/2023\/06\/20230629-14.png?resize=525%2C300&ssl=1 1.5x, https:\/\/i0.wp.com\/www.wallendorff.com\/belogue\/wp-content\/uploads\/2023\/06\/20230629-14.png?resize=700%2C400&ssl=1 2x, https:\/\/i0.wp.com\/www.wallendorff.com\/belogue\/wp-content\/uploads\/2023\/06\/20230629-14.png?resize=1050%2C600&ssl=1 3x"},"classes":[]},{"id":130521,"url":"https:\/\/www.wallendorff.com\/belogue\/2024\/09\/05\/50-ans-du-sa330-puma-base-aerienne-126-solenzara-2-mai-2024\/","url_meta":{"origin":9653,"position":1},"title":"50 ans du SA330 Puma.","author":"dpc","date":"5 septembre 2024","format":false,"excerpt":"Tour Montparnasse, Paris, 18 avril 2024. Ce fut une journ\u00e9e avec de grandes premi\u00e8res et une grande d\u00e9couverte pour moi : Premi\u00e8re photos avec l'arm\u00e9e de l'Air Premi\u00e8re fois que je mets les pieds en Corse. Les vols en Hercule C130, \u00e7a fait mal aux fesses.","rel":"","context":"Dans &quot;DPC&quot;","block_context":{"text":"DPC","link":"https:\/\/www.wallendorff.com\/belogue\/category\/dpc\/"},"img":{"alt_text":"","src":"https:\/\/i0.wp.com\/www.wallendorff.com\/belogue\/wp-content\/uploads\/2024\/09\/20240905-10.jpg?resize=350%2C200&ssl=1","width":350,"height":200,"srcset":"https:\/\/i0.wp.com\/www.wallendorff.com\/belogue\/wp-content\/uploads\/2024\/09\/20240905-10.jpg?resize=350%2C200&ssl=1 1x, https:\/\/i0.wp.com\/www.wallendorff.com\/belogue\/wp-content\/uploads\/2024\/09\/20240905-10.jpg?resize=525%2C300&ssl=1 1.5x, https:\/\/i0.wp.com\/www.wallendorff.com\/belogue\/wp-content\/uploads\/2024\/09\/20240905-10.jpg?resize=700%2C400&ssl=1 2x, https:\/\/i0.wp.com\/www.wallendorff.com\/belogue\/wp-content\/uploads\/2024\/09\/20240905-10.jpg?resize=1050%2C600&ssl=1 3x"},"classes":[]},{"id":20783,"url":"https:\/\/www.wallendorff.com\/belogue\/2013\/04\/19\/and-you-will-know-us-by-the-trail-of-dead-la-maroquinerie-paris-17-avril\/","url_meta":{"origin":9653,"position":2},"title":"&#8230;And You Will Know Us By the Trail of Dead @ la Maroquinerie, Paris, 17 avril.","author":"dpc","date":"19 avril 2013","format":false,"excerpt":"Pour faire ces photos j'ai subi une heure de pogotage dans le dos et de bonhomme torse poil tremp\u00e9 de sueur coll\u00e9 contre mon bras, je me suis pris deux bi\u00e8res (une sur la jambe et une sur le sac), j'ai failli \u00eatre \u00e9trangl\u00e9 par le jack de Jason Reece\u2026","rel":"","context":"Dans &quot;Alive&quot;","block_context":{"text":"Alive","link":"https:\/\/www.wallendorff.com\/belogue\/category\/alive\/"},"img":{"alt_text":"","src":"https:\/\/i0.wp.com\/www.wallendorff.com\/belogue\/wp-content\/uploads\/2015\/04\/20130419.jpg?resize=350%2C200&ssl=1","width":350,"height":200,"srcset":"https:\/\/i0.wp.com\/www.wallendorff.com\/belogue\/wp-content\/uploads\/2015\/04\/20130419.jpg?resize=350%2C200&ssl=1 1x, https:\/\/i0.wp.com\/www.wallendorff.com\/belogue\/wp-content\/uploads\/2015\/04\/20130419.jpg?resize=525%2C300&ssl=1 1.5x, https:\/\/i0.wp.com\/www.wallendorff.com\/belogue\/wp-content\/uploads\/2015\/04\/20130419.jpg?resize=700%2C400&ssl=1 2x"},"classes":[]},{"id":18582,"url":"https:\/\/www.wallendorff.com\/belogue\/2012\/08\/09\/cocktails-spirits-2012\/","url_meta":{"origin":9653,"position":3},"title":"Cocktails Spirits 2012","author":"dpc","date":"9 ao\u00fbt 2012","format":false,"excerpt":"Pour la deuxi\u00e8me ann\u00e9e, Liquid Liquid m'a \u2013\u00a0enfin nous a, puisque nous \u00e9tions deux photographes\u00a0\u2013 demand\u00e9 de chouter le salon Cocktails Spirits 2012. C'est sportif \u00e0 photographier, Cocktail Spirits, car tout comme pour les groupes de rock et roll, on obtient de plus jolies photos des gens qu'on a appris\u2026","rel":"","context":"Dans &quot;Alive&quot;","block_context":{"text":"Alive","link":"https:\/\/www.wallendorff.com\/belogue\/category\/alive\/"},"img":{"alt_text":"","src":"https:\/\/i0.wp.com\/www.wallendorff.com\/belogue\/wp-content\/uploads\/2015\/04\/201208091.jpg?resize=350%2C200&ssl=1","width":350,"height":200,"srcset":"https:\/\/i0.wp.com\/www.wallendorff.com\/belogue\/wp-content\/uploads\/2015\/04\/201208091.jpg?resize=350%2C200&ssl=1 1x, https:\/\/i0.wp.com\/www.wallendorff.com\/belogue\/wp-content\/uploads\/2015\/04\/201208091.jpg?resize=525%2C300&ssl=1 1.5x, https:\/\/i0.wp.com\/www.wallendorff.com\/belogue\/wp-content\/uploads\/2015\/04\/201208091.jpg?resize=700%2C400&ssl=1 2x"},"classes":[]},{"id":3362,"url":"https:\/\/www.wallendorff.com\/belogue\/2008\/09\/01\/rock-en-seine-2008-1\/","url_meta":{"origin":9653,"position":4},"title":"Rock en Seine 2008 #1.","author":"dpc","date":"1 septembre 2008","format":false,"excerpt":"Apocalyptica, Grande Sc\u00e8ne, 28 ao\u00fbt. L'\u00e9t\u00e9 est termin\u00e9 avant que le mien commence, super, merci les gars, avec \u00e7a y a une main floue sur ma photo mais il faut que je la poste quand m\u00eame, va comprendre, Charles. Tout \u00e7a me rend aussi d\u00e9prim\u00e9 qu'un fan d'Amy Winouze serrant\u2026","rel":"","context":"Dans &quot;Alive&quot;","block_context":{"text":"Alive","link":"https:\/\/www.wallendorff.com\/belogue\/category\/alive\/"},"img":{"alt_text":"","src":"https:\/\/i0.wp.com\/www.wallendorff.com\/belogue\/wp-content\/uploads\/2015\/04\/200809011.jpg?resize=350%2C200&ssl=1","width":350,"height":200,"srcset":"https:\/\/i0.wp.com\/www.wallendorff.com\/belogue\/wp-content\/uploads\/2015\/04\/200809011.jpg?resize=350%2C200&ssl=1 1x, https:\/\/i0.wp.com\/www.wallendorff.com\/belogue\/wp-content\/uploads\/2015\/04\/200809011.jpg?resize=525%2C300&ssl=1 1.5x, https:\/\/i0.wp.com\/www.wallendorff.com\/belogue\/wp-content\/uploads\/2015\/04\/200809011.jpg?resize=700%2C400&ssl=1 2x"},"classes":[]},{"id":36087,"url":"https:\/\/www.wallendorff.com\/belogue\/2017\/10\/20\/people-140\/","url_meta":{"origin":9653,"position":5},"title":"People #140.","author":"dpc","date":"20 octobre 2017","format":false,"excerpt":"Saxapahaw, 2 septembre. Je n'avais pas offici\u00e9 comme photographe de mariage depuis tellement longtemps que, quand Fara et Erik m'ont demand\u00e9 de m'occuper du leur, j'ai failli dire non. Puis je me suis ravis\u00e9, car il faut parfois \u2013\u00a0si ce n'est toujours\u00a0\u2013 sortir de sa zone de confort, et parce\u2026","rel":"","context":"Dans &quot;Portraits&quot;","block_context":{"text":"Portraits","link":"https:\/\/www.wallendorff.com\/belogue\/category\/portraits\/"},"img":{"alt_text":"","src":"https:\/\/i0.wp.com\/www.wallendorff.com\/belogue\/wp-content\/uploads\/2017\/10\/20171020-21.jpg?resize=350%2C200&ssl=1","width":350,"height":200,"srcset":"https:\/\/i0.wp.com\/www.wallendorff.com\/belogue\/wp-content\/uploads\/2017\/10\/20171020-21.jpg?resize=350%2C200&ssl=1 1x, https:\/\/i0.wp.com\/www.wallendorff.com\/belogue\/wp-content\/uploads\/2017\/10\/20171020-21.jpg?resize=525%2C300&ssl=1 1.5x, https:\/\/i0.wp.com\/www.wallendorff.com\/belogue\/wp-content\/uploads\/2017\/10\/20171020-21.jpg?resize=700%2C400&ssl=1 2x"},"classes":[]}],"_links":{"self":[{"href":"https:\/\/www.wallendorff.com\/belogue\/wp-json\/wp\/v2\/posts\/9653","targetHints":{"allow":["GET"]}}],"collection":[{"href":"https:\/\/www.wallendorff.com\/belogue\/wp-json\/wp\/v2\/posts"}],"about":[{"href":"https:\/\/www.wallendorff.com\/belogue\/wp-json\/wp\/v2\/types\/post"}],"author":[{"embeddable":true,"href":"https:\/\/www.wallendorff.com\/belogue\/wp-json\/wp\/v2\/users\/1"}],"replies":[{"embeddable":true,"href":"https:\/\/www.wallendorff.com\/belogue\/wp-json\/wp\/v2\/comments?post=9653"}],"version-history":[{"count":9,"href":"https:\/\/www.wallendorff.com\/belogue\/wp-json\/wp\/v2\/posts\/9653\/revisions"}],"predecessor-version":[{"id":38257,"href":"https:\/\/www.wallendorff.com\/belogue\/wp-json\/wp\/v2\/posts\/9653\/revisions\/38257"}],"wp:featuredmedia":[{"embeddable":true,"href":"https:\/\/www.wallendorff.com\/belogue\/wp-json\/wp\/v2\/media\/25925"}],"wp:attachment":[{"href":"https:\/\/www.wallendorff.com\/belogue\/wp-json\/wp\/v2\/media?parent=9653"}],"wp:term":[{"taxonomy":"category","embeddable":true,"href":"https:\/\/www.wallendorff.com\/belogue\/wp-json\/wp\/v2\/categories?post=9653"},{"taxonomy":"post_tag","embeddable":true,"href":"https:\/\/www.wallendorff.com\/belogue\/wp-json\/wp\/v2\/tags?post=9653"}],"curies":[{"name":"wp","href":"https:\/\/api.w.org\/{rel}","templated":true}]}}