{"id":965,"date":"2007-05-31T09:59:37","date_gmt":"2007-05-31T09:59:37","guid":{"rendered":"http:\/\/www.po-l.com\/wordpress\/?p=965"},"modified":"2012-03-20T10:25:40","modified_gmt":"2012-03-20T08:25:40","slug":"199linkin-park-pop-bercy-paris","status":"publish","type":"post","link":"https:\/\/www.wallendorff.com\/belogue\/2007\/05\/31\/199linkin-park-pop-bercy-paris\/","title":{"rendered":"[199] &#8211; Linkin Park @ Palais omnisports de Paris-Bercy."},"content":{"rendered":"\n<div id=\"photo\">\n<p><img decoding=\"async\" src=\"https:\/\/www.wallendorff.com\/belogue\/photo\/2007\/05\/20070531.jpg\"\/><\/p>\n<\/p><\/div>\n<p style=\"text-align:right\">Pour une fois que l&rsquo;&eacute;toile rouge est d&eacute;j&agrave; sur la photo, autant en profiter, hein.<\/p>\n<div id=\"bandeson\">\n<p><img decoding=\"async\" src=\"https:\/\/www.wallendorff.com\/belogue\/photo\/pochettes\/w\/white_stripes_the-i_just_dont_know_what_to_do_with_myself.jpg\" align=\"left\" \/>&nbsp;<a href=\"http:\/\/www.whitestripes.com\/\">The White Stripes<\/a> &ndash; <em>Who&rsquo;s to Say<\/em> (<a href=\"http:\/\/www.blanchemusic.com\">Blanche<\/a> cover)<sup>1<\/sup>        <\/p>\n<\/p><\/div>\n<p>_____<\/p>\n<div id=\"bas_note\">\n<p><sup>1<\/sup> Puisqu&rsquo;<em>Icky Thump<\/em> n&rsquo;en finit pas de ne pas fuir sur Internet, &agrave; 3 semaines &agrave; peine de la sortie de l&rsquo;album (ce qui constitue un r&eacute;el exploit moderne),  rabattons-nous sur les vieux trucs en attendant.<\/p>\n<\/p><\/div>\n","protected":false},"excerpt":{"rendered":"<p>Pour une fois que l&rsquo;&eacute;toile rouge est d&eacute;j&agrave; sur la photo, autant en profiter, hein. &nbsp;The White Stripes &ndash; Who&rsquo;s to Say (Blanche cover)1 _____ 1 Puisqu&rsquo;Icky Thump n&rsquo;en finit pas de ne pas fuir sur Internet, &agrave; 3 semaines &agrave; peine de la sortie de l&rsquo;album (ce qui constitue un r&eacute;el exploit moderne), rabattons-nous&hellip;<\/p>\n","protected":false},"author":1,"featured_media":24898,"comment_status":"open","ping_status":"open","sticky":false,"template":"","format":"standard","meta":{"_acf_changed":false,"ngg_post_thumbnail":0,"jetpack_post_was_ever_published":false,"_jetpack_newsletter_access":"","_jetpack_dont_email_post_to_subs":false,"_jetpack_newsletter_tier_id":0,"_jetpack_memberships_contains_paywalled_content":false,"_jetpack_memberships_contains_paid_content":false,"footnotes":"","jetpack_publicize_message":"","jetpack_publicize_feature_enabled":true,"jetpack_social_post_already_shared":false,"jetpack_social_options":{"image_generator_settings":{"template":"highway","default_image_id":0,"font":"","enabled":false},"version":2}},"categories":[7],"tags":[10271,10215,77,1438,132,10120,10121,10146,10409,10098,10097,2015],"class_list":["post-965","post","type-post","status-publish","format-standard","has-post-thumbnail","hentry","category-alive","tag-10271","tag-backstage","tag-blanche","tag-ef-50-mm-f14-usm","tag-eos-20d","tag-france","tag-ile-de-france","tag-linkin-park","tag-palais-omnisports-de-paris-bercy","tag-paris","tag-the-white-stripes","tag-whos-to-say"],"acf":[],"geo":{"latitude":48.8384476,"longitude":2.3781002,"description":null},"jetpack_publicize_connections":[],"jetpack_featured_media_url":"https:\/\/www.wallendorff.com\/belogue\/wp-content\/uploads\/2015\/04\/200705311.jpg","jetpack_shortlink":"https:\/\/wp.me\/p3b35P-fz","jetpack_sharing_enabled":true,"jetpack-related-posts":[{"id":9710,"url":"https:\/\/www.wallendorff.com\/belogue\/2010\/10\/26\/linkin-park-pop-bercy-paris\/","url_meta":{"origin":965,"position":0},"title":"Linkin Park @ Palais omnisports de Paris-Bercy.","author":"dpc","date":"26 octobre 2010","format":false,"excerpt":"The Requiem | Wretches and Kings | Papercut | Given Up | New Divide | Faint | Empty Spaces | When They Come for Me | No More Sorrow | Jornada del Muerto | Waiting for the End | Wisdom, Justice, and Love | Iridescent | Numb | The Radiance\u2026","rel":"","context":"Dans &quot;Alive&quot;","block_context":{"text":"Alive","link":"https:\/\/www.wallendorff.com\/belogue\/category\/alive\/"},"img":{"alt_text":"","src":"https:\/\/i0.wp.com\/www.wallendorff.com\/belogue\/wp-content\/uploads\/2015\/04\/201010261.jpg?resize=350%2C200&ssl=1","width":350,"height":200,"srcset":"https:\/\/i0.wp.com\/www.wallendorff.com\/belogue\/wp-content\/uploads\/2015\/04\/201010261.jpg?resize=350%2C200&ssl=1 1x, https:\/\/i0.wp.com\/www.wallendorff.com\/belogue\/wp-content\/uploads\/2015\/04\/201010261.jpg?resize=525%2C300&ssl=1 1.5x, https:\/\/i0.wp.com\/www.wallendorff.com\/belogue\/wp-content\/uploads\/2015\/04\/201010261.jpg?resize=700%2C400&ssl=1 2x"},"classes":[]},{"id":23559,"url":"https:\/\/www.wallendorff.com\/belogue\/2014\/11\/17\/linkin-park-bercy-arena-paris\/","url_meta":{"origin":965,"position":1},"title":"Linkin Park @ Bercy Ar\u00e9na, Paris.","author":"dpc","date":"17 novembre 2014","format":false,"excerpt":"\u00a0","rel":"","context":"Dans &quot;Alive&quot;","block_context":{"text":"Alive","link":"https:\/\/www.wallendorff.com\/belogue\/category\/alive\/"},"img":{"alt_text":"","src":"https:\/\/i0.wp.com\/www.wallendorff.com\/belogue\/wp-content\/uploads\/2015\/04\/201411171.jpg?resize=350%2C200&ssl=1","width":350,"height":200,"srcset":"https:\/\/i0.wp.com\/www.wallendorff.com\/belogue\/wp-content\/uploads\/2015\/04\/201411171.jpg?resize=350%2C200&ssl=1 1x, https:\/\/i0.wp.com\/www.wallendorff.com\/belogue\/wp-content\/uploads\/2015\/04\/201411171.jpg?resize=525%2C300&ssl=1 1.5x, https:\/\/i0.wp.com\/www.wallendorff.com\/belogue\/wp-content\/uploads\/2015\/04\/201411171.jpg?resize=700%2C400&ssl=1 2x"},"classes":[]},{"id":11254,"url":"https:\/\/www.wallendorff.com\/belogue\/2011\/01\/06\/lennui-au-musee\/","url_meta":{"origin":965,"position":2},"title":"L&rsquo;ennui au mus\u00e9e.","author":"dpc","date":"6 janvier 2011","format":false,"excerpt":"Centre Pompidou-Metz, Metz, 8 novembre 2010. The High Wire \u2013 Odds & Evens","rel":"","context":"Dans &quot;DPC&quot;","block_context":{"text":"DPC","link":"https:\/\/www.wallendorff.com\/belogue\/category\/dpc\/"},"img":{"alt_text":"","src":"https:\/\/i0.wp.com\/www.wallendorff.com\/belogue\/wp-content\/uploads\/2015\/04\/201101061.jpg?resize=350%2C200&ssl=1","width":350,"height":200},"classes":[]},{"id":128329,"url":"https:\/\/www.wallendorff.com\/belogue\/2024\/06\/14\/cetait-2006\/","url_meta":{"origin":965,"position":3},"title":"C&rsquo;\u00e9tait 2006.","author":"dpc","date":"14 juin 2024","format":false,"excerpt":"62 concerts en 2006. \u00c7a explique la nature de la galerie de l'ann\u00e9e. Arctic Monkeys @ le Trabendo, Paris, 24 f\u00e9vrier 2006 Londres, 3 mars 2006 Londres, 28 avril 2006 Arctic Monkeys @ le Bataclan, Paris, 2 mai 2006 Dresden Dolls @ le Bataclan, Paris, 18 mai 2006 Asyl @\u2026","rel":"","context":"Dans &quot;DPC&quot;","block_context":{"text":"DPC","link":"https:\/\/www.wallendorff.com\/belogue\/category\/dpc\/"},"img":{"alt_text":"","src":"https:\/\/i0.wp.com\/www.wallendorff.com\/belogue\/wp-content\/uploads\/2024\/06\/20240614-19.jpg?resize=350%2C200&ssl=1","width":350,"height":200,"srcset":"https:\/\/i0.wp.com\/www.wallendorff.com\/belogue\/wp-content\/uploads\/2024\/06\/20240614-19.jpg?resize=350%2C200&ssl=1 1x, https:\/\/i0.wp.com\/www.wallendorff.com\/belogue\/wp-content\/uploads\/2024\/06\/20240614-19.jpg?resize=525%2C300&ssl=1 1.5x, https:\/\/i0.wp.com\/www.wallendorff.com\/belogue\/wp-content\/uploads\/2024\/06\/20240614-19.jpg?resize=700%2C400&ssl=1 2x, https:\/\/i0.wp.com\/www.wallendorff.com\/belogue\/wp-content\/uploads\/2024\/06\/20240614-19.jpg?resize=1050%2C600&ssl=1 3x"},"classes":[]},{"id":994,"url":"https:\/\/www.wallendorff.com\/belogue\/2007\/07\/16\/shooting-people-12\/","url_meta":{"origin":965,"position":4},"title":"Shooting people #12.","author":"dpc","date":"16 juillet 2007","format":false,"excerpt":"POP Bercy, Paris, 30 mai. Alors que la France enti\u00e8re se remet doucement de la c\u00e9l\u00e9bration du 10e anniversaire des White Stripes de samedi \u2015\u00a0une c\u00e9l\u00e9bration par ailleurs \u00e9tonnante d'ampleur et dont les nombreux et spontan\u00e9s feux d'artifices de joie firent grand plaisir \u00e0 voir, m\u00eame si je me demande\u2026","rel":"","context":"Dans &quot;Portraits&quot;","block_context":{"text":"Portraits","link":"https:\/\/www.wallendorff.com\/belogue\/category\/portraits\/"},"img":{"alt_text":"","src":"https:\/\/i0.wp.com\/www.wallendorff.com\/belogue\/wp-content\/uploads\/2015\/04\/200707161.jpg?resize=350%2C200&ssl=1","width":350,"height":200},"classes":[]},{"id":11240,"url":"https:\/\/www.wallendorff.com\/belogue\/2011\/01\/05\/rouge-gorge\/","url_meta":{"origin":965,"position":5},"title":"Rouge gorge.","author":"dpc","date":"5 janvier 2011","format":false,"excerpt":"Centre Pompidou-Metz, Metz, 8 novembre 2010. [Je pr\u00e9cise que ce rond noir perdu au milieu du n\u00e9ant d'un fond blanc est une \u0153uvre d'art moderne.] Eastern Conference Champions \u2013 On Off","rel":"","context":"Dans &quot;DPC&quot;","block_context":{"text":"DPC","link":"https:\/\/www.wallendorff.com\/belogue\/category\/dpc\/"},"img":{"alt_text":"","src":"https:\/\/i0.wp.com\/www.wallendorff.com\/belogue\/wp-content\/uploads\/2015\/04\/201101051.jpg?resize=350%2C200&ssl=1","width":350,"height":200},"classes":[]}],"_links":{"self":[{"href":"https:\/\/www.wallendorff.com\/belogue\/wp-json\/wp\/v2\/posts\/965","targetHints":{"allow":["GET"]}}],"collection":[{"href":"https:\/\/www.wallendorff.com\/belogue\/wp-json\/wp\/v2\/posts"}],"about":[{"href":"https:\/\/www.wallendorff.com\/belogue\/wp-json\/wp\/v2\/types\/post"}],"author":[{"embeddable":true,"href":"https:\/\/www.wallendorff.com\/belogue\/wp-json\/wp\/v2\/users\/1"}],"replies":[{"embeddable":true,"href":"https:\/\/www.wallendorff.com\/belogue\/wp-json\/wp\/v2\/comments?post=965"}],"version-history":[{"count":2,"href":"https:\/\/www.wallendorff.com\/belogue\/wp-json\/wp\/v2\/posts\/965\/revisions"}],"predecessor-version":[{"id":16452,"href":"https:\/\/www.wallendorff.com\/belogue\/wp-json\/wp\/v2\/posts\/965\/revisions\/16452"}],"wp:featuredmedia":[{"embeddable":true,"href":"https:\/\/www.wallendorff.com\/belogue\/wp-json\/wp\/v2\/media\/24898"}],"wp:attachment":[{"href":"https:\/\/www.wallendorff.com\/belogue\/wp-json\/wp\/v2\/media?parent=965"}],"wp:term":[{"taxonomy":"category","embeddable":true,"href":"https:\/\/www.wallendorff.com\/belogue\/wp-json\/wp\/v2\/categories?post=965"},{"taxonomy":"post_tag","embeddable":true,"href":"https:\/\/www.wallendorff.com\/belogue\/wp-json\/wp\/v2\/tags?post=965"}],"curies":[{"name":"wp","href":"https:\/\/api.w.org\/{rel}","templated":true}]}}