{"id":9637,"date":"2010-10-11T10:33:06","date_gmt":"2010-10-11T08:33:06","guid":{"rendered":"http:\/\/www.po-l.com\/belogue\/?p=9637"},"modified":"2012-07-12T16:43:02","modified_gmt":"2012-07-12T14:43:02","slug":"peu-noie-chaises","status":"publish","type":"post","link":"https:\/\/www.wallendorff.com\/belogue\/2010\/10\/11\/peu-noie-chaises\/","title":{"rendered":"Peu noie chaises."},"content":{"rendered":"\n<div id=\"photo\">\n<p><img decoding=\"async\" src=\"https:\/\/www.wallendorff.com\/belogue\/photo\/2010\/10\/20101011.jpg\" \/><br \/>\n        &Eacute;glise Saint-Sulpice, Paris, 21 ao&ucirc;t.<\/p>\n<\/p><\/div>\n<p>Ah et sans vouloir pol&eacute;miquer, Je tiens &agrave; dire qu&rsquo;il est quand m&ecirc;me  curieux d&rsquo;interdire l&rsquo;expo de Larry Clark aux mineurs chiliens alors qu&rsquo;on sait tr&egrave;s bien que le jour o&ugrave; ils sortiront, les mineurs chiliens, ils pr&eacute;f&egrave;reront aller boire des bi&egrave;res au bar de la mine plut&ocirc;t de courir &agrave; Paris voir une expo de photos. Tout &ccedil;a sent encore le complot mondial orchestr\u00e9 par la CIA, les Francs-Ma\u00e7ons, les Illuminatis, la <a href=\"http:\/\/www.montoncel.com\/confrerie.htm\">confr&eacute;rie de la saucisse de choux d&rsquo;Arconsat<\/a> et le Saint-Graal planqu&eacute; sous le plancher de Saint-Sulpice.<\/p>\n<p style=\"text-align:right\">[Qui me permet de retomber sur mes pattes.]<\/p>\n<p style=\"text-align:right\">[C&rsquo;est beau.]<\/p>\n<div id=\"bandeson\">\n<p><img decoding=\"async\" src=\"https:\/\/www.wallendorff.com\/belogue\/photo\/pochettes\/s\/stern_marnie-marnie_stern.jpg\" align=\"left\" \/>&nbsp;<a href=\"http:\/\/www.myspace.com\/marniestern1\">Marnie Stern<\/a> &ndash; <em>For Ash<\/em><\/p>\n<\/p><\/div>\n","protected":false},"excerpt":{"rendered":"<p>&Eacute;glise Saint-Sulpice, Paris, 21 ao&ucirc;t. Ah et sans vouloir pol&eacute;miquer, Je tiens &agrave; dire qu&rsquo;il est quand m&ecirc;me curieux d&rsquo;interdire l&rsquo;expo de Larry Clark aux mineurs chiliens alors qu&rsquo;on sait tr&egrave;s bien que le jour o&ugrave; ils sortiront, les mineurs chiliens, ils pr&eacute;f&egrave;reront aller boire des bi&egrave;res au bar de la mine plut&ocirc;t de courir&hellip;<\/p>\n","protected":false},"author":1,"featured_media":25923,"comment_status":"open","ping_status":"open","sticky":false,"template":"","format":"standard","meta":{"_acf_changed":false,"ngg_post_thumbnail":0,"jetpack_post_was_ever_published":false,"_jetpack_newsletter_access":"","_jetpack_dont_email_post_to_subs":false,"_jetpack_newsletter_tier_id":0,"_jetpack_memberships_contains_paywalled_content":false,"_jetpack_memberships_contains_paid_content":false,"footnotes":"","jetpack_publicize_message":"","jetpack_publicize_feature_enabled":true,"jetpack_social_post_already_shared":false,"jetpack_social_options":{"image_generator_settings":{"template":"highway","default_image_id":0,"font":"","enabled":false},"version":2}},"categories":[3],"tags":[10250,2571,2615,10240,10238,929,4319,10120,10121,4320,4318,10098],"class_list":["post-9637","post","type-post","status-publish","format-standard","has-post-thumbnail","hentry","category-dpc","tag-10250","tag-ef-16-35-mm-f28l-ii-usm","tag-eos-5d-mark-ii","tag-chaises","tag-eglise","tag-eglise-saint-sulpice","tag-for-ash","tag-france","tag-ile-de-france","tag-larry-clark","tag-marnie-stern","tag-paris"],"acf":[],"geo":{"latitude":48.8510208,"longitude":2.3348579,"description":"34 Rue Saint-Sulpice, 75006 Paris, France"},"jetpack_publicize_connections":[],"jetpack_featured_media_url":"https:\/\/www.wallendorff.com\/belogue\/wp-content\/uploads\/2015\/04\/201010111.jpg","jetpack_shortlink":"https:\/\/wp.me\/p3b35P-2vr","jetpack_sharing_enabled":true,"jetpack-related-posts":[{"id":9678,"url":"https:\/\/www.wallendorff.com\/belogue\/2010\/10\/17\/due-nef-avec-du-vieux\/","url_meta":{"origin":9637,"position":0},"title":"Due nef (avec du vieux).","author":"dpc","date":"17 octobre 2010","format":false,"excerpt":"\u00c9glise Saint-Sulpice, Paris, 21 ao\u00fbt. \u00a0The Flaming Lips \u2013 Thank You Jack White (for the Fiber-Optic Jesus That You Gave Me)","rel":"","context":"Dans &quot;DPC&quot;","block_context":{"text":"DPC","link":"https:\/\/www.wallendorff.com\/belogue\/category\/dpc\/"},"img":{"alt_text":"","src":"https:\/\/i0.wp.com\/www.wallendorff.com\/belogue\/wp-content\/uploads\/2015\/04\/201010171.jpg?resize=350%2C200&ssl=1","width":350,"height":200,"srcset":"https:\/\/i0.wp.com\/www.wallendorff.com\/belogue\/wp-content\/uploads\/2015\/04\/201010171.jpg?resize=350%2C200&ssl=1 1x, https:\/\/i0.wp.com\/www.wallendorff.com\/belogue\/wp-content\/uploads\/2015\/04\/201010171.jpg?resize=525%2C300&ssl=1 1.5x"},"classes":[]},{"id":419,"url":"https:\/\/www.wallendorff.com\/belogue\/2005\/04\/02\/reposes-saies-aux-galantes-grecques\/","url_meta":{"origin":9637,"position":1},"title":"Reposes-saies aux galantes grecques&sup1;.","author":"dpc","date":"2 avril 2005","format":false,"excerpt":"\u00c9glise St-Sulpice, Paris, 23 mars. \/Edit: \u00e7a manquait de musique d\u00e9primante, en fait. _____ 1 - Capillo-traction rules yeah baby yeah\u00a0!!!! \u00a0Hooverphonic \u2014 Eden (live acoustic)","rel":"","context":"Dans &quot;DPC&quot;","block_context":{"text":"DPC","link":"https:\/\/www.wallendorff.com\/belogue\/category\/dpc\/"},"img":{"alt_text":"","src":"https:\/\/i0.wp.com\/www.wallendorff.com\/belogue\/wp-content\/uploads\/2015\/04\/200504021.jpg?resize=350%2C200&ssl=1","width":350,"height":200},"classes":[]},{"id":417,"url":"https:\/\/www.wallendorff.com\/belogue\/2005\/04\/03\/le-buis-et-l-hauteur\/","url_meta":{"origin":9637,"position":2},"title":"Le buis et l&rsquo;hauteur&sup1;.","author":"dpc","date":"3 avril 2005","format":false,"excerpt":"\u00c9glise St-Sulpice, Paris, 23 mars. \u201cI'll be the one that show you the way You'll be the one that always complain\u201d [je m'en lasse pas, de ces mp3 \u00e0 ins\u00e9rer.] \/Edit: Le nouveau single des White Stripes, Blue Orchid, sortirait le 19 avril. \u00c0 confirmer. Source: ici via l\u00e0. ______\u2026","rel":"","context":"Dans &quot;DPC&quot;","block_context":{"text":"DPC","link":"https:\/\/www.wallendorff.com\/belogue\/category\/dpc\/"},"img":{"alt_text":"","src":"https:\/\/i0.wp.com\/www.wallendorff.com\/belogue\/wp-content\/uploads\/2015\/04\/200504031.jpg?resize=350%2C200&ssl=1","width":350,"height":200},"classes":[]},{"id":446,"url":"https:\/\/www.wallendorff.com\/belogue\/2005\/03\/08\/chaises-dans-le-jardin-d-une-eglise\/","url_meta":{"origin":9637,"position":3},"title":"Chaises dans le jardin d&rsquo;une &eacute;glise1.","author":"dpc","date":"8 mars 2005","format":false,"excerpt":"\u00c9glise Saint-S\u00e9verin Saint-Nicolas, 24 f\u00e9vrier. Je suis retomb\u00e9 dessus en rangeant des CD ce soir. C'est vraiment une de mes chansons de nuit pr\u00e9f\u00e9r\u00e9es, celle-ci. _____ 1 Apr\u00e8s tout, ici, y a rien de plus anormal qu'un titre normal, non\u00a0? \u00a0Pearl Jam \u2013 Indifference","rel":"","context":"Dans &quot;DPC&quot;","block_context":{"text":"DPC","link":"https:\/\/www.wallendorff.com\/belogue\/category\/dpc\/"},"img":{"alt_text":"","src":"https:\/\/i0.wp.com\/www.wallendorff.com\/belogue\/wp-content\/uploads\/2015\/04\/20050308-011.jpg?resize=350%2C200&ssl=1","width":350,"height":200},"classes":[]},{"id":422,"url":"https:\/\/www.wallendorff.com\/belogue\/2005\/03\/31\/apres-l-appui-le-bottant\/","url_meta":{"origin":9637,"position":4},"title":"Apr&egrave;s l&rsquo;appui, le bottant.","author":"dpc","date":"31 mars 2005","format":false,"excerpt":"Place St-Sulpice, Paris, 23 mars. \"You try to tell her what to do And all she does is stare at you Her stare is louder than your voice Because truth doesn't make a noise\" \u00a0The White Stripes \u2013 Truth Doesn't Make a Noise","rel":"","context":"Dans &quot;DPC&quot;","block_context":{"text":"DPC","link":"https:\/\/www.wallendorff.com\/belogue\/category\/dpc\/"},"img":{"alt_text":"","src":"https:\/\/i0.wp.com\/www.wallendorff.com\/belogue\/wp-content\/uploads\/2015\/04\/200503311.jpg?resize=350%2C200&ssl=1","width":350,"height":200},"classes":[]},{"id":524,"url":"https:\/\/www.wallendorff.com\/belogue\/2004\/12\/23\/les-rangs-errance\/","url_meta":{"origin":9637,"position":5},"title":"Les rangs errance.","author":"dpc","date":"23 d\u00e9cembre 2004","format":false,"excerpt":"Cath\u00e9drale Saint-\u00c9tienne, 21 d\u00e9cembre. [Je sais pas, vous, mais perso je m'ennuie] \u00a0Serafin \u2014 Things Fall Apart","rel":"","context":"Dans &quot;DPC&quot;","block_context":{"text":"DPC","link":"https:\/\/www.wallendorff.com\/belogue\/category\/dpc\/"},"img":{"alt_text":"","src":"https:\/\/i0.wp.com\/www.wallendorff.com\/belogue\/wp-content\/uploads\/2015\/04\/504.jpg?resize=350%2C200&ssl=1","width":350,"height":200,"srcset":"https:\/\/i0.wp.com\/www.wallendorff.com\/belogue\/wp-content\/uploads\/2015\/04\/504.jpg?resize=350%2C200&ssl=1 1x, https:\/\/i0.wp.com\/www.wallendorff.com\/belogue\/wp-content\/uploads\/2015\/04\/504.jpg?resize=525%2C300&ssl=1 1.5x, https:\/\/i0.wp.com\/www.wallendorff.com\/belogue\/wp-content\/uploads\/2015\/04\/504.jpg?resize=700%2C400&ssl=1 2x"},"classes":[]}],"_links":{"self":[{"href":"https:\/\/www.wallendorff.com\/belogue\/wp-json\/wp\/v2\/posts\/9637","targetHints":{"allow":["GET"]}}],"collection":[{"href":"https:\/\/www.wallendorff.com\/belogue\/wp-json\/wp\/v2\/posts"}],"about":[{"href":"https:\/\/www.wallendorff.com\/belogue\/wp-json\/wp\/v2\/types\/post"}],"author":[{"embeddable":true,"href":"https:\/\/www.wallendorff.com\/belogue\/wp-json\/wp\/v2\/users\/1"}],"replies":[{"embeddable":true,"href":"https:\/\/www.wallendorff.com\/belogue\/wp-json\/wp\/v2\/comments?post=9637"}],"version-history":[{"count":1,"href":"https:\/\/www.wallendorff.com\/belogue\/wp-json\/wp\/v2\/posts\/9637\/revisions"}],"predecessor-version":[{"id":18200,"href":"https:\/\/www.wallendorff.com\/belogue\/wp-json\/wp\/v2\/posts\/9637\/revisions\/18200"}],"wp:featuredmedia":[{"embeddable":true,"href":"https:\/\/www.wallendorff.com\/belogue\/wp-json\/wp\/v2\/media\/25923"}],"wp:attachment":[{"href":"https:\/\/www.wallendorff.com\/belogue\/wp-json\/wp\/v2\/media?parent=9637"}],"wp:term":[{"taxonomy":"category","embeddable":true,"href":"https:\/\/www.wallendorff.com\/belogue\/wp-json\/wp\/v2\/categories?post=9637"},{"taxonomy":"post_tag","embeddable":true,"href":"https:\/\/www.wallendorff.com\/belogue\/wp-json\/wp\/v2\/tags?post=9637"}],"curies":[{"name":"wp","href":"https:\/\/api.w.org\/{rel}","templated":true}]}}