{"id":9623,"date":"2010-10-07T10:59:03","date_gmt":"2010-10-07T08:59:03","guid":{"rendered":"http:\/\/www.po-l.com\/belogue\/?p=9623"},"modified":"2012-07-09T12:26:20","modified_gmt":"2012-07-09T10:26:20","slug":"ill-be-animating-every-night-the-grass-will-be-greener-on-the-other-side","status":"publish","type":"post","link":"https:\/\/www.wallendorff.com\/belogue\/2010\/10\/07\/ill-be-animating-every-night-the-grass-will-be-greener-on-the-other-side\/","title":{"rendered":"I&rsquo;ll be animating every night the grass will be greener on the other side."},"content":{"rendered":"\n<div id=\"photo\">\n<p><img decoding=\"async\" src=\"https:\/\/www.wallendorff.com\/belogue\/photo\/2010\/10\/20101007.jpg\" \/><br \/>\n        Villa Poissonni&egrave;re, Paris, 7 ao&ucirc;t.<\/p>\n<\/p><\/div>\n<p>En attendant <a href=\"http:\/\/www.pointephemere.org\/spip.php?article820\">le Point &Eacute;ph&eacute;m&egrave;re du retour de la mort de lundi<\/a>, la reprise super-sp&eacute; du jour&#8230;<\/p>\n<div id=\"bandeson\">\n<p><img decoding=\"async\" src=\"https:\/\/www.wallendorff.com\/belogue\/photo\/pochettes\/g\/good_natured_the-be_my_animal.jpg\" align=\"left\" \/>&nbsp;<a href=\"http:\/\/www.myspace.com\/thegoodnatured\">The Good Natured<\/a> &ndash; <em>Tokyo (Vampires and Wolves) <\/em>(The Wombats cover)<\/p>\n<\/p><\/div>\n<p style=\"text-align:right\">&#8230; et <a href=\"http:\/\/www.youtube.com\/watch?gl=FR&amp;v=DRhUIJextp8\"> bien entendu l&rsquo;original grave mortel et sa vid&eacute;o avec des peluches <\/a> pour ceux qui l&rsquo;ont loup&eacute;. Woohoo. <\/p>\n","protected":false},"excerpt":{"rendered":"<p>Villa Poissonni&egrave;re, Paris, 7 ao&ucirc;t. En attendant le Point &Eacute;ph&eacute;m&egrave;re du retour de la mort de lundi, la reprise super-sp&eacute; du jour&#8230; &nbsp;The Good Natured &ndash; Tokyo (Vampires and Wolves) (The Wombats cover) &#8230; et bien entendu l&rsquo;original grave mortel et sa vid&eacute;o avec des peluches pour ceux qui l&rsquo;ont loup&eacute;. Woohoo.<\/p>\n","protected":false},"author":1,"featured_media":25921,"comment_status":"open","ping_status":"open","sticky":false,"template":"","format":"standard","meta":{"_acf_changed":false,"ngg_post_thumbnail":0,"jetpack_post_was_ever_published":false,"_jetpack_newsletter_access":"","_jetpack_dont_email_post_to_subs":false,"_jetpack_newsletter_tier_id":0,"_jetpack_memberships_contains_paywalled_content":false,"_jetpack_memberships_contains_paid_content":false,"footnotes":"","jetpack_publicize_message":"","jetpack_publicize_feature_enabled":true,"jetpack_social_post_already_shared":false,"jetpack_social_options":{"image_generator_settings":{"template":"highway","default_image_id":0,"font":"","enabled":false},"version":2}},"categories":[3],"tags":[10143,1438,2615,10311,10746,10120,4314,10121,10619,10278,10098,10158,10809,10458,4313,4310],"class_list":["post-9623","post","type-post","status-publish","format-standard","has-post-thumbnail","hentry","category-dpc","tag-10143","tag-ef-50-mm-f14-usm","tag-eos-5d-mark-ii","tag-dos","tag-femme","tag-france","tag-haie","tag-ile-de-france","tag-jardin","tag-lampadaire","tag-paris","tag-ruelle","tag-the-good-natured","tag-the-wombats","tag-tokyo-vampires-and-wolves","tag-villa-poissonniere"],"acf":[],"geo":{"latitude":48.88554,"longitude":2.3513911,"description":"2-9 Villa Poissonni\u00e8re, 75018 Paris, France"},"jetpack_publicize_connections":[],"jetpack_featured_media_url":"https:\/\/www.wallendorff.com\/belogue\/wp-content\/uploads\/2015\/04\/201010071.jpg","jetpack_shortlink":"https:\/\/wp.me\/p3b35P-2vd","jetpack_sharing_enabled":true,"jetpack-related-posts":[{"id":9646,"url":"https:\/\/www.wallendorff.com\/belogue\/2010\/10\/12\/the-wombats-le-point-ephemere-paris\/","url_meta":{"origin":9623,"position":0},"title":"The Wombats @ le Point \u00c9ph\u00e9m\u00e8re, Paris.","author":"dpc","date":"12 octobre 2010","format":false,"excerpt":"Kill the Director | Party in a Forest (Where's Laura?) | Tokyo (Vampires and Wolves) | Patricia the Stripper | Techno Fan | Schumacher the Champagne | Here Comes the Anxiety | Backfire at the Disco | Jump into the Fog | Anti-D | Moving to New York | Let's\u2026","rel":"","context":"Dans &quot;Alive&quot;","block_context":{"text":"Alive","link":"https:\/\/www.wallendorff.com\/belogue\/category\/alive\/"},"img":{"alt_text":"","src":"https:\/\/i0.wp.com\/www.wallendorff.com\/belogue\/wp-content\/uploads\/2015\/04\/201010121.jpg?resize=350%2C200&ssl=1","width":350,"height":200,"srcset":"https:\/\/i0.wp.com\/www.wallendorff.com\/belogue\/wp-content\/uploads\/2015\/04\/201010121.jpg?resize=350%2C200&ssl=1 1x, https:\/\/i0.wp.com\/www.wallendorff.com\/belogue\/wp-content\/uploads\/2015\/04\/201010121.jpg?resize=525%2C300&ssl=1 1.5x, https:\/\/i0.wp.com\/www.wallendorff.com\/belogue\/wp-content\/uploads\/2015\/04\/201010121.jpg?resize=700%2C400&ssl=1 2x"},"classes":[]},{"id":37470,"url":"https:\/\/www.wallendorff.com\/belogue\/2018\/03\/09\/the-wombats-la-maroquinerie-paris-2\/","url_meta":{"origin":9623,"position":1},"title":"The Wombats @ la Maroquinerie, Paris.","author":"dpc","date":"9 mars 2018","format":false,"excerpt":"Cheetah Tongue | Give Me a Try | Kill the Director | Lemon to a Knife Fight | Jump into the Fog | Black Flamingo | Moving to New York | English Summer | Turn | Let's Dance to Joy Division | Tokyo (Vampires & Wolves) | Greek Tragedy \u00ab\u00a0Nous\u2026","rel":"","context":"Dans &quot;Alive&quot;","block_context":{"text":"Alive","link":"https:\/\/www.wallendorff.com\/belogue\/category\/alive\/"},"img":{"alt_text":"","src":"https:\/\/i0.wp.com\/www.wallendorff.com\/belogue\/wp-content\/uploads\/2018\/03\/20180309-22.jpg?resize=350%2C200&ssl=1","width":350,"height":200,"srcset":"https:\/\/i0.wp.com\/www.wallendorff.com\/belogue\/wp-content\/uploads\/2018\/03\/20180309-22.jpg?resize=350%2C200&ssl=1 1x, https:\/\/i0.wp.com\/www.wallendorff.com\/belogue\/wp-content\/uploads\/2018\/03\/20180309-22.jpg?resize=525%2C300&ssl=1 1.5x, https:\/\/i0.wp.com\/www.wallendorff.com\/belogue\/wp-content\/uploads\/2018\/03\/20180309-22.jpg?resize=700%2C400&ssl=1 2x, https:\/\/i0.wp.com\/www.wallendorff.com\/belogue\/wp-content\/uploads\/2018\/03\/20180309-22.jpg?resize=1050%2C600&ssl=1 3x"},"classes":[]},{"id":12818,"url":"https:\/\/www.wallendorff.com\/belogue\/2011\/05\/30\/the-wombats-the-ritch-kids-le-trianon-paris-27-mai\/","url_meta":{"origin":9623,"position":2},"title":"The Wombats + The Ritch Kids @ le Trianon, Paris, 27 mai.","author":"dpc","date":"30 mai 2011","format":false,"excerpt":"Our Perfect Disease | Kill the Director | Party in a Forest (Where's Laura?) | Jump into the Fog | Patricia the Stripper | How I Miss Sally Bray | Here Comes the Anxiety | Techno Fan | Schumacher the Champagne | Backfire at the Disco | 1996 | Moving\u2026","rel":"","context":"Dans &quot;Alive&quot;","block_context":{"text":"Alive","link":"https:\/\/www.wallendorff.com\/belogue\/category\/alive\/"},"img":{"alt_text":"","src":"https:\/\/i0.wp.com\/www.wallendorff.com\/belogue\/wp-content\/uploads\/2015\/04\/201105301.jpg?resize=350%2C200&ssl=1","width":350,"height":200,"srcset":"https:\/\/i0.wp.com\/www.wallendorff.com\/belogue\/wp-content\/uploads\/2015\/04\/201105301.jpg?resize=350%2C200&ssl=1 1x, https:\/\/i0.wp.com\/www.wallendorff.com\/belogue\/wp-content\/uploads\/2015\/04\/201105301.jpg?resize=525%2C300&ssl=1 1.5x, https:\/\/i0.wp.com\/www.wallendorff.com\/belogue\/wp-content\/uploads\/2015\/04\/201105301.jpg?resize=700%2C400&ssl=1 2x"},"classes":[]},{"id":41184,"url":"https:\/\/www.wallendorff.com\/belogue\/2019\/02\/14\/the-wombats-circa-waves-le-trabendo-paris-5-fevrier-2019\/","url_meta":{"origin":9623,"position":3},"title":"The Wombats + Circa Waves @ le Trabendo, Paris, 5 f\u00e9vrier 2019.","author":"dpc","date":"14 f\u00e9vrier 2019","format":false,"excerpt":"Cheetah Tongue | Moving to New York | Jump into the Fog | Give Me a Try | Black Flamingo | Emotions | Lemon to a Knife Fight | I Don't Know Why I Like U | Pink Lemonade | Bee Sting | Kill the Director | Ice Cream |\u2026","rel":"","context":"Dans &quot;Alive&quot;","block_context":{"text":"Alive","link":"https:\/\/www.wallendorff.com\/belogue\/category\/alive\/"},"img":{"alt_text":"","src":"https:\/\/i0.wp.com\/www.wallendorff.com\/belogue\/wp-content\/uploads\/2019\/02\/20190206-27.jpg?resize=350%2C200&ssl=1","width":350,"height":200,"srcset":"https:\/\/i0.wp.com\/www.wallendorff.com\/belogue\/wp-content\/uploads\/2019\/02\/20190206-27.jpg?resize=350%2C200&ssl=1 1x, https:\/\/i0.wp.com\/www.wallendorff.com\/belogue\/wp-content\/uploads\/2019\/02\/20190206-27.jpg?resize=525%2C300&ssl=1 1.5x, https:\/\/i0.wp.com\/www.wallendorff.com\/belogue\/wp-content\/uploads\/2019\/02\/20190206-27.jpg?resize=700%2C400&ssl=1 2x, https:\/\/i0.wp.com\/www.wallendorff.com\/belogue\/wp-content\/uploads\/2019\/02\/20190206-27.jpg?resize=1050%2C600&ssl=1 3x"},"classes":[]},{"id":14948,"url":"https:\/\/www.wallendorff.com\/belogue\/2011\/12\/30\/2011-en-5\/","url_meta":{"origin":9623,"position":4},"title":"2011 en&#8230; #5.","author":"dpc","date":"30 d\u00e9cembre 2011","format":false,"excerpt":"Plan\u00e8te Mars, Paris, 22 octobre. pr\u00e9sente 2011 en 20 titres qui tachent. \u00a0PJ Harvey \u2014 Written on the Forehead Let England Shake, 11 f\u00e9vrier 2011 [youtube]http:\/\/www.youtube.com\/watch?v=fUWp1iBeOS0[\/youtube] \u00a0Kasabian \u2014 Days Are Forgotten Velociraptor!, 16 septembre 2011 [youtube]http:\/\/www.youtube.com\/watch?v=pBsQVP-Olmw[\/youtube] \u00a0The Joy Formidable \u2014 Cradle The Big Roar, 24 janvier 2011 [youtube]http:\/\/www.youtube.com\/watch?v=g_gobo3vyR8[\/youtube] \u00a0Arcade Fire\u2026","rel":"","context":"Dans &quot;DPC&quot;","block_context":{"text":"DPC","link":"https:\/\/www.wallendorff.com\/belogue\/category\/dpc\/"},"img":{"alt_text":"","src":"https:\/\/i0.wp.com\/www.wallendorff.com\/belogue\/wp-content\/uploads\/2015\/04\/201112301.jpg?resize=350%2C200&ssl=1","width":350,"height":200,"srcset":"https:\/\/i0.wp.com\/www.wallendorff.com\/belogue\/wp-content\/uploads\/2015\/04\/201112301.jpg?resize=350%2C200&ssl=1 1x, https:\/\/i0.wp.com\/www.wallendorff.com\/belogue\/wp-content\/uploads\/2015\/04\/201112301.jpg?resize=525%2C300&ssl=1 1.5x, https:\/\/i0.wp.com\/www.wallendorff.com\/belogue\/wp-content\/uploads\/2015\/04\/201112301.jpg?resize=700%2C400&ssl=1 2x"},"classes":[]},{"id":14411,"url":"https:\/\/www.wallendorff.com\/belogue\/2011\/11\/09\/flous-allies\/","url_meta":{"origin":9623,"position":5},"title":"Flous alli\u00e9s.","author":"dpc","date":"9 novembre 2011","format":false,"excerpt":"Place de la Concorde, Paris, 30 ao\u00fbt. The Good Natured \u2013 Wolves [youtube]http:\/\/www.youtube.com\/watch?v=0cElS09upQw[\/youtube]","rel":"","context":"Dans &quot;DPC&quot;","block_context":{"text":"DPC","link":"https:\/\/www.wallendorff.com\/belogue\/category\/dpc\/"},"img":{"alt_text":"","src":"https:\/\/i0.wp.com\/www.wallendorff.com\/belogue\/wp-content\/uploads\/2015\/04\/201111091.jpg?resize=350%2C200&ssl=1","width":350,"height":200},"classes":[]}],"_links":{"self":[{"href":"https:\/\/www.wallendorff.com\/belogue\/wp-json\/wp\/v2\/posts\/9623","targetHints":{"allow":["GET"]}}],"collection":[{"href":"https:\/\/www.wallendorff.com\/belogue\/wp-json\/wp\/v2\/posts"}],"about":[{"href":"https:\/\/www.wallendorff.com\/belogue\/wp-json\/wp\/v2\/types\/post"}],"author":[{"embeddable":true,"href":"https:\/\/www.wallendorff.com\/belogue\/wp-json\/wp\/v2\/users\/1"}],"replies":[{"embeddable":true,"href":"https:\/\/www.wallendorff.com\/belogue\/wp-json\/wp\/v2\/comments?post=9623"}],"version-history":[{"count":1,"href":"https:\/\/www.wallendorff.com\/belogue\/wp-json\/wp\/v2\/posts\/9623\/revisions"}],"predecessor-version":[{"id":18150,"href":"https:\/\/www.wallendorff.com\/belogue\/wp-json\/wp\/v2\/posts\/9623\/revisions\/18150"}],"wp:featuredmedia":[{"embeddable":true,"href":"https:\/\/www.wallendorff.com\/belogue\/wp-json\/wp\/v2\/media\/25921"}],"wp:attachment":[{"href":"https:\/\/www.wallendorff.com\/belogue\/wp-json\/wp\/v2\/media?parent=9623"}],"wp:term":[{"taxonomy":"category","embeddable":true,"href":"https:\/\/www.wallendorff.com\/belogue\/wp-json\/wp\/v2\/categories?post=9623"},{"taxonomy":"post_tag","embeddable":true,"href":"https:\/\/www.wallendorff.com\/belogue\/wp-json\/wp\/v2\/tags?post=9623"}],"curies":[{"name":"wp","href":"https:\/\/api.w.org\/{rel}","templated":true}]}}