{"id":9606,"date":"2010-10-06T09:55:57","date_gmt":"2010-10-06T07:55:57","guid":{"rendered":"http:\/\/www.po-l.com\/belogue\/?p=9606"},"modified":"2013-01-22T12:40:14","modified_gmt":"2013-01-22T10:40:14","slug":"debout-sur-lepaule-de-geants","status":"publish","type":"post","link":"https:\/\/www.wallendorff.com\/belogue\/2010\/10\/06\/debout-sur-lepaule-de-geants\/","title":{"rendered":"Debout sur l&rsquo;\u00e9paule de g\u00e9ants."},"content":{"rendered":"\n<div id=\"photo\">\n<p><img decoding=\"async\" src=\"https:\/\/www.wallendorff.com\/belogue\/photo\/2010\/10\/20101006.jpg\" \/><br \/>\n        5 ao&ucirc;t.<\/p>\n<\/p><\/div>\n<p style=\"text-align:right\">Hadn\u2019t climbed to the top of Montparnasse for years,<br \/>\nsince this night of June, when\u2026<\/p>\n<p style=\"text-align:right\">Well, you know when.<\/p>\n<div id=\"bandeson\">\n<p><img decoding=\"async\" src=\"https:\/\/www.wallendorff.com\/belogue\/photo\/pochettes\/o\/oasis-standing_on_the_shoulder_of_giants.jpg\" align=\"left\" \/>&nbsp;<a href=\"http:\/\/www.oasisinet.com\">Oasis<\/a> &ndash; <em>Gas Panic!<\/em><\/p>\n<\/p><\/div>\n","protected":false},"excerpt":{"rendered":"<p>5 ao&ucirc;t. Hadn\u2019t climbed to the top of Montparnasse for years, since this night of June, when\u2026 Well, you know when. &nbsp;Oasis &ndash; Gas Panic!<\/p>\n","protected":false},"author":1,"featured_media":25920,"comment_status":"open","ping_status":"open","sticky":false,"template":"","format":"standard","meta":{"_acf_changed":false,"ngg_post_thumbnail":0,"jetpack_post_was_ever_published":false,"_jetpack_newsletter_access":"","_jetpack_dont_email_post_to_subs":false,"_jetpack_newsletter_tier_id":0,"_jetpack_memberships_contains_paywalled_content":false,"_jetpack_memberships_contains_paid_content":false,"footnotes":"","jetpack_publicize_message":"","jetpack_publicize_feature_enabled":true,"jetpack_social_post_already_shared":false,"jetpack_social_options":{"image_generator_settings":{"template":"highway","default_image_id":0,"font":"","enabled":false},"version":2}},"categories":[3],"tags":[10235,10243,737,2571,2615,10144,10326,10120,2476,10121,10599,408,2403,10098,10514,10236,1357,164,10808],"class_list":["post-9606","post","type-post","status-publish","format-standard","has-post-thumbnail","hentry","category-dpc","tag-10235","tag-10243","tag-bleu","tag-ef-16-35-mm-f28l-ii-usm","tag-eos-5d-mark-ii","tag-ciel","tag-crepuscule","tag-france","tag-gas-panic","tag-ile-de-france","tag-nuage","tag-oasis","tag-panorama","tag-paris","tag-paysage","tag-tour-eiffel","tag-tour-montparnasse","tag-urbain","tag-ville"],"acf":[],"geo":{"latitude":48.8423653,"longitude":2.3215215,"description":"33 Avenue du Maine, 75015 Paris, France"},"jetpack_publicize_connections":[],"jetpack_featured_media_url":"https:\/\/www.wallendorff.com\/belogue\/wp-content\/uploads\/2015\/04\/201010061.jpg","jetpack_shortlink":"https:\/\/wp.me\/p3b35P-2uW","jetpack_sharing_enabled":true,"jetpack-related-posts":[{"id":20159,"url":"https:\/\/www.wallendorff.com\/belogue\/2013\/01\/22\/fond-de-tiroir-21\/","url_meta":{"origin":9606,"position":0},"title":"Fond de tiroir #21.","author":"dpc","date":"22 janvier 2013","format":false,"excerpt":"Paris, 5 ao\u00fbt 2010. Je l'ai retrouv\u00e9e dans mes archives ce week-end. Je ne l'avais pas publi\u00e9e \u00e0 l'\u00e9poque parce qu'elle \u00e9tait trop proche de celle-ci. Alors qu'apr\u00e8s tout, elles sont assez diff\u00e9rentes. Et puis \u00e7a fait un pr\u00e9texte pour poster une autre version de Gas Panic!. Gas Panic! (live)\u2026","rel":"","context":"Dans &quot;DPC&quot;","block_context":{"text":"DPC","link":"https:\/\/www.wallendorff.com\/belogue\/category\/dpc\/"},"img":{"alt_text":"","src":"https:\/\/i0.wp.com\/www.wallendorff.com\/belogue\/wp-content\/uploads\/2015\/04\/201301222.jpg?resize=350%2C200&ssl=1","width":350,"height":200,"srcset":"https:\/\/i0.wp.com\/www.wallendorff.com\/belogue\/wp-content\/uploads\/2015\/04\/201301222.jpg?resize=350%2C200&ssl=1 1x, https:\/\/i0.wp.com\/www.wallendorff.com\/belogue\/wp-content\/uploads\/2015\/04\/201301222.jpg?resize=525%2C300&ssl=1 1.5x, https:\/\/i0.wp.com\/www.wallendorff.com\/belogue\/wp-content\/uploads\/2015\/04\/201301222.jpg?resize=700%2C400&ssl=1 2x"},"classes":[]},{"id":16507,"url":"https:\/\/www.wallendorff.com\/belogue\/2012\/03\/23\/la-tour-montparnasse-hivernale\/","url_meta":{"origin":9606,"position":1},"title":"La tour Montparnasse hivernale.","author":"dpc","date":"23 mars 2012","format":false,"excerpt":"Paris, 5 f\u00e9vrier. Air \u2013 Alone in Kyoto [youtube]http:\/\/www.youtube.com\/watch?v=QJ4Pm0N8s78[\/youtube]","rel":"","context":"Dans &quot;DPC&quot;","block_context":{"text":"DPC","link":"https:\/\/www.wallendorff.com\/belogue\/category\/dpc\/"},"img":{"alt_text":"","src":"https:\/\/i0.wp.com\/www.wallendorff.com\/belogue\/wp-content\/uploads\/2015\/04\/201203231.jpg?resize=350%2C200&ssl=1","width":350,"height":200,"srcset":"https:\/\/i0.wp.com\/www.wallendorff.com\/belogue\/wp-content\/uploads\/2015\/04\/201203231.jpg?resize=350%2C200&ssl=1 1x, https:\/\/i0.wp.com\/www.wallendorff.com\/belogue\/wp-content\/uploads\/2015\/04\/201203231.jpg?resize=525%2C300&ssl=1 1.5x, https:\/\/i0.wp.com\/www.wallendorff.com\/belogue\/wp-content\/uploads\/2015\/04\/201203231.jpg?resize=700%2C400&ssl=1 2x"},"classes":[]},{"id":7835,"url":"https:\/\/www.wallendorff.com\/belogue\/2010\/07\/12\/le-preux-type-haut-nomme-en-morse\/","url_meta":{"origin":9606,"position":2},"title":"Le preux type haut nomme en morse.","author":"dpc","date":"12 juillet 2010","format":false,"excerpt":"Montparnasse, Paris, 5 juin. Manquent qu'un M, un C et un A et on aura une mortelle id\u00e9e de pochette, dis donc. \u00a0The Acorn \u2013 No Ghost","rel":"","context":"Dans &quot;DPC&quot;","block_context":{"text":"DPC","link":"https:\/\/www.wallendorff.com\/belogue\/category\/dpc\/"},"img":{"alt_text":"","src":"https:\/\/i0.wp.com\/www.wallendorff.com\/belogue\/wp-content\/uploads\/2015\/04\/201007121.jpg?resize=350%2C200&ssl=1","width":350,"height":200},"classes":[]},{"id":1262,"url":"https:\/\/www.wallendorff.com\/belogue\/2008\/07\/03\/croix-sise-neuve-douce\/","url_meta":{"origin":9606,"position":3},"title":"Croix sise neuve douce\u00b9.","author":"dpc","date":"3 juillet 2008","format":false,"excerpt":"Quai des Clarisses, Annecy, 4 juin. \u00a0Oasis \u2013 Gas Panic! (live) _____ 1 Mais si y a une croix, cherchez bien.","rel":"","context":"Dans &quot;DPC&quot;","block_context":{"text":"DPC","link":"https:\/\/www.wallendorff.com\/belogue\/category\/dpc\/"},"img":{"alt_text":"","src":"https:\/\/i0.wp.com\/www.wallendorff.com\/belogue\/wp-content\/uploads\/2015\/04\/200807031.jpg?resize=350%2C200&ssl=1","width":350,"height":200},"classes":[]},{"id":12460,"url":"https:\/\/www.wallendorff.com\/belogue\/2011\/03\/21\/laaaaaaaapin\/","url_meta":{"origin":9606,"position":4},"title":"Laaaaaaaapin.","author":"dpc","date":"21 mars 2011","format":false,"excerpt":"Cimeti\u00e8re du Montparnasse, Paris, 20 f\u00e9vrier. Et joyeux printemps. Shugo Tokumaru \u2013 Lahaha","rel":"","context":"Dans &quot;DPC&quot;","block_context":{"text":"DPC","link":"https:\/\/www.wallendorff.com\/belogue\/category\/dpc\/"},"img":{"alt_text":"","src":"https:\/\/i0.wp.com\/www.wallendorff.com\/belogue\/wp-content\/uploads\/2015\/04\/201103211.jpg?resize=350%2C200&ssl=1","width":350,"height":200},"classes":[]},{"id":249,"url":"https:\/\/www.wallendorff.com\/belogue\/2005\/12\/05\/ton-b-dans-l-o\/","url_meta":{"origin":9606,"position":5},"title":"Ton B dans l&rsquo;O.","author":"dpc","date":"5 d\u00e9cembre 2005","format":false,"excerpt":"Gare Montparnasse, Paris, 21 novembre. [Je tiens \u00e0 pr\u00e9ciser \u00e0 tous les freudiens en herbes qui passent par ici que la photo ci-dessus n'a aucune connotation sexuelle, et qu'\u00e0 ce titre elle peut \u00eatre mir\u00e9e par tous, m\u00eame les plus jeunes.] \u201cAll my innocence is wasted on the dead and\u2026","rel":"","context":"Dans &quot;DPC&quot;","block_context":{"text":"DPC","link":"https:\/\/www.wallendorff.com\/belogue\/category\/dpc\/"},"img":{"alt_text":"","src":"https:\/\/i0.wp.com\/www.wallendorff.com\/belogue\/wp-content\/uploads\/2015\/04\/200512051.jpg?resize=350%2C200&ssl=1","width":350,"height":200},"classes":[]}],"_links":{"self":[{"href":"https:\/\/www.wallendorff.com\/belogue\/wp-json\/wp\/v2\/posts\/9606","targetHints":{"allow":["GET"]}}],"collection":[{"href":"https:\/\/www.wallendorff.com\/belogue\/wp-json\/wp\/v2\/posts"}],"about":[{"href":"https:\/\/www.wallendorff.com\/belogue\/wp-json\/wp\/v2\/types\/post"}],"author":[{"embeddable":true,"href":"https:\/\/www.wallendorff.com\/belogue\/wp-json\/wp\/v2\/users\/1"}],"replies":[{"embeddable":true,"href":"https:\/\/www.wallendorff.com\/belogue\/wp-json\/wp\/v2\/comments?post=9606"}],"version-history":[{"count":5,"href":"https:\/\/www.wallendorff.com\/belogue\/wp-json\/wp\/v2\/posts\/9606\/revisions"}],"predecessor-version":[{"id":20162,"href":"https:\/\/www.wallendorff.com\/belogue\/wp-json\/wp\/v2\/posts\/9606\/revisions\/20162"}],"wp:featuredmedia":[{"embeddable":true,"href":"https:\/\/www.wallendorff.com\/belogue\/wp-json\/wp\/v2\/media\/25920"}],"wp:attachment":[{"href":"https:\/\/www.wallendorff.com\/belogue\/wp-json\/wp\/v2\/media?parent=9606"}],"wp:term":[{"taxonomy":"category","embeddable":true,"href":"https:\/\/www.wallendorff.com\/belogue\/wp-json\/wp\/v2\/categories?post=9606"},{"taxonomy":"post_tag","embeddable":true,"href":"https:\/\/www.wallendorff.com\/belogue\/wp-json\/wp\/v2\/tags?post=9606"}],"curies":[{"name":"wp","href":"https:\/\/api.w.org\/{rel}","templated":true}]}}