{"id":9601,"date":"2010-10-05T10:16:57","date_gmt":"2010-10-05T08:16:57","guid":{"rendered":"http:\/\/www.po-l.com\/belogue\/?p=9601"},"modified":"2012-05-04T11:13:50","modified_gmt":"2012-05-04T09:13:50","slug":"pis-a-prismes-22","status":"publish","type":"post","link":"https:\/\/www.wallendorff.com\/belogue\/2010\/10\/05\/pis-a-prismes-22\/","title":{"rendered":"Pis \u00e0 prismes #22."},"content":{"rendered":"\n<div id=\"photo\">\n<p><img decoding=\"async\" src=\"https:\/\/www.wallendorff.com\/belogue\/photo\/2010\/10\/20101005.jpg\" \/><br \/>\n        5 ao&ucirc;t.<\/p>\n<\/p><\/div>\n<div id=\"bandeson\">\n<p><img decoding=\"async\" src=\"https:\/\/www.wallendorff.com\/belogue\/photo\/pochettes\/l\/libertines_the-the_libertines.jpg\" align=\"left\" \/>&nbsp;<a href=\"http:\/\/www.thelibertines.co.uk\">The Libertines<\/a> &ndash; <em>France<\/em><\/p>\n<\/p><\/div>\n","protected":false},"excerpt":{"rendered":"<p>5 ao&ucirc;t. &nbsp;The Libertines &ndash; France<\/p>\n","protected":false},"author":1,"featured_media":25919,"comment_status":"open","ping_status":"open","sticky":false,"template":"","format":"standard","meta":{"_acf_changed":false,"ngg_post_thumbnail":0,"jetpack_post_was_ever_published":false,"_jetpack_newsletter_access":"","_jetpack_dont_email_post_to_subs":false,"_jetpack_newsletter_tier_id":0,"_jetpack_memberships_contains_paywalled_content":false,"_jetpack_memberships_contains_paid_content":false,"footnotes":"","jetpack_publicize_message":"","jetpack_publicize_feature_enabled":true,"jetpack_social_post_already_shared":false,"jetpack_social_options":{"image_generator_settings":{"template":"highway","default_image_id":0,"font":"","enabled":false},"version":2}},"categories":[13],"tags":[10235,10243,2615,10326,10120,10538,10121,10599,10098,170,10324,4305,165,10236,1357],"class_list":["post-9601","post","type-post","status-publish","format-standard","has-post-thumbnail","hentry","category-pis-a-prismes","tag-10235","tag-10243","tag-eos-5d-mark-ii","tag-crepuscule","tag-france","tag-gratte-ciel","tag-ile-de-france","tag-nuage","tag-paris","tag-sigma-70-300-mm-f4-56-dg-apo-macro","tag-soleil","tag-sommet","tag-the-libertines","tag-tour-eiffel","tag-tour-montparnasse"],"acf":[],"geo":{"latitude":48.8421173,"longitude":2.321945,"description":"28 Rue du D\u00e9part, 75015 Paris, France"},"jetpack_publicize_connections":[],"jetpack_featured_media_url":"https:\/\/www.wallendorff.com\/belogue\/wp-content\/uploads\/2015\/04\/201010051.jpg","jetpack_shortlink":"https:\/\/wp.me\/p3b35P-2uR","jetpack_sharing_enabled":true,"jetpack-related-posts":[{"id":246,"url":"https:\/\/www.wallendorff.com\/belogue\/2005\/12\/08\/pis-a-prismes-4\/","url_meta":{"origin":9601,"position":0},"title":"Pis &agrave; prismes #4.","author":"dpc","date":"8 d\u00e9cembre 2005","format":false,"excerpt":"Tour Eiffel, Paris, 30 novembre. Borracho. Voy a dormir.","rel":"","context":"Dans &quot;Pis \u00e0 prismes&quot;","block_context":{"text":"Pis \u00e0 prismes","link":"https:\/\/www.wallendorff.com\/belogue\/category\/pis-a-prismes\/"},"img":{"alt_text":"","src":"https:\/\/i0.wp.com\/www.wallendorff.com\/belogue\/wp-content\/uploads\/2015\/04\/200512081.jpg?resize=350%2C200&ssl=1","width":350,"height":200},"classes":[]},{"id":23847,"url":"https:\/\/www.wallendorff.com\/belogue\/2015\/02\/05\/pis-a-prismes-40\/","url_meta":{"origin":9601,"position":1},"title":"Pis \u00e0 prismes #40.","author":"dpc","date":"5 f\u00e9vrier 2015","format":false,"excerpt":"Rue Saint-\u00c9leuth\u00e8re, Paris, 1er novembre 2014. Competition The Dodos","rel":"","context":"Dans &quot;Pis \u00e0 prismes&quot;","block_context":{"text":"Pis \u00e0 prismes","link":"https:\/\/www.wallendorff.com\/belogue\/category\/pis-a-prismes\/"},"img":{"alt_text":"","src":"https:\/\/i0.wp.com\/www.wallendorff.com\/belogue\/wp-content\/uploads\/2015\/04\/201502051.jpg?resize=350%2C200&ssl=1","width":350,"height":200,"srcset":"https:\/\/i0.wp.com\/www.wallendorff.com\/belogue\/wp-content\/uploads\/2015\/04\/201502051.jpg?resize=350%2C200&ssl=1 1x, https:\/\/i0.wp.com\/www.wallendorff.com\/belogue\/wp-content\/uploads\/2015\/04\/201502051.jpg?resize=525%2C300&ssl=1 1.5x, https:\/\/i0.wp.com\/www.wallendorff.com\/belogue\/wp-content\/uploads\/2015\/04\/201502051.jpg?resize=700%2C400&ssl=1 2x"},"classes":[]},{"id":21603,"url":"https:\/\/www.wallendorff.com\/belogue\/2013\/09\/16\/pis-a-prismes-34\/","url_meta":{"origin":9601,"position":2},"title":"Pis \u00e0 prismes #34.","author":"dpc","date":"16 septembre 2013","format":false,"excerpt":"Rue de Grenelle, Paris, 11 ao\u00fbt. Pale ImitationYoav","rel":"","context":"Dans &quot;Pis \u00e0 prismes&quot;","block_context":{"text":"Pis \u00e0 prismes","link":"https:\/\/www.wallendorff.com\/belogue\/category\/pis-a-prismes\/"},"img":{"alt_text":"","src":"https:\/\/i0.wp.com\/www.wallendorff.com\/belogue\/wp-content\/uploads\/2015\/04\/201309161.jpg?resize=350%2C200&ssl=1","width":350,"height":200},"classes":[]},{"id":1173,"url":"https:\/\/www.wallendorff.com\/belogue\/2008\/02\/28\/pis-prismes-11\/","url_meta":{"origin":9601,"position":3},"title":"Pis \u00e0 prismes #11.","author":"dpc","date":"28 f\u00e9vrier 2008","format":false,"excerpt":"Tour Eiffel, Paris, 27 janvier. Et garder le meilleur pour la fin. \u00a0MGMT \u2013 Time to Pretend","rel":"","context":"Dans &quot;Pis \u00e0 prismes&quot;","block_context":{"text":"Pis \u00e0 prismes","link":"https:\/\/www.wallendorff.com\/belogue\/category\/pis-a-prismes\/"},"img":{"alt_text":"","src":"https:\/\/i0.wp.com\/www.wallendorff.com\/belogue\/wp-content\/uploads\/2015\/04\/200802281.jpg?resize=350%2C200&ssl=1","width":350,"height":200,"srcset":"https:\/\/i0.wp.com\/www.wallendorff.com\/belogue\/wp-content\/uploads\/2015\/04\/200802281.jpg?resize=350%2C200&ssl=1 1x, https:\/\/i0.wp.com\/www.wallendorff.com\/belogue\/wp-content\/uploads\/2015\/04\/200802281.jpg?resize=525%2C300&ssl=1 1.5x"},"classes":[]},{"id":20508,"url":"https:\/\/www.wallendorff.com\/belogue\/2013\/02\/25\/pis-a-prismes-32\/","url_meta":{"origin":9601,"position":4},"title":"Pis \u00e0 prismes #32.","author":"dpc","date":"25 f\u00e9vrier 2013","format":false,"excerpt":"Rue Clauzel, Paris, 13 janvier. CeilingsLocal Natives","rel":"","context":"Dans &quot;Pis \u00e0 prismes&quot;","block_context":{"text":"Pis \u00e0 prismes","link":"https:\/\/www.wallendorff.com\/belogue\/category\/pis-a-prismes\/"},"img":{"alt_text":"","src":"https:\/\/i0.wp.com\/www.wallendorff.com\/belogue\/wp-content\/uploads\/2015\/04\/20130225.jpg?resize=350%2C200&ssl=1","width":350,"height":200,"srcset":"https:\/\/i0.wp.com\/www.wallendorff.com\/belogue\/wp-content\/uploads\/2015\/04\/20130225.jpg?resize=350%2C200&ssl=1 1x, https:\/\/i0.wp.com\/www.wallendorff.com\/belogue\/wp-content\/uploads\/2015\/04\/20130225.jpg?resize=525%2C300&ssl=1 1.5x"},"classes":[]},{"id":22712,"url":"https:\/\/www.wallendorff.com\/belogue\/2014\/04\/15\/pis-a-prismes-36\/","url_meta":{"origin":9601,"position":5},"title":"Pis \u00e0 prismes #36.","author":"dpc","date":"15 avril 2014","format":false,"excerpt":"Parc de Belleville, Paris, 16 mars. Pour compl\u00e9ter le num\u00e9ro 35. Walkabout Augustines","rel":"","context":"Dans &quot;Pis \u00e0 prismes&quot;","block_context":{"text":"Pis \u00e0 prismes","link":"https:\/\/www.wallendorff.com\/belogue\/category\/pis-a-prismes\/"},"img":{"alt_text":"","src":"https:\/\/i0.wp.com\/www.wallendorff.com\/belogue\/wp-content\/uploads\/2015\/04\/201404151.jpg?resize=350%2C200&ssl=1","width":350,"height":200,"srcset":"https:\/\/i0.wp.com\/www.wallendorff.com\/belogue\/wp-content\/uploads\/2015\/04\/201404151.jpg?resize=350%2C200&ssl=1 1x, https:\/\/i0.wp.com\/www.wallendorff.com\/belogue\/wp-content\/uploads\/2015\/04\/201404151.jpg?resize=525%2C300&ssl=1 1.5x, https:\/\/i0.wp.com\/www.wallendorff.com\/belogue\/wp-content\/uploads\/2015\/04\/201404151.jpg?resize=700%2C400&ssl=1 2x"},"classes":[]}],"_links":{"self":[{"href":"https:\/\/www.wallendorff.com\/belogue\/wp-json\/wp\/v2\/posts\/9601","targetHints":{"allow":["GET"]}}],"collection":[{"href":"https:\/\/www.wallendorff.com\/belogue\/wp-json\/wp\/v2\/posts"}],"about":[{"href":"https:\/\/www.wallendorff.com\/belogue\/wp-json\/wp\/v2\/types\/post"}],"author":[{"embeddable":true,"href":"https:\/\/www.wallendorff.com\/belogue\/wp-json\/wp\/v2\/users\/1"}],"replies":[{"embeddable":true,"href":"https:\/\/www.wallendorff.com\/belogue\/wp-json\/wp\/v2\/comments?post=9601"}],"version-history":[{"count":1,"href":"https:\/\/www.wallendorff.com\/belogue\/wp-json\/wp\/v2\/posts\/9601\/revisions"}],"predecessor-version":[{"id":17186,"href":"https:\/\/www.wallendorff.com\/belogue\/wp-json\/wp\/v2\/posts\/9601\/revisions\/17186"}],"wp:featuredmedia":[{"embeddable":true,"href":"https:\/\/www.wallendorff.com\/belogue\/wp-json\/wp\/v2\/media\/25919"}],"wp:attachment":[{"href":"https:\/\/www.wallendorff.com\/belogue\/wp-json\/wp\/v2\/media?parent=9601"}],"wp:term":[{"taxonomy":"category","embeddable":true,"href":"https:\/\/www.wallendorff.com\/belogue\/wp-json\/wp\/v2\/categories?post=9601"},{"taxonomy":"post_tag","embeddable":true,"href":"https:\/\/www.wallendorff.com\/belogue\/wp-json\/wp\/v2\/tags?post=9601"}],"curies":[{"name":"wp","href":"https:\/\/api.w.org\/{rel}","templated":true}]}}