{"id":9593,"date":"2010-09-30T09:55:23","date_gmt":"2010-09-30T07:55:23","guid":{"rendered":"http:\/\/www.po-l.com\/belogue\/?p=9593"},"modified":"2012-07-06T09:52:36","modified_gmt":"2012-07-06T07:52:36","slug":"livres-et-laisser-mouvrir","status":"publish","type":"post","link":"https:\/\/www.wallendorff.com\/belogue\/2010\/09\/30\/livres-et-laisser-mouvrir\/","title":{"rendered":"Livres et laisser m&rsquo;ouvrir."},"content":{"rendered":"\n<div id=\"photo\">\n<p><img decoding=\"async\" src=\"https:\/\/www.wallendorff.com\/belogue\/photo\/2010\/09\/20100930.jpg\" \/><br \/>\n          La Fourmi Ail&eacute;e, Paris, 30 juillet.<\/p>\n<\/p><\/div>\n<div id=\"bandeson\">\n<p><img decoding=\"async\" src=\"https:\/\/www.wallendorff.com\/belogue\/photo\/pochettes\/l\/lcd_soundsystem-this_is_happening.jpg\" align=\"left\" \/>&nbsp;<a href=\"http:\/\/lcdsoundsystem.com\/\">LCD Soundsystem<\/a> &ndash; <em>All I Want<\/em><\/p>\n<\/p><\/div>\n<p>Trop bath id&eacute;e de dessin anim&eacute; hier soir, pass&eacute; deux heures &agrave; bosser le personnage principal&nbsp;:<\/p>\n<div id=\"photo2\">\n<p><img decoding=\"async\" src=\"https:\/\/www.wallendorff.com\/belogue\/photo\/2010\/09\/20100930-01.jpg\" \/><\/p>\n<\/p><\/div>\n<p style=\"text-align:right\">Avant de r&eacute;aliser un peu tard que <a href=\"http:\/\/mayalabelge.canalblog.com\/\">le jeu de mot avait d&eacute;j&agrave; &eacute;t&eacute; fait<\/a>. Ma vie craint.<\/p>\n","protected":false},"excerpt":{"rendered":"<p>La Fourmi Ail&eacute;e, Paris, 30 juillet. &nbsp;LCD Soundsystem &ndash; All I Want Trop bath id&eacute;e de dessin anim&eacute; hier soir, pass&eacute; deux heures &agrave; bosser le personnage principal&nbsp;: Avant de r&eacute;aliser un peu tard que le jeu de mot avait d&eacute;j&agrave; &eacute;t&eacute; fait. Ma vie craint.<\/p>\n","protected":false},"author":1,"featured_media":25916,"comment_status":"open","ping_status":"open","sticky":false,"template":"","format":"standard","meta":{"_acf_changed":false,"ngg_post_thumbnail":0,"jetpack_post_was_ever_published":false,"_jetpack_newsletter_access":"","_jetpack_dont_email_post_to_subs":false,"_jetpack_newsletter_tier_id":0,"_jetpack_memberships_contains_paywalled_content":false,"_jetpack_memberships_contains_paid_content":false,"footnotes":"","jetpack_publicize_message":"","jetpack_publicize_feature_enabled":true,"jetpack_social_post_already_shared":false,"jetpack_social_options":{"image_generator_settings":{"template":"highway","default_image_id":0,"font":"","enabled":false},"version":2}},"categories":[3],"tags":[10239,4299,10115,10597,10388,1438,2615,10789,10340,10120,10121,4290,2017,10323,4300,10098,4291,4294,10705],"class_list":["post-9593","post","type-post","status-publish","format-standard","has-post-thumbnail","hentry","category-dpc","tag-10239","tag-all-i-want","tag-bar","tag-bibliotheque","tag-cafe","tag-ef-50-mm-f14-usm","tag-eos-5d-mark-ii","tag-etagere","tag-fille","tag-france","tag-ile-de-france","tag-la-fourmi-ailee","tag-lcd-soundsystem","tag-livres","tag-maya-la-belge","tag-paris","tag-rue-du-fouarre","tag-salon-de-the","tag-tableau"],"acf":[],"geo":{"latitude":48.8516655,"longitude":2.347327,"description":"8 Rue du Fouarre, 75005 Paris, France"},"jetpack_publicize_connections":[],"jetpack_featured_media_url":"https:\/\/www.wallendorff.com\/belogue\/wp-content\/uploads\/2015\/04\/201009301.jpg","jetpack_shortlink":"https:\/\/wp.me\/p3b35P-2uJ","jetpack_sharing_enabled":true,"jetpack-related-posts":[{"id":9575,"url":"https:\/\/www.wallendorff.com\/belogue\/2010\/09\/28\/lete-les-thes-laits-tels-etaient\/","url_meta":{"origin":9593,"position":0},"title":"L&rsquo;\u00e9t\u00e9, les th\u00e9s, lait tels \u00e9taient.","author":"dpc","date":"28 septembre 2010","format":false,"excerpt":"La Fourmi Ail\u00e9e, Paris, Paris, 30 juillet. \u00a0Rogue Wave \u2013 Sleepwalker (acoustic)","rel":"","context":"Dans &quot;DPC&quot;","block_context":{"text":"DPC","link":"https:\/\/www.wallendorff.com\/belogue\/category\/dpc\/"},"img":{"alt_text":"","src":"https:\/\/i0.wp.com\/www.wallendorff.com\/belogue\/wp-content\/uploads\/2015\/04\/201009281.jpg?resize=350%2C200&ssl=1","width":350,"height":200},"classes":[]},{"id":967,"url":"https:\/\/www.wallendorff.com\/belogue\/2007\/06\/02\/guit-art-7\/","url_meta":{"origin":9593,"position":1},"title":"Guit&rsquo;Art #7.","author":"dpc","date":"2 juin 2007","format":false,"excerpt":"Le Trabendo, Paris, 2 mai. \u00a0Franz Ferdinand \u2013 All My Friends (LCD Soundsystem cover)","rel":"","context":"Dans &quot;Guit'Art&quot;","block_context":{"text":"Guit'Art","link":"https:\/\/www.wallendorff.com\/belogue\/category\/guit-art\/"},"img":{"alt_text":"","src":"https:\/\/i0.wp.com\/www.wallendorff.com\/belogue\/wp-content\/uploads\/2015\/04\/200706021.jpg?resize=350%2C200&ssl=1","width":350,"height":200},"classes":[]},{"id":7460,"url":"https:\/\/www.wallendorff.com\/belogue\/2010\/04\/28\/huit\/","url_meta":{"origin":9593,"position":2},"title":"Huit.","author":"dpc","date":"28 avril 2010","format":false,"excerpt":"Passage Pauline Amblard, Dieppe, 21 mars. Si on me donnait huit secondes pour faire de la r\u00e9clame pour Microsoft, je dirais que Gougle et \u2015\u00a0plus curieusement\u00a0\u2015 l'IGN savent tous deux o\u00f9 est le passage Pauline Amblard mais se gardent bien de l'\u00e9crire sur leurs plans pour pas que les gens\u2026","rel":"","context":"Dans &quot;DPC&quot;","block_context":{"text":"DPC","link":"https:\/\/www.wallendorff.com\/belogue\/category\/dpc\/"},"img":{"alt_text":"","src":"https:\/\/i0.wp.com\/www.wallendorff.com\/belogue\/wp-content\/uploads\/2015\/04\/201004281.jpg?resize=350%2C200&ssl=1","width":350,"height":200},"classes":[]},{"id":295,"url":"https:\/\/www.wallendorff.com\/belogue\/2005\/08\/09\/y-a-d-la-verte-hure-dans-le-vide-or-dur\/","url_meta":{"origin":9593,"position":3},"title":"Y a d&rsquo;la verte hure&sup1; [dans le vide or dur.]","author":"dpc","date":"9 ao\u00fbt 2005","format":false,"excerpt":"La Fourmi, Paris, 2 ao\u00fbt. [La prochaine fois, penser \u00e0 mettre un gens sur la table, \u00e7a rend plus joli en photo.] \u00a0I Am Kloot \u2013 Over My Shoulder _____ 1 L'\u00e9tymologie de hure, c'est \u00ab\u00a0t\u00eate hirsute d'une b\u00eate f\u00e9roce\u00a0\u00bb. On dirait une description de moi au r\u00e9veil, dis donc.","rel":"","context":"Dans &quot;DPC&quot;","block_context":{"text":"DPC","link":"https:\/\/www.wallendorff.com\/belogue\/category\/dpc\/"},"img":{"alt_text":"","src":"https:\/\/i0.wp.com\/www.wallendorff.com\/belogue\/wp-content\/uploads\/2015\/04\/200508091.jpg?resize=350%2C200&ssl=1","width":350,"height":200},"classes":[]},{"id":36659,"url":"https:\/\/www.wallendorff.com\/belogue\/2017\/11\/30\/novembre-2017\/","url_meta":{"origin":9593,"position":4},"title":"Novembre 2017.","author":"dpc","date":"30 novembre 2017","format":false,"excerpt":"Un concert, un bar, un concert, un ap\u00e9ro, un resto, un concert, une soir\u00e9e-photo, un m\u00e9tro, un salon, un squat', un dodo, un concert, un num\u00e9ro, une comm\u00e9moration, un concert, un concert, un anniversaire, un num\u00e9ro, un num\u00e9ro, un concert, un train, un concert, un concert, une expo, un avion,\u2026","rel":"","context":"Dans &quot;Blog-note&quot;","block_context":{"text":"Blog-note","link":"https:\/\/www.wallendorff.com\/belogue\/category\/blog-note\/"},"img":{"alt_text":"","src":"https:\/\/i0.wp.com\/www.wallendorff.com\/belogue\/wp-content\/uploads\/2017\/12\/20171213-58.jpg?resize=350%2C200&ssl=1","width":350,"height":200,"srcset":"https:\/\/i0.wp.com\/www.wallendorff.com\/belogue\/wp-content\/uploads\/2017\/12\/20171213-58.jpg?resize=350%2C200&ssl=1 1x, https:\/\/i0.wp.com\/www.wallendorff.com\/belogue\/wp-content\/uploads\/2017\/12\/20171213-58.jpg?resize=525%2C300&ssl=1 1.5x, https:\/\/i0.wp.com\/www.wallendorff.com\/belogue\/wp-content\/uploads\/2017\/12\/20171213-58.jpg?resize=700%2C400&ssl=1 2x"},"classes":[]},{"id":7501,"url":"https:\/\/www.wallendorff.com\/belogue\/2010\/05\/06\/bru-dansait-mere-deux-surtait\/","url_meta":{"origin":9593,"position":5},"title":"Bru dansait ; m\u00e8re d&rsquo;eux sortait.","author":"dpc","date":"6 mai 2010","format":false,"excerpt":"Rue Pierre Semard, Paris, 1er avril. Version color\u00e9e\u00a0; nocturne\u00a0; parisienne\u00a0; mise au point\u00a0; et s\u00e8che\u00a0; de \u00e7a, donc. [Ce billet vous \u00e9tait offert par l'association de soutien au point-virgule.] \u00a0James Murphy \u2013 If You Need a Friend","rel":"","context":"Dans &quot;DPC&quot;","block_context":{"text":"DPC","link":"https:\/\/www.wallendorff.com\/belogue\/category\/dpc\/"},"img":{"alt_text":"","src":"https:\/\/i0.wp.com\/www.wallendorff.com\/belogue\/wp-content\/uploads\/2015\/04\/201005061.jpg?resize=350%2C200&ssl=1","width":350,"height":200},"classes":[]}],"_links":{"self":[{"href":"https:\/\/www.wallendorff.com\/belogue\/wp-json\/wp\/v2\/posts\/9593","targetHints":{"allow":["GET"]}}],"collection":[{"href":"https:\/\/www.wallendorff.com\/belogue\/wp-json\/wp\/v2\/posts"}],"about":[{"href":"https:\/\/www.wallendorff.com\/belogue\/wp-json\/wp\/v2\/types\/post"}],"author":[{"embeddable":true,"href":"https:\/\/www.wallendorff.com\/belogue\/wp-json\/wp\/v2\/users\/1"}],"replies":[{"embeddable":true,"href":"https:\/\/www.wallendorff.com\/belogue\/wp-json\/wp\/v2\/comments?post=9593"}],"version-history":[{"count":3,"href":"https:\/\/www.wallendorff.com\/belogue\/wp-json\/wp\/v2\/posts\/9593\/revisions"}],"predecessor-version":[{"id":18106,"href":"https:\/\/www.wallendorff.com\/belogue\/wp-json\/wp\/v2\/posts\/9593\/revisions\/18106"}],"wp:featuredmedia":[{"embeddable":true,"href":"https:\/\/www.wallendorff.com\/belogue\/wp-json\/wp\/v2\/media\/25916"}],"wp:attachment":[{"href":"https:\/\/www.wallendorff.com\/belogue\/wp-json\/wp\/v2\/media?parent=9593"}],"wp:term":[{"taxonomy":"category","embeddable":true,"href":"https:\/\/www.wallendorff.com\/belogue\/wp-json\/wp\/v2\/categories?post=9593"},{"taxonomy":"post_tag","embeddable":true,"href":"https:\/\/www.wallendorff.com\/belogue\/wp-json\/wp\/v2\/tags?post=9593"}],"curies":[{"name":"wp","href":"https:\/\/api.w.org\/{rel}","templated":true}]}}