{"id":9575,"date":"2010-09-28T10:07:57","date_gmt":"2010-09-28T08:07:57","guid":{"rendered":"http:\/\/www.po-l.com\/belogue\/?p=9575"},"modified":"2012-07-05T09:51:44","modified_gmt":"2012-07-05T07:51:44","slug":"lete-les-thes-laits-tels-etaient","status":"publish","type":"post","link":"https:\/\/www.wallendorff.com\/belogue\/2010\/09\/28\/lete-les-thes-laits-tels-etaient\/","title":{"rendered":"L&rsquo;\u00e9t\u00e9, les th\u00e9s, lait tels \u00e9taient."},"content":{"rendered":"\n<div id=\"photo\">\n<p><img decoding=\"async\" src=\"https:\/\/www.wallendorff.com\/belogue\/photo\/2010\/09\/20100928.jpg\" \/><br \/>\nLa Fourmi Ail&eacute;e, Paris,  Paris, 30 juillet.<\/p>\n<\/p><\/div>\n<div id=\"bandeson\">\n<p><img decoding=\"async\" src=\"https:\/\/www.wallendorff.com\/belogue\/photo\/pochettes\/r\/rogue_wave-daytrotter_session_20100723.jpg\" align=\"left\" \/>&nbsp;<a href=\"http:\/\/www.roguewavemusic.com\/\">Rogue Wave<\/a> &ndash; <em>Sleepwalker<\/em> (acoustic)<\/p>\n<\/p><\/div>\n","protected":false},"excerpt":{"rendered":"<p>La Fourmi Ail&eacute;e, Paris, Paris, 30 juillet. &nbsp;Rogue Wave &ndash; Sleepwalker (acoustic)<\/p>\n","protected":false},"author":1,"featured_media":25913,"comment_status":"open","ping_status":"open","sticky":false,"template":"","format":"standard","meta":{"_acf_changed":false,"ngg_post_thumbnail":0,"jetpack_post_was_ever_published":false,"_jetpack_newsletter_access":"","_jetpack_dont_email_post_to_subs":false,"_jetpack_newsletter_tier_id":0,"_jetpack_memberships_contains_paywalled_content":false,"_jetpack_memberships_contains_paid_content":false,"footnotes":"","jetpack_publicize_message":"","jetpack_publicize_feature_enabled":true,"jetpack_social_post_already_shared":false,"jetpack_social_options":{"image_generator_settings":{"template":"highway","default_image_id":0,"font":"","enabled":false},"version":2}},"categories":[3],"tags":[10239,3787,10115,10388,2571,2615,10120,10121,782,4290,10323,10098,2620,4291,4294,4293,10334,10655],"class_list":["post-9575","post","type-post","status-publish","format-standard","has-post-thumbnail","hentry","category-dpc","tag-10239","tag-banquette","tag-bar","tag-cafe","tag-ef-16-35-mm-f28l-ii-usm","tag-eos-5d-mark-ii","tag-france","tag-ile-de-france","tag-jaune","tag-la-fourmi-ailee","tag-livres","tag-paris","tag-rogue-wave","tag-rue-du-fouarre","tag-salon-de-the","tag-sleepwalker","tag-table","tag-tasse"],"acf":[],"geo":{"latitude":48.8516655,"longitude":2.347327,"description":"8 Rue du Fouarre, 75005 Paris, France"},"jetpack_publicize_connections":[],"jetpack_featured_media_url":"https:\/\/www.wallendorff.com\/belogue\/wp-content\/uploads\/2015\/04\/201009281.jpg","jetpack_shortlink":"https:\/\/wp.me\/p3b35P-2ur","jetpack_sharing_enabled":true,"jetpack-related-posts":[{"id":9593,"url":"https:\/\/www.wallendorff.com\/belogue\/2010\/09\/30\/livres-et-laisser-mouvrir\/","url_meta":{"origin":9575,"position":0},"title":"Livres et laisser m&rsquo;ouvrir.","author":"dpc","date":"30 septembre 2010","format":false,"excerpt":"La Fourmi Ail\u00e9e, Paris, 30 juillet. \u00a0LCD Soundsystem \u2013 All I Want Trop bath id\u00e9e de dessin anim\u00e9 hier soir, pass\u00e9 deux heures \u00e0 bosser le personnage principal\u00a0: Avant de r\u00e9aliser un peu tard que le jeu de mot avait d\u00e9j\u00e0 \u00e9t\u00e9 fait. Ma vie craint.","rel":"","context":"Dans &quot;DPC&quot;","block_context":{"text":"DPC","link":"https:\/\/www.wallendorff.com\/belogue\/category\/dpc\/"},"img":{"alt_text":"","src":"https:\/\/i0.wp.com\/www.wallendorff.com\/belogue\/wp-content\/uploads\/2015\/04\/201009301.jpg?resize=350%2C200&ssl=1","width":350,"height":200},"classes":[]},{"id":295,"url":"https:\/\/www.wallendorff.com\/belogue\/2005\/08\/09\/y-a-d-la-verte-hure-dans-le-vide-or-dur\/","url_meta":{"origin":9575,"position":1},"title":"Y a d&rsquo;la verte hure&sup1; [dans le vide or dur.]","author":"dpc","date":"9 ao\u00fbt 2005","format":false,"excerpt":"La Fourmi, Paris, 2 ao\u00fbt. [La prochaine fois, penser \u00e0 mettre un gens sur la table, \u00e7a rend plus joli en photo.] \u00a0I Am Kloot \u2013 Over My Shoulder _____ 1 L'\u00e9tymologie de hure, c'est \u00ab\u00a0t\u00eate hirsute d'une b\u00eate f\u00e9roce\u00a0\u00bb. On dirait une description de moi au r\u00e9veil, dis donc.","rel":"","context":"Dans &quot;DPC&quot;","block_context":{"text":"DPC","link":"https:\/\/www.wallendorff.com\/belogue\/category\/dpc\/"},"img":{"alt_text":"","src":"https:\/\/i0.wp.com\/www.wallendorff.com\/belogue\/wp-content\/uploads\/2015\/04\/200508091.jpg?resize=350%2C200&ssl=1","width":350,"height":200},"classes":[]},{"id":36659,"url":"https:\/\/www.wallendorff.com\/belogue\/2017\/11\/30\/novembre-2017\/","url_meta":{"origin":9575,"position":2},"title":"Novembre 2017.","author":"dpc","date":"30 novembre 2017","format":false,"excerpt":"Un concert, un bar, un concert, un ap\u00e9ro, un resto, un concert, une soir\u00e9e-photo, un m\u00e9tro, un salon, un squat', un dodo, un concert, un num\u00e9ro, une comm\u00e9moration, un concert, un concert, un anniversaire, un num\u00e9ro, un num\u00e9ro, un concert, un train, un concert, un concert, une expo, un avion,\u2026","rel":"","context":"Dans &quot;Blog-note&quot;","block_context":{"text":"Blog-note","link":"https:\/\/www.wallendorff.com\/belogue\/category\/blog-note\/"},"img":{"alt_text":"","src":"https:\/\/i0.wp.com\/www.wallendorff.com\/belogue\/wp-content\/uploads\/2017\/12\/20171213-58.jpg?resize=350%2C200&ssl=1","width":350,"height":200,"srcset":"https:\/\/i0.wp.com\/www.wallendorff.com\/belogue\/wp-content\/uploads\/2017\/12\/20171213-58.jpg?resize=350%2C200&ssl=1 1x, https:\/\/i0.wp.com\/www.wallendorff.com\/belogue\/wp-content\/uploads\/2017\/12\/20171213-58.jpg?resize=525%2C300&ssl=1 1.5x, https:\/\/i0.wp.com\/www.wallendorff.com\/belogue\/wp-content\/uploads\/2017\/12\/20171213-58.jpg?resize=700%2C400&ssl=1 2x"},"classes":[]},{"id":7277,"url":"https:\/\/www.wallendorff.com\/belogue\/2010\/03\/23\/will-i-follow-you-down-the-line\/","url_meta":{"origin":9575,"position":3},"title":"Will I follow you down the line.","author":"dpc","date":"23 mars 2010","format":false,"excerpt":"Rue du Faubourg Saint-Antoine, Paris, 27 f\u00e9vrier. [On avait dit qu'il fallait que j'arr\u00eate avec les escaliers vides] [On avait dit qu'il fallait que j'arr\u00eate avec les escaliers vides] [On avait dit qu'il fallait que j'arr\u00eate avec les escaliers vides] \u00a0 [Ah et pas de la\u00efve-truittage de la Neue Star\u2026","rel":"","context":"Dans &quot;DPC&quot;","block_context":{"text":"DPC","link":"https:\/\/www.wallendorff.com\/belogue\/category\/dpc\/"},"img":{"alt_text":"","src":"https:\/\/i0.wp.com\/www.wallendorff.com\/belogue\/wp-content\/uploads\/2015\/04\/201003231.jpg?resize=350%2C200&ssl=1","width":350,"height":200,"srcset":"https:\/\/i0.wp.com\/www.wallendorff.com\/belogue\/wp-content\/uploads\/2015\/04\/201003231.jpg?resize=350%2C200&ssl=1 1x, https:\/\/i0.wp.com\/www.wallendorff.com\/belogue\/wp-content\/uploads\/2015\/04\/201003231.jpg?resize=525%2C300&ssl=1 1.5x"},"classes":[]},{"id":3701,"url":"https:\/\/www.wallendorff.com\/belogue\/2008\/12\/22\/envoie-la-des-mats-noirs\/","url_meta":{"origin":9575,"position":4},"title":"Envoie l\u00e0 des m\u00e2ts noirs.","author":"dpc","date":"22 d\u00e9cembre 2008","format":false,"excerpt":"Grubbegata, Oslo, 18 novembre. Rogue Wave \u2013 Lake Michigan","rel":"","context":"Dans &quot;DPC&quot;","block_context":{"text":"DPC","link":"https:\/\/www.wallendorff.com\/belogue\/category\/dpc\/"},"img":{"alt_text":"","src":"https:\/\/i0.wp.com\/www.wallendorff.com\/belogue\/wp-content\/uploads\/2015\/04\/200812221.jpg?resize=350%2C200&ssl=1","width":350,"height":200},"classes":[]},{"id":27541,"url":"https:\/\/www.wallendorff.com\/belogue\/2015\/06\/22\/shooting-people-111\/","url_meta":{"origin":9575,"position":5},"title":"Shooting people #111.","author":"dpc","date":"22 juin 2015","format":false,"excerpt":"Rue Andr\u00e9-Gill, Paris, 10 juin. Je n'ai sciemment pris qu'un minimum de mat\u00e9riel. Un flash au cas o\u00f9, rien d'autre, pour se concentrer sur le sujet plut\u00f4t que sur la technique. Je les retrouve \u00e0 la Fourmi et nous partons \u00e0 l'aventure dans le quartier, pour s'arr\u00eater 20\u00a0m plus loin\u2026","rel":"","context":"Dans &quot;Portraits&quot;","block_context":{"text":"Portraits","link":"https:\/\/www.wallendorff.com\/belogue\/category\/portraits\/"},"img":{"alt_text":"","src":"https:\/\/i0.wp.com\/www.wallendorff.com\/belogue\/wp-content\/uploads\/2015\/06\/201506171.jpg?resize=350%2C200&ssl=1","width":350,"height":200,"srcset":"https:\/\/i0.wp.com\/www.wallendorff.com\/belogue\/wp-content\/uploads\/2015\/06\/201506171.jpg?resize=350%2C200&ssl=1 1x, https:\/\/i0.wp.com\/www.wallendorff.com\/belogue\/wp-content\/uploads\/2015\/06\/201506171.jpg?resize=525%2C300&ssl=1 1.5x, https:\/\/i0.wp.com\/www.wallendorff.com\/belogue\/wp-content\/uploads\/2015\/06\/201506171.jpg?resize=700%2C400&ssl=1 2x"},"classes":[]}],"_links":{"self":[{"href":"https:\/\/www.wallendorff.com\/belogue\/wp-json\/wp\/v2\/posts\/9575","targetHints":{"allow":["GET"]}}],"collection":[{"href":"https:\/\/www.wallendorff.com\/belogue\/wp-json\/wp\/v2\/posts"}],"about":[{"href":"https:\/\/www.wallendorff.com\/belogue\/wp-json\/wp\/v2\/types\/post"}],"author":[{"embeddable":true,"href":"https:\/\/www.wallendorff.com\/belogue\/wp-json\/wp\/v2\/users\/1"}],"replies":[{"embeddable":true,"href":"https:\/\/www.wallendorff.com\/belogue\/wp-json\/wp\/v2\/comments?post=9575"}],"version-history":[{"count":1,"href":"https:\/\/www.wallendorff.com\/belogue\/wp-json\/wp\/v2\/posts\/9575\/revisions"}],"predecessor-version":[{"id":18079,"href":"https:\/\/www.wallendorff.com\/belogue\/wp-json\/wp\/v2\/posts\/9575\/revisions\/18079"}],"wp:featuredmedia":[{"embeddable":true,"href":"https:\/\/www.wallendorff.com\/belogue\/wp-json\/wp\/v2\/media\/25913"}],"wp:attachment":[{"href":"https:\/\/www.wallendorff.com\/belogue\/wp-json\/wp\/v2\/media?parent=9575"}],"wp:term":[{"taxonomy":"category","embeddable":true,"href":"https:\/\/www.wallendorff.com\/belogue\/wp-json\/wp\/v2\/categories?post=9575"},{"taxonomy":"post_tag","embeddable":true,"href":"https:\/\/www.wallendorff.com\/belogue\/wp-json\/wp\/v2\/tags?post=9575"}],"curies":[{"name":"wp","href":"https:\/\/api.w.org\/{rel}","templated":true}]}}