{"id":956,"date":"2007-05-24T00:51:14","date_gmt":"2007-05-24T00:51:14","guid":{"rendered":"http:\/\/www.po-l.com\/wordpress\/?p=956"},"modified":"2013-10-23T19:01:29","modified_gmt":"2013-10-23T17:01:29","slug":"acdc-live","status":"publish","type":"post","link":"https:\/\/www.wallendorff.com\/belogue\/2007\/05\/24\/acdc-live\/","title":{"rendered":"AC\/DC &ndash; Live"},"content":{"rendered":"<div id=\"photo\">\n<p><img decoding=\"async\" src=\"https:\/\/www.wallendorff.com\/belogue\/photo\/autobiodisco\/008b.jpg\" \/><\/p>\n<\/div>\n<table style=\"border:none\" >\n<tr style=\"border:none\" >\n<td style=\"border:none;vertical-align:middle;width:200px\" ><img decoding=\"async\" src=\"https:\/\/www.wallendorff.com\/belogue\/photo\/autobiodisco\/008.jpg\" \/><\/td>\n<td style=\"border:none;vertical-align:middle\" >\n<p class=\"specs\"><strong>#16<br \/>\n        Label&nbsp;:<\/strong> Epic<br \/>\n        <strong>Sortie&nbsp;:<\/strong> 29 octobre 1992<br \/>\n        <strong>Producteur&nbsp;:<\/strong> Bruce Fairbairn<\/p>\n<\/td>\n<\/tr>\n<\/table>\n<p>Sainte id&eacute;e cette ann&eacute;e-l&agrave; pour Epic que de sortir un live d&rsquo;AC\/DC. Mieux qu&rsquo;un best-of, puisque son gros son colle plus &agrave; l&rsquo;&eacute;poque que leurs albums vieux de 15 ans, <em>Live<\/em> est surtout l&rsquo;occasion d&rsquo;imposer <em>Highway to Hell<\/em> sur toutes les radios et t&eacute;l&eacute;s, le rendant in&eacute;vitable pour tout ceux qui ont loup&eacute; l&rsquo;&eacute;pisode pr&eacute;c&eacute;dent en 1979. Fin 1992, Il devient impossible de passer &agrave; c&ocirc;t&eacute; d&rsquo;Angus Young, grenouille sauteuse lac&eacute;rant sa Gibson SG en flammes, ni de Brian Johnson, son chanteur &agrave; casquette et voix de canard ultrasonique t&rsquo;invitant &agrave; aller voir en enfer si Satan y est. Nous autres, qui d&eacute;barquons tout juste dans le hard-rock, nous prenons une bonne baffe en forme de le&ccedil;on d&rsquo;histoire. Le CD, c&rsquo;est mon p&egrave;re qui l&rsquo;ach&egrave;te &agrave; la montagne en f&eacute;vrier 1993<sup>1<\/sup>. Pas &eacute;tonnant, je retrouverai plus tard dans ses vinyles <em>If You Want Blood<\/em>, <em>Dirty Deeds Done Dirt Cheap<\/em> et <em>Powerage<\/em>. Pour l&rsquo;heure, je d&eacute;couvre les cloches de <em>Hells Bells<\/em> et je braille des <em>Back in Black<\/em>, dont j&rsquo;apprends qu&rsquo;il est tir&eacute; du premier album enregistr&eacute; apr&egrave;s la mort du premier chanteur, Bon Scott, un mec rock n&rsquo;roll qui s&rsquo;est &eacute;touff&eacute; dans son vomi la veille de mon 2<sup>e<\/sup> anniversaire, trop cool<sup>2&nbsp;<\/sup>! <em>Live<\/em> est puissant, bien enregistr&eacute;, bien m&eacute;chant et ce d&egrave;s son intro en chants de fouteballe couverts par l&rsquo;entame &eacute;pileptique de <em>Thunderstruck<\/em> dansant sur des ch&oelig;urs infernaux. Le pied, <em>Thunderstruck<\/em>. J&rsquo;apprends son intro &agrave; la guitare au printemps, alors que <em>Live<\/em> tourne en boucle dans la caravane du Bardy, celle qu&rsquo;on squatte d&egrave;s qu&rsquo;on peut. Aussi facile &agrave; jouer que <em>Nothing Else Matter<\/em><sup>3<\/sup>, le bordel. &Agrave; moi le succ&egrave;s, le pognon, la coke et les putes.<\/p>\n<p>1993 et <em>les &eacute;v&eacute;nement de l&rsquo;&eacute;t&eacute;<\/em><sup>4<\/sup> passant, je l&acirc;che quand m&ecirc;me AC\/DC pour deux raisons&nbsp;:<\/p>\n<ol>\n<li>M&ecirc;me s&rsquo;il s&rsquo;est form&eacute; que 2 ans avant Maiden, &agrave; l&rsquo;&eacute;poque AC\/DC sent le groupe de vieux alors que Maiden, non. C&rsquo;est s&ucirc;rement d&ucirc; &agrave; la casquette de Johnson. Ou aux visuels, peut-&ecirc;tre. Ou au fait que les mecs qui se prom&egrave;nent avec des dossards AC\/DC sont souvent de gros beaufs.<\/li>\n<li>Question gros beaufs, justement, je tombe sur leur chef le jour de l&rsquo;entr&eacute;e &agrave; l&rsquo;internat du lyc&eacute;e. Lui, c&rsquo;est le pire que la terre ait port&eacute;, que m&ecirc;me <em>Strip-tease<\/em> en voudrait pas. D&eacute;barquant de la banlieue de Carignan sur sa mobylette qui fait du 115 &#8213;&nbsp;et que seul son chien peut rattraper, <em>sic<\/em>&nbsp;&#8213; avec un perfecto en imitation ska&iuml; sur lequel il a &eacute;crit au typex &laquo;&nbsp;FAI<strike>&nbsp;T&nbsp;<\/strike>S MOI UN CALIN SI TU M&rsquo;AIMES&nbsp;&raquo;, sortant de son pif des trucs de la taille d&rsquo;une toile de tente pendant les cours de TSA, amateur de baston &agrave; la batte de base-ball en plastique les soirs de bal dans toute l&rsquo;Ardenne-Est, vain dragueur de tout ce qui se prom&egrave;ne avec des seins dans le lyc&eacute;e et au-del&agrave;, il ne d&eacute;laisse <a href=\"http:\/\/www.youtube.com\/watch?v=bTYNW8UmcQI\" target=\"_blank\"><em>Living on My Own<\/em><\/a> que pour &eacute;couter son double CD du <em>Live<\/em> d&rsquo;&laquo;&nbsp;&Acirc;&acirc;c&eacute;d&eacute;&eacute;&ccedil;&eacute;&eacute;&nbsp;&raquo; des soirs durant. &Eacute;trangement, je laisse tomber le mien de suite.<\/li>\n<\/ol>\n<p> AC\/DC reviendra quand m&ecirc;me chez moi en passant par la fen&ecirc;tre  quatre fois&nbsp;: la premi&egrave;re &agrave; 18 ans, quand je mets <em>Whole Lotta Rosie<\/em> en ouverture de la premi&egrave;re cassette de ma 205 junior &#8213;&nbsp;on est un vrai punk ou on ne l&rsquo;est pas&nbsp;&#8213; pour aller &eacute;craser des grands-m&egrave;res le cheveux court au vent. La deuxi&egrave;me &agrave; l&rsquo;or&eacute;e du Stade de France du 22 juin 2001, quand Z&eacute;gut d&eacute;cide d&rsquo;&eacute;gr&eacute;ner les semaines qui l&rsquo;en rapprochent en en balourdant chaque mercredi dans Zikweb un morceau qu&rsquo;on s&rsquo;&eacute;coute au taquet, &agrave; la grande joie de mon voisin de palier. La troisi&egrave;me quand, &agrave; la m&ecirc;me &eacute;poque, je ressors <em>Highway to Hell<\/em> du grenier tous les 15 jours pour la passer &agrave; la boum sur les coups de 2&nbsp;g 30 du matin, quand la piste s&rsquo;est assez vid&eacute;e &#8213;&nbsp;et nous assez emplis&nbsp;&#8213; pour que nous puissions taper le concours de guitare en carton sur la sc&egrave;ne du chapiteau devant un parterre de groupies avin&eacute;es. La quatri&egrave;me enfin, &agrave; l&rsquo;&eacute;t&eacute; 2002, quand le mec qui nous emm&egrave;ne, Copain et moi, bosser &agrave; Grevenmacher tous les jours se l&rsquo;&eacute;coute en boucle dans sa voiture. C&rsquo;est &ccedil;a mon dernier souvenir de <em>Live<\/em>&nbsp;: un grand sentiment de lassitude annonc&eacute;e tromp&eacute;e &agrave; coups de headbanging sur fond de campagne luxembourgeoise qui d&eacute;file &agrave; 180&nbsp;km\/h. Ce n&rsquo;en est pas moins un disque majeur&nbsp;: c&rsquo;est gr&acirc;ce &agrave; lui que nous, les kids des ann&eacute;es 90, avons pu comprendre qu&rsquo;en plus d&rsquo;avoir exist&eacute;, les ann&eacute;es 70 furent <em>cools<\/em>.<\/p>\n<h1>Extraits<\/h1>\n<ul>\n<li><em>Thunderstruck<\/em>\n<li><em>Shoot to Thrill<\/em>\n<li><em>Hells Bells<\/em>\n<li><em>Whole Lotta Rosie<\/em>\n<li><em>Highway to Hell<\/em>\n<\/ul>\n<p>_____<\/p>\n<div id=\"bas_note\">\n<p><sup>1<\/sup> Dans un supermarch&eacute; o&ugrave; la radio passait <em>Sleeping Satellite<\/em> de Tasmin Archer. Y a des souvenirs, des fois, on se demande vraiment pourquoi on les retient.<\/p>\n<p><sup>2<\/sup> Remercions pour cette information le calendrier 1993 de Hard Force Magazine, un outil bien utile aux comm&eacute;morations poliues de toutes sortes.<\/p>\n<p><sup>3<\/sup> Enfin, &agrave; la m&ecirc;me vitesse que Julien Lambroschini reprenant Ten Years After dans <em>Le P&eacute;ril jeune<\/em>, tout du moins.<\/p>\n<p><sup>4<\/sup> J&rsquo;y reviendrai. Promis. <\/p>\n<\/div>\n","protected":false},"excerpt":{"rendered":"<p>#16 Label&nbsp;: Epic Sortie&nbsp;: 29 octobre 1992 Producteur&nbsp;: Bruce Fairbairn Sainte id&eacute;e cette ann&eacute;e-l&agrave; pour Epic que de sortir un live d&rsquo;AC\/DC. Mieux qu&rsquo;un best-of, puisque son gros son colle plus &agrave; l&rsquo;&eacute;poque que leurs albums vieux de 15 ans, Live est surtout l&rsquo;occasion d&rsquo;imposer Highway to Hell sur toutes les radios et t&eacute;l&eacute;s, le&hellip;<\/p>\n","protected":false},"author":1,"featured_media":24889,"comment_status":"open","ping_status":"open","sticky":false,"template":"","format":"standard","meta":{"_acf_changed":false,"ngg_post_thumbnail":0,"jetpack_post_was_ever_published":false,"_jetpack_newsletter_access":"","_jetpack_dont_email_post_to_subs":false,"_jetpack_newsletter_tier_id":0,"_jetpack_memberships_contains_paywalled_content":false,"_jetpack_memberships_contains_paid_content":false,"footnotes":"","jetpack_publicize_message":"","jetpack_publicize_feature_enabled":true,"jetpack_social_post_already_shared":false,"jetpack_social_options":{"image_generator_settings":{"template":"highway","default_image_id":0,"font":"","enabled":false},"version":2}},"categories":[10],"tags":[],"class_list":["post-956","post","type-post","status-publish","format-standard","has-post-thumbnail","hentry","category-autodiscobiographie"],"acf":[],"geo":null,"jetpack_publicize_connections":[],"jetpack_featured_media_url":"https:\/\/www.wallendorff.com\/belogue\/wp-content\/uploads\/2015\/04\/008b.jpg","jetpack_shortlink":"https:\/\/wp.me\/p3b35P-fq","jetpack_sharing_enabled":true,"jetpack-related-posts":[{"id":7555,"url":"https:\/\/www.wallendorff.com\/belogue\/2010\/05\/19\/avi-buffalo-boogers-le-reservoir-paris\/","url_meta":{"origin":956,"position":0},"title":"Avi Buffalo + Boogers @ le R\u00e9servoir, Paris.","author":"dpc","date":"19 mai 2010","format":false,"excerpt":"Avi Buffalo. Bande de quatre grands gamins de Long Beach, Californie, form\u00e9e autour d'Avigdor Zahner-Isenberg \u2015\u00a0qu'on surnommera Avi, comme le reste de la plan\u00e8te, pour s'\u00e9viter des tendinites de doigts \u00e0 r\u00e9p\u00e9tition\u00a0\u2015 m\u00e9langeant MGMT pour les chants en forme de ch\u0153urs, Arcade Fire pour les ch\u0153urs en forme de chants,\u2026","rel":"","context":"Dans &quot;Alive&quot;","block_context":{"text":"Alive","link":"https:\/\/www.wallendorff.com\/belogue\/category\/alive\/"},"img":{"alt_text":"","src":"https:\/\/i0.wp.com\/www.wallendorff.com\/belogue\/wp-content\/uploads\/2015\/04\/201005191.jpg?resize=350%2C200&ssl=1","width":350,"height":200,"srcset":"https:\/\/i0.wp.com\/www.wallendorff.com\/belogue\/wp-content\/uploads\/2015\/04\/201005191.jpg?resize=350%2C200&ssl=1 1x, https:\/\/i0.wp.com\/www.wallendorff.com\/belogue\/wp-content\/uploads\/2015\/04\/201005191.jpg?resize=525%2C300&ssl=1 1.5x, https:\/\/i0.wp.com\/www.wallendorff.com\/belogue\/wp-content\/uploads\/2015\/04\/201005191.jpg?resize=700%2C400&ssl=1 2x"},"classes":[]},{"id":966,"url":"https:\/\/www.wallendorff.com\/belogue\/2007\/06\/01\/1992-en-20-titres\/","url_meta":{"origin":956,"position":1},"title":"1992 en 20 titres.","author":"dpc","date":"1 juin 2007","format":false,"excerpt":"[Le classement est d'\u00e9poque, hein, on ne rigole pas.] Guns N'\u00a0Roses \u2013 Perfect Crime Metallica \u2013 Nothing Else Matters Sting feat. Eric Clapton \u2013 It's Probably Me Iron Maiden \u2013 Be Quick or Be Dead Guns N'\u00a0Roses \u2013 November Rain U2 \u2013 One Guns N'\u00a0Roses \u2013 Get in the Ring\u2026","rel":"","context":"Dans &quot;Autodiscobiographie&quot;","block_context":{"text":"Autodiscobiographie","link":"https:\/\/www.wallendorff.com\/belogue\/category\/autodiscobiographie\/"},"img":{"alt_text":"","src":"https:\/\/i0.wp.com\/www.wallendorff.com\/belogue\/wp-content\/uploads\/2015\/04\/010b1.jpg?resize=350%2C200&ssl=1","width":350,"height":200,"srcset":"https:\/\/i0.wp.com\/www.wallendorff.com\/belogue\/wp-content\/uploads\/2015\/04\/010b1.jpg?resize=350%2C200&ssl=1 1x, https:\/\/i0.wp.com\/www.wallendorff.com\/belogue\/wp-content\/uploads\/2015\/04\/010b1.jpg?resize=525%2C300&ssl=1 1.5x, https:\/\/i0.wp.com\/www.wallendorff.com\/belogue\/wp-content\/uploads\/2015\/04\/010b1.jpg?resize=700%2C400&ssl=1 2x"},"classes":[]},{"id":930,"url":"https:\/\/www.wallendorff.com\/belogue\/2007\/04\/09\/nirvana-nevermind\/","url_meta":{"origin":956,"position":2},"title":"Nirvana &ndash; Nevermind","author":"dpc","date":"9 avril 2007","format":false,"excerpt":"#9 Label\u00a0: Geffen Sortie\u00a0: 24 septembre 1991 Producteur\u00a0: Butch Vig En 1992, tous mes potes se sont mis au hard-rock. Slayer, Sepultura, Megadeth et Faith No More circulent autour de moi sans que je picore leurs cassettes. Au lieu de \u00e7a, je reste cantonn\u00e9 dans les disques de ma s\u0153ur,\u2026","rel":"","context":"Dans &quot;Autodiscobiographie&quot;","block_context":{"text":"Autodiscobiographie","link":"https:\/\/www.wallendorff.com\/belogue\/category\/autodiscobiographie\/"},"img":{"alt_text":"","src":"https:\/\/i0.wp.com\/www.wallendorff.com\/belogue\/wp-content\/uploads\/2015\/04\/004b.jpg?resize=350%2C200&ssl=1","width":350,"height":200,"srcset":"https:\/\/i0.wp.com\/www.wallendorff.com\/belogue\/wp-content\/uploads\/2015\/04\/004b.jpg?resize=350%2C200&ssl=1 1x, https:\/\/i0.wp.com\/www.wallendorff.com\/belogue\/wp-content\/uploads\/2015\/04\/004b.jpg?resize=525%2C300&ssl=1 1.5x, https:\/\/i0.wp.com\/www.wallendorff.com\/belogue\/wp-content\/uploads\/2015\/04\/004b.jpg?resize=700%2C400&ssl=1 2x"},"classes":[]},{"id":1086,"url":"https:\/\/www.wallendorff.com\/belogue\/2007\/11\/20\/joe-satriani-the-extremist\/","url_meta":{"origin":956,"position":3},"title":"Joe Satriani &ndash; The Extremist","author":"dpc","date":"20 novembre 2007","format":false,"excerpt":"#27 Label\u00a0: Epic Sortie\u00a0: 21 juillet 1992 Producteur\u00a0: Joe Satriani, Andy Johns, John Cuniberti En vrai, sur la cassette de Sepultura que le Lacaille m'avait fil\u00e9e1 figurait en face B cet album \u00e0 l'oppos\u00e9 de l'autre, aussi fignol\u00e9 et lisse que Chaos AD pouvait \u00eatre r\u00e8che et sauvage. The Extremist.\u2026","rel":"","context":"Dans &quot;Autodiscobiographie&quot;","block_context":{"text":"Autodiscobiographie","link":"https:\/\/www.wallendorff.com\/belogue\/category\/autodiscobiographie\/"},"img":{"alt_text":"","src":"https:\/\/i0.wp.com\/www.wallendorff.com\/belogue\/wp-content\/uploads\/2015\/04\/016b1.jpg?resize=350%2C200&ssl=1","width":350,"height":200,"srcset":"https:\/\/i0.wp.com\/www.wallendorff.com\/belogue\/wp-content\/uploads\/2015\/04\/016b1.jpg?resize=350%2C200&ssl=1 1x, https:\/\/i0.wp.com\/www.wallendorff.com\/belogue\/wp-content\/uploads\/2015\/04\/016b1.jpg?resize=525%2C300&ssl=1 1.5x, https:\/\/i0.wp.com\/www.wallendorff.com\/belogue\/wp-content\/uploads\/2015\/04\/016b1.jpg?resize=700%2C400&ssl=1 2x"},"classes":[]},{"id":937,"url":"https:\/\/www.wallendorff.com\/belogue\/2007\/04\/19\/iron-maiden-fear-of-the-dark\/","url_meta":{"origin":956,"position":4},"title":"Iron Maiden &ndash; Fear of the Dark","author":"dpc","date":"19 avril 2007","format":false,"excerpt":"#10 Label\u00a0: EMI Sortie\u00a0: 12 mai 1992 Producteur\u00a0: Martin Birch Je ne sais toujours pas ce qui m'a pris ce soir d'ao\u00fbt 1992. Peut-\u00eatre l'euphorie du frisson de l'interdit, alors que nous nous \u00e9tions barr\u00e9s, le Bardy et moi, du camping que ses parents tenaient en bord de Meuse pour\u2026","rel":"","context":"Dans &quot;Autodiscobiographie&quot;","block_context":{"text":"Autodiscobiographie","link":"https:\/\/www.wallendorff.com\/belogue\/category\/autodiscobiographie\/"},"img":{"alt_text":"","src":"https:\/\/i0.wp.com\/www.wallendorff.com\/belogue\/wp-content\/uploads\/2015\/04\/005b.jpg?resize=350%2C200&ssl=1","width":350,"height":200,"srcset":"https:\/\/i0.wp.com\/www.wallendorff.com\/belogue\/wp-content\/uploads\/2015\/04\/005b.jpg?resize=350%2C200&ssl=1 1x, https:\/\/i0.wp.com\/www.wallendorff.com\/belogue\/wp-content\/uploads\/2015\/04\/005b.jpg?resize=525%2C300&ssl=1 1.5x, https:\/\/i0.wp.com\/www.wallendorff.com\/belogue\/wp-content\/uploads\/2015\/04\/005b.jpg?resize=700%2C400&ssl=1 2x"},"classes":[]},{"id":919,"url":"https:\/\/www.wallendorff.com\/belogue\/2007\/03\/26\/u2-achtung-baby\/","url_meta":{"origin":956,"position":5},"title":"U2 &ndash; Achtung Baby","author":"dpc","date":"26 mars 2007","format":false,"excerpt":"#8 Label\u00a0: Island Sortie\u00a0: 19 novembre 1991 Producteurs\u00a0: Daniel Lanois, Brian Eno Encore un achet\u00e9 par mon p\u00e8re. Il le passera en boucle1 dans sa Citro\u00ebn d\u00e8s sa sortie, ce sera la bande-son de mon premier train seul vers Paris aux vacances de P\u00e2ques 1992. Whose Gonna Ride Your Wild\u2026","rel":"","context":"Dans &quot;Autodiscobiographie&quot;","block_context":{"text":"Autodiscobiographie","link":"https:\/\/www.wallendorff.com\/belogue\/category\/autodiscobiographie\/"},"img":{"alt_text":"","src":"https:\/\/i0.wp.com\/www.wallendorff.com\/belogue\/wp-content\/uploads\/2015\/04\/003b.jpg?resize=350%2C200&ssl=1","width":350,"height":200,"srcset":"https:\/\/i0.wp.com\/www.wallendorff.com\/belogue\/wp-content\/uploads\/2015\/04\/003b.jpg?resize=350%2C200&ssl=1 1x, https:\/\/i0.wp.com\/www.wallendorff.com\/belogue\/wp-content\/uploads\/2015\/04\/003b.jpg?resize=525%2C300&ssl=1 1.5x, https:\/\/i0.wp.com\/www.wallendorff.com\/belogue\/wp-content\/uploads\/2015\/04\/003b.jpg?resize=700%2C400&ssl=1 2x"},"classes":[]}],"_links":{"self":[{"href":"https:\/\/www.wallendorff.com\/belogue\/wp-json\/wp\/v2\/posts\/956","targetHints":{"allow":["GET"]}}],"collection":[{"href":"https:\/\/www.wallendorff.com\/belogue\/wp-json\/wp\/v2\/posts"}],"about":[{"href":"https:\/\/www.wallendorff.com\/belogue\/wp-json\/wp\/v2\/types\/post"}],"author":[{"embeddable":true,"href":"https:\/\/www.wallendorff.com\/belogue\/wp-json\/wp\/v2\/users\/1"}],"replies":[{"embeddable":true,"href":"https:\/\/www.wallendorff.com\/belogue\/wp-json\/wp\/v2\/comments?post=956"}],"version-history":[{"count":5,"href":"https:\/\/www.wallendorff.com\/belogue\/wp-json\/wp\/v2\/posts\/956\/revisions"}],"predecessor-version":[{"id":21909,"href":"https:\/\/www.wallendorff.com\/belogue\/wp-json\/wp\/v2\/posts\/956\/revisions\/21909"}],"wp:featuredmedia":[{"embeddable":true,"href":"https:\/\/www.wallendorff.com\/belogue\/wp-json\/wp\/v2\/media\/24889"}],"wp:attachment":[{"href":"https:\/\/www.wallendorff.com\/belogue\/wp-json\/wp\/v2\/media?parent=956"}],"wp:term":[{"taxonomy":"category","embeddable":true,"href":"https:\/\/www.wallendorff.com\/belogue\/wp-json\/wp\/v2\/categories?post=956"},{"taxonomy":"post_tag","embeddable":true,"href":"https:\/\/www.wallendorff.com\/belogue\/wp-json\/wp\/v2\/tags?post=956"}],"curies":[{"name":"wp","href":"https:\/\/api.w.org\/{rel}","templated":true}]}}