{"id":949,"date":"2007-05-11T09:14:17","date_gmt":"2007-05-11T09:14:17","guid":{"rendered":"http:\/\/www.po-l.com\/wordpress\/?p=949"},"modified":"2013-03-14T18:05:37","modified_gmt":"2013-03-14T16:05:37","slug":"dansant-sans-quentin","status":"publish","type":"post","link":"https:\/\/www.wallendorff.com\/belogue\/2007\/05\/11\/dansant-sans-quentin\/","title":{"rendered":"Dansant sans Quentin."},"content":{"rendered":"\n<div id=\"photo\">\n<p><img decoding=\"async\" src=\"https:\/\/www.wallendorff.com\/belogue\/photo\/2007\/05\/20070511.jpg\" \/><br \/>\n          A&eacute;roport Charles de Gaulle, Roissy, 23 avril.<\/p>\n<\/p><\/div>\n<p style=\"text-align:right\">Y&rsquo;a le J&eacute;r&ocirc;me Colin qui s&rsquo;en revient. &Ccedil;a s&rsquo;appelle <a href=\"http:\/\/www.radiolibres.be\">radiolibre.be<\/a>, y a des sessions acoustiques toutes les semaines dedans et forc&eacute;ment, c&rsquo;est recommand&eacute; par la maison.<\/p>\n<div id=\"bandeson\">\n<p><img decoding=\"async\" src=\"https:\/\/www.wallendorff.com\/belogue\/photo\/pochettes\/a\/arcade_fire-neon_bible.jpg\" align=\"left\" \/>&nbsp;<a href=\"http:\/\/www.arcadefire.com\/\">Arcade Fire<\/a> &ndash; <em>Building Downtown (Antichrist Television Blues)<\/em><\/p>\n<\/p><\/div>\n","protected":false},"excerpt":{"rendered":"<p>A&eacute;roport Charles de Gaulle, Roissy, 23 avril. Y&rsquo;a le J&eacute;r&ocirc;me Colin qui s&rsquo;en revient. &Ccedil;a s&rsquo;appelle radiolibre.be, y a des sessions acoustiques toutes les semaines dedans et forc&eacute;ment, c&rsquo;est recommand&eacute; par la maison. &nbsp;Arcade Fire &ndash; Building Downtown (Antichrist Television Blues)<\/p>\n","protected":false},"author":1,"featured_media":24882,"comment_status":"open","ping_status":"open","sticky":false,"template":"","format":"standard","meta":{"_acf_changed":false,"ngg_post_thumbnail":0,"jetpack_post_was_ever_published":false,"_jetpack_newsletter_access":"","_jetpack_dont_email_post_to_subs":false,"_jetpack_newsletter_tier_id":0,"_jetpack_memberships_contains_paywalled_content":false,"_jetpack_memberships_contains_paid_content":false,"footnotes":"","jetpack_publicize_message":"","jetpack_publicize_feature_enabled":true,"jetpack_social_post_already_shared":false,"jetpack_social_options":{"image_generator_settings":{"template":"highway","default_image_id":0,"font":"","enabled":false},"version":2}},"categories":[3],"tags":[10177,10259,10263,1993,132,10246,10120,10121,179,4572,143,1994,10260,173,2361,948],"class_list":["post-949","post","type-post","status-publish","format-standard","has-post-thumbnail","hentry","category-dpc","tag-aeroport","tag-aeroport-paris-charles-de-gaulle","tag-arcade-fire","tag-building-downtown-antichrist-television-blues","tag-eos-20d","tag-contre-jour","tag-france","tag-ile-de-france","tag-jerome-colin","tag-neon-bible-album","tag-noir-et-blanc","tag-radio-libre","tag-roissy-en-france","tag-sigma-28-70-mm-f28-dg-ex","tag-terminal-2e","tag-val-doise"],"acf":[],"geo":{"latitude":49.0031815,"longitude":2.5770664,"description":"Cheminement v\u00e9hicules, A\u00e9roport Charles-de-Gaulle (CDG), 77990 Le Mesnil-Amelot, France"},"jetpack_publicize_connections":[],"jetpack_featured_media_url":"https:\/\/www.wallendorff.com\/belogue\/wp-content\/uploads\/2015\/04\/200705111.jpg","jetpack_shortlink":"https:\/\/wp.me\/p3b35P-fj","jetpack_sharing_enabled":true,"jetpack-related-posts":[{"id":129376,"url":"https:\/\/www.wallendorff.com\/belogue\/2024\/07\/22\/terminal-1-aeroport-de-paris-charles-de-gaulle-roissy-en-france-17-juillet-2024\/","url_meta":{"origin":949,"position":0},"title":"Terminal 1 @ a\u00e9roport de Paris-Charles-de-Gaulle, Roissy-en-France, 17 juillet 2024.","author":"dpc","date":"22 juillet 2024","format":false,"excerpt":"","rel":"","context":"Dans &quot;Alive&quot;","block_context":{"text":"Alive","link":"https:\/\/www.wallendorff.com\/belogue\/category\/alive\/"},"img":{"alt_text":"","src":"https:\/\/i0.wp.com\/www.wallendorff.com\/belogue\/wp-content\/uploads\/2024\/07\/20240722-42.jpg?resize=350%2C200&ssl=1","width":350,"height":200,"srcset":"https:\/\/i0.wp.com\/www.wallendorff.com\/belogue\/wp-content\/uploads\/2024\/07\/20240722-42.jpg?resize=350%2C200&ssl=1 1x, https:\/\/i0.wp.com\/www.wallendorff.com\/belogue\/wp-content\/uploads\/2024\/07\/20240722-42.jpg?resize=525%2C300&ssl=1 1.5x, https:\/\/i0.wp.com\/www.wallendorff.com\/belogue\/wp-content\/uploads\/2024\/07\/20240722-42.jpg?resize=700%2C400&ssl=1 2x, https:\/\/i0.wp.com\/www.wallendorff.com\/belogue\/wp-content\/uploads\/2024\/07\/20240722-42.jpg?resize=1050%2C600&ssl=1 3x"},"classes":[]},{"id":14908,"url":"https:\/\/www.wallendorff.com\/belogue\/2011\/12\/21\/half-the-world-away\/","url_meta":{"origin":949,"position":1},"title":"Half the world away.","author":"dpc","date":"21 d\u00e9cembre 2011","format":false,"excerpt":"A\u00e9roport Charles de Gaulle, Roissy, 23 octobre. Yoav \u2013 Easy Chair [youtube]http:\/\/www.youtube.com\/watch?v=ywpbOhc35HI[\/youtube]","rel":"","context":"Dans &quot;DPC&quot;","block_context":{"text":"DPC","link":"https:\/\/www.wallendorff.com\/belogue\/category\/dpc\/"},"img":{"alt_text":"","src":"https:\/\/i0.wp.com\/www.wallendorff.com\/belogue\/wp-content\/uploads\/2015\/04\/201112211.jpg?resize=350%2C200&ssl=1","width":350,"height":200,"srcset":"https:\/\/i0.wp.com\/www.wallendorff.com\/belogue\/wp-content\/uploads\/2015\/04\/201112211.jpg?resize=350%2C200&ssl=1 1x, https:\/\/i0.wp.com\/www.wallendorff.com\/belogue\/wp-content\/uploads\/2015\/04\/201112211.jpg?resize=525%2C300&ssl=1 1.5x, https:\/\/i0.wp.com\/www.wallendorff.com\/belogue\/wp-content\/uploads\/2015\/04\/201112211.jpg?resize=700%2C400&ssl=1 2x"},"classes":[]},{"id":1193,"url":"https:\/\/www.wallendorff.com\/belogue\/2008\/04\/01\/kilomtre-23\/","url_meta":{"origin":949,"position":2},"title":"Kilom\u00e8tre 23.","author":"dpc","date":"1 avril 2008","format":false,"excerpt":"A\u00e9roport Charles de Gaulle, Roissy, 31 mars.","rel":"","context":"Dans &quot;DPC&quot;","block_context":{"text":"DPC","link":"https:\/\/www.wallendorff.com\/belogue\/category\/dpc\/"},"img":{"alt_text":"","src":"https:\/\/i0.wp.com\/www.wallendorff.com\/belogue\/wp-content\/uploads\/2015\/04\/200804011.jpg?resize=350%2C200&ssl=1","width":350,"height":200},"classes":[]},{"id":21215,"url":"https:\/\/www.wallendorff.com\/belogue\/2013\/06\/25\/downstairs\/","url_meta":{"origin":949,"position":3},"title":"Downstairs.","author":"dpc","date":"25 juin 2013","format":false,"excerpt":"Terminal 2F, a\u00e9roport de Paris-Charles-de-Gaulle, 20 mai. Faith in LoveCSS","rel":"","context":"Dans &quot;DPC&quot;","block_context":{"text":"DPC","link":"https:\/\/www.wallendorff.com\/belogue\/category\/dpc\/"},"img":{"alt_text":"","src":"https:\/\/i0.wp.com\/www.wallendorff.com\/belogue\/wp-content\/uploads\/2015\/04\/20130625.jpg?resize=350%2C200&ssl=1","width":350,"height":200,"srcset":"https:\/\/i0.wp.com\/www.wallendorff.com\/belogue\/wp-content\/uploads\/2015\/04\/20130625.jpg?resize=350%2C200&ssl=1 1x, https:\/\/i0.wp.com\/www.wallendorff.com\/belogue\/wp-content\/uploads\/2015\/04\/20130625.jpg?resize=525%2C300&ssl=1 1.5x, https:\/\/i0.wp.com\/www.wallendorff.com\/belogue\/wp-content\/uploads\/2015\/04\/20130625.jpg?resize=700%2C400&ssl=1 2x"},"classes":[]},{"id":20688,"url":"https:\/\/www.wallendorff.com\/belogue\/2013\/03\/25\/ame-sans-soeur\/","url_meta":{"origin":949,"position":4},"title":"\u00c2me sans s\u0153ur.","author":"dpc","date":"25 mars 2013","format":false,"excerpt":"A\u00e9roport Paris-Charles-de-Gaulle, 8 f\u00e9vrier. All in WhiteThe Vaccines","rel":"","context":"Dans &quot;DPC&quot;","block_context":{"text":"DPC","link":"https:\/\/www.wallendorff.com\/belogue\/category\/dpc\/"},"img":{"alt_text":"","src":"https:\/\/i0.wp.com\/www.wallendorff.com\/belogue\/wp-content\/uploads\/2015\/04\/20130325.jpg?resize=350%2C200&ssl=1","width":350,"height":200,"srcset":"https:\/\/i0.wp.com\/www.wallendorff.com\/belogue\/wp-content\/uploads\/2015\/04\/20130325.jpg?resize=350%2C200&ssl=1 1x, https:\/\/i0.wp.com\/www.wallendorff.com\/belogue\/wp-content\/uploads\/2015\/04\/20130325.jpg?resize=525%2C300&ssl=1 1.5x"},"classes":[]},{"id":1198,"url":"https:\/\/www.wallendorff.com\/belogue\/2008\/04\/06\/kilomtre-3-574\/","url_meta":{"origin":949,"position":5},"title":"Kilom\u00e8tre 3&nbsp;574.","author":"dpc","date":"6 avril 2008","format":false,"excerpt":"Terminal 2E, a\u00e9roport Charles de Gaulle, 4 avril.","rel":"","context":"Dans &quot;DPC&quot;","block_context":{"text":"DPC","link":"https:\/\/www.wallendorff.com\/belogue\/category\/dpc\/"},"img":{"alt_text":"","src":"https:\/\/i0.wp.com\/www.wallendorff.com\/belogue\/wp-content\/uploads\/2015\/04\/200804061.jpg?resize=350%2C200&ssl=1","width":350,"height":200},"classes":[]}],"_links":{"self":[{"href":"https:\/\/www.wallendorff.com\/belogue\/wp-json\/wp\/v2\/posts\/949","targetHints":{"allow":["GET"]}}],"collection":[{"href":"https:\/\/www.wallendorff.com\/belogue\/wp-json\/wp\/v2\/posts"}],"about":[{"href":"https:\/\/www.wallendorff.com\/belogue\/wp-json\/wp\/v2\/types\/post"}],"author":[{"embeddable":true,"href":"https:\/\/www.wallendorff.com\/belogue\/wp-json\/wp\/v2\/users\/1"}],"replies":[{"embeddable":true,"href":"https:\/\/www.wallendorff.com\/belogue\/wp-json\/wp\/v2\/comments?post=949"}],"version-history":[{"count":2,"href":"https:\/\/www.wallendorff.com\/belogue\/wp-json\/wp\/v2\/posts\/949\/revisions"}],"predecessor-version":[{"id":20620,"href":"https:\/\/www.wallendorff.com\/belogue\/wp-json\/wp\/v2\/posts\/949\/revisions\/20620"}],"wp:featuredmedia":[{"embeddable":true,"href":"https:\/\/www.wallendorff.com\/belogue\/wp-json\/wp\/v2\/media\/24882"}],"wp:attachment":[{"href":"https:\/\/www.wallendorff.com\/belogue\/wp-json\/wp\/v2\/media?parent=949"}],"wp:term":[{"taxonomy":"category","embeddable":true,"href":"https:\/\/www.wallendorff.com\/belogue\/wp-json\/wp\/v2\/categories?post=949"},{"taxonomy":"post_tag","embeddable":true,"href":"https:\/\/www.wallendorff.com\/belogue\/wp-json\/wp\/v2\/tags?post=949"}],"curies":[{"name":"wp","href":"https:\/\/api.w.org\/{rel}","templated":true}]}}