{"id":948,"date":"2007-05-10T09:02:38","date_gmt":"2007-05-10T09:02:38","guid":{"rendered":"http:\/\/www.po-l.com\/wordpress\/?p=948"},"modified":"2011-10-26T13:23:45","modified_gmt":"2011-10-26T11:23:45","slug":"195queens-of-the-stone-age-l-elysee-montmartre-paris","status":"publish","type":"post","link":"https:\/\/www.wallendorff.com\/belogue\/2007\/05\/10\/195queens-of-the-stone-age-l-elysee-montmartre-paris\/","title":{"rendered":"[195] Queens of the Stone Age @ l&rsquo;\u00c9lys\u00e9e-Montmartre, Paris."},"content":{"rendered":"\n<div id=\"photo\">\n<p><img decoding=\"async\" src=\"https:\/\/www.wallendorff.com\/belogue\/photo\/2007\/05\/20070510.jpg\" \/><\/p>\n<\/p><\/div>\n<p align=\"right\">H&eacute;h&eacute;h&eacute;, &agrave; 5&nbsp;cm pr&egrave;s, je coupais aussi la main gauche du Josh Homme et apr&egrave;s <a href=\"https:\/\/www.wallendorff.com\/belogue\/2007\/02\/27\/previously-unreleased-52\/\">&ccedil;a<\/a> et <a href=\"https:\/\/www.wallendorff.com\/belogue\/2007\/02\/17\/elista-la-fleche-d-or-paris\/\">&ccedil;a<\/a>, on &eacute;tait parti pour une nouvelle s&eacute;rie de sinistrachirophobie, dis donc. <\/p>\n<div id=\"bandeson\">\n<p><img decoding=\"async\" src=\"https:\/\/www.wallendorff.com\/belogue\/photo\/pochettes\/blank.jpg\" align=\"left\" \/>&nbsp;<a href=\"http:\/\/www.theraconteurs.com\">The Raconteurs<\/a> &ndash; <em>Level<\/em> (live)<\/p>\n<\/div>\n","protected":false},"excerpt":{"rendered":"<p>H&eacute;h&eacute;h&eacute;, &agrave; 5&nbsp;cm pr&egrave;s, je coupais aussi la main gauche du Josh Homme et apr&egrave;s &ccedil;a et &ccedil;a, on &eacute;tait parti pour une nouvelle s&eacute;rie de sinistrachirophobie, dis donc. &nbsp;The Raconteurs &ndash; Level (live)<\/p>\n","protected":false},"author":1,"featured_media":24881,"comment_status":"open","ping_status":"open","sticky":false,"template":"","format":"standard","meta":{"_acf_changed":false,"ngg_post_thumbnail":0,"jetpack_post_was_ever_published":false,"_jetpack_newsletter_access":"","_jetpack_dont_email_post_to_subs":false,"_jetpack_newsletter_tier_id":0,"_jetpack_memberships_contains_paywalled_content":false,"_jetpack_memberships_contains_paid_content":false,"footnotes":"","jetpack_publicize_message":"","jetpack_publicize_feature_enabled":true,"jetpack_social_post_already_shared":false,"jetpack_social_options":{"image_generator_settings":{"template":"highway","default_image_id":0,"font":"","enabled":false},"version":2}},"categories":[7],"tags":[10134,10143,10084,4516,196,132,10120,10121,10276,1992,143,10098,10292,1493],"class_list":["post-948","post","type-post","status-publish","format-standard","has-post-thumbnail","hentry","category-alive","tag-10134","tag-10143","tag-alive","tag-boulevard-rochechouart","tag-ef-28-70-mm-f28l-usm","tag-eos-20d","tag-france","tag-ile-de-france","tag-lelysee-montmartre","tag-level","tag-noir-et-blanc","tag-paris","tag-queens-of-the-stone-age","tag-the-raconteurs"],"acf":[],"geo":{"latitude":48.883007,"longitude":2.3433254,"description":"72 Boulevard de Rochechouart, 75018 Paris, France"},"jetpack_publicize_connections":[],"jetpack_featured_media_url":"https:\/\/www.wallendorff.com\/belogue\/wp-content\/uploads\/2015\/04\/200705101.jpg","jetpack_shortlink":"https:\/\/wp.me\/p3b35P-fi","jetpack_sharing_enabled":true,"jetpack-related-posts":[{"id":861,"url":"https:\/\/www.wallendorff.com\/belogue\/2006\/12\/28\/2006en-2\/","url_meta":{"origin":948,"position":0},"title":"2006 en&#8230; #2.","author":"dpc","date":"28 d\u00e9cembre 2006","format":false,"excerpt":"Muse, les Eurock\u00e9ennes, Belfort, 2 juillet1. Pr\u00e9sentent 2006 en 10 concerts live en public qui meutrirent m\u00e9chant je te dis pas comment Muse @ POP Bercy, Paris, 14 d\u00e9cembre The Raconteurs @ Rock en Seine, Paris, 25 ao\u00fbt Radiohead @ Rock en Seine, Paris, 26 ao\u00fbt Pearl Jam @ POP\u2026","rel":"","context":"Dans &quot;DPC&quot;","block_context":{"text":"DPC","link":"https:\/\/www.wallendorff.com\/belogue\/category\/dpc\/"},"img":{"alt_text":"","src":"https:\/\/i0.wp.com\/www.wallendorff.com\/belogue\/wp-content\/uploads\/2015\/04\/200612281.jpg?resize=350%2C200&ssl=1","width":350,"height":200},"classes":[]},{"id":4294,"url":"https:\/\/www.wallendorff.com\/belogue\/2009\/06\/13\/elmer-food-beat-lelysee-montmartre-paris\/","url_meta":{"origin":948,"position":1},"title":"Elmer Food Beat @ l&rsquo;\u00c9lys\u00e9e-Montmartre, Paris.","author":"dpc","date":"13 juin 2009","format":false,"excerpt":"\u00a0 The Greenhornes \u2013 Can't Stand It (alternate version) \u00c7a, c'est fait.","rel":"","context":"Dans &quot;Alive&quot;","block_context":{"text":"Alive","link":"https:\/\/www.wallendorff.com\/belogue\/category\/alive\/"},"img":{"alt_text":"","src":"https:\/\/i0.wp.com\/www.wallendorff.com\/belogue\/wp-content\/uploads\/2015\/04\/200906131.jpg?resize=350%2C200&ssl=1","width":350,"height":200,"srcset":"https:\/\/i0.wp.com\/www.wallendorff.com\/belogue\/wp-content\/uploads\/2015\/04\/200906131.jpg?resize=350%2C200&ssl=1 1x, https:\/\/i0.wp.com\/www.wallendorff.com\/belogue\/wp-content\/uploads\/2015\/04\/200906131.jpg?resize=525%2C300&ssl=1 1.5x, https:\/\/i0.wp.com\/www.wallendorff.com\/belogue\/wp-content\/uploads\/2015\/04\/200906131.jpg?resize=700%2C400&ssl=1 2x"},"classes":[]},{"id":1102,"url":"https:\/\/www.wallendorff.com\/belogue\/2007\/12\/07\/the-coral-l-lyse-montmartre-paris\/","url_meta":{"origin":948,"position":2},"title":"The Coral @ l&rsquo;\u00c9lys\u00e9e-Montmartre, Paris.","author":"dpc","date":"7 d\u00e9cembre 2007","format":false,"excerpt":"Je vous la fais rapide, parce que j'ai pas le temps\u00a0: Je mets une guitare pour une fois, parce que \u00e7a nous change des pieds. Oui, et \u00e7a nous change aussi du noir et blanc crasseux, oui. Ahah. The Coral est un bien chouette groupe, qui se transforme savamment en\u2026","rel":"","context":"Dans &quot;Alive&quot;","block_context":{"text":"Alive","link":"https:\/\/www.wallendorff.com\/belogue\/category\/alive\/"},"img":{"alt_text":"","src":"https:\/\/i0.wp.com\/www.wallendorff.com\/belogue\/wp-content\/uploads\/2015\/04\/200712071.jpg?resize=350%2C200&ssl=1","width":350,"height":200,"srcset":"https:\/\/i0.wp.com\/www.wallendorff.com\/belogue\/wp-content\/uploads\/2015\/04\/200712071.jpg?resize=350%2C200&ssl=1 1x, https:\/\/i0.wp.com\/www.wallendorff.com\/belogue\/wp-content\/uploads\/2015\/04\/200712071.jpg?resize=525%2C300&ssl=1 1.5x"},"classes":[]},{"id":7547,"url":"https:\/\/www.wallendorff.com\/belogue\/2010\/05\/17\/unkle-lelysee-montmartre-paris\/","url_meta":{"origin":948,"position":3},"title":"UNKLE @ l&rsquo;\u00c9lys\u00e9e-Montmartre, Paris.","author":"dpc","date":"17 mai 2010","format":false,"excerpt":"\u00a0Holy Fuck \u2013 Latin America","rel":"","context":"Dans &quot;Alive&quot;","block_context":{"text":"Alive","link":"https:\/\/www.wallendorff.com\/belogue\/category\/alive\/"},"img":{"alt_text":"","src":"https:\/\/i0.wp.com\/www.wallendorff.com\/belogue\/wp-content\/uploads\/2015\/04\/20100517-011.jpg?resize=350%2C200&ssl=1","width":350,"height":200,"srcset":"https:\/\/i0.wp.com\/www.wallendorff.com\/belogue\/wp-content\/uploads\/2015\/04\/20100517-011.jpg?resize=350%2C200&ssl=1 1x, https:\/\/i0.wp.com\/www.wallendorff.com\/belogue\/wp-content\/uploads\/2015\/04\/20100517-011.jpg?resize=525%2C300&ssl=1 1.5x, https:\/\/i0.wp.com\/www.wallendorff.com\/belogue\/wp-content\/uploads\/2015\/04\/20100517-011.jpg?resize=700%2C400&ssl=1 2x"},"classes":[]},{"id":3651,"url":"https:\/\/www.wallendorff.com\/belogue\/2008\/12\/05\/julien-dore-lelysee-montmartre-paris-4-decembre\/","url_meta":{"origin":948,"position":4},"title":"Julien Dor\u00e9 @ l&rsquo;\u00c9lys\u00e9e-Montmartre, Paris.","author":"dpc","date":"5 d\u00e9cembre 2008","format":false,"excerpt":"Vivent les attach\u00e9es de presse, les spots, les \u00e9clairagistes, le format brut, les photos au 1\u00a0600e et euh... Radiohead. Radiohead \u2013 Electioneering","rel":"","context":"Dans &quot;Alive&quot;","block_context":{"text":"Alive","link":"https:\/\/www.wallendorff.com\/belogue\/category\/alive\/"},"img":{"alt_text":"","src":"https:\/\/i0.wp.com\/www.wallendorff.com\/belogue\/wp-content\/uploads\/2015\/04\/200812051.jpg?resize=350%2C200&ssl=1","width":350,"height":200,"srcset":"https:\/\/i0.wp.com\/www.wallendorff.com\/belogue\/wp-content\/uploads\/2015\/04\/200812051.jpg?resize=350%2C200&ssl=1 1x, https:\/\/i0.wp.com\/www.wallendorff.com\/belogue\/wp-content\/uploads\/2015\/04\/200812051.jpg?resize=525%2C300&ssl=1 1.5x, https:\/\/i0.wp.com\/www.wallendorff.com\/belogue\/wp-content\/uploads\/2015\/04\/200812051.jpg?resize=700%2C400&ssl=1 2x"},"classes":[]},{"id":974,"url":"https:\/\/www.wallendorff.com\/belogue\/2007\/06\/13\/mademoiselle-k-l-elysee-montmartre-paris\/","url_meta":{"origin":948,"position":5},"title":"Mademoiselle K @ l&rsquo;\u00c9lys\u00e9e-Montmartre, Paris.","author":"dpc","date":"13 juin 2007","format":false,"excerpt":"\u00catre rock en 2007, c'est renier le cornichon pour soutenir la betterave. \u00a0Flogging Molly \u2013 Devil's Dance Floor (acoustic)","rel":"","context":"Dans &quot;Alive&quot;","block_context":{"text":"Alive","link":"https:\/\/www.wallendorff.com\/belogue\/category\/alive\/"},"img":{"alt_text":"","src":"https:\/\/i0.wp.com\/www.wallendorff.com\/belogue\/wp-content\/uploads\/2015\/04\/200706131.jpg?resize=350%2C200&ssl=1","width":350,"height":200,"srcset":"https:\/\/i0.wp.com\/www.wallendorff.com\/belogue\/wp-content\/uploads\/2015\/04\/200706131.jpg?resize=350%2C200&ssl=1 1x, https:\/\/i0.wp.com\/www.wallendorff.com\/belogue\/wp-content\/uploads\/2015\/04\/200706131.jpg?resize=525%2C300&ssl=1 1.5x, https:\/\/i0.wp.com\/www.wallendorff.com\/belogue\/wp-content\/uploads\/2015\/04\/200706131.jpg?resize=700%2C400&ssl=1 2x"},"classes":[]}],"_links":{"self":[{"href":"https:\/\/www.wallendorff.com\/belogue\/wp-json\/wp\/v2\/posts\/948","targetHints":{"allow":["GET"]}}],"collection":[{"href":"https:\/\/www.wallendorff.com\/belogue\/wp-json\/wp\/v2\/posts"}],"about":[{"href":"https:\/\/www.wallendorff.com\/belogue\/wp-json\/wp\/v2\/types\/post"}],"author":[{"embeddable":true,"href":"https:\/\/www.wallendorff.com\/belogue\/wp-json\/wp\/v2\/users\/1"}],"replies":[{"embeddable":true,"href":"https:\/\/www.wallendorff.com\/belogue\/wp-json\/wp\/v2\/comments?post=948"}],"version-history":[{"count":1,"href":"https:\/\/www.wallendorff.com\/belogue\/wp-json\/wp\/v2\/posts\/948\/revisions"}],"predecessor-version":[{"id":14076,"href":"https:\/\/www.wallendorff.com\/belogue\/wp-json\/wp\/v2\/posts\/948\/revisions\/14076"}],"wp:featuredmedia":[{"embeddable":true,"href":"https:\/\/www.wallendorff.com\/belogue\/wp-json\/wp\/v2\/media\/24881"}],"wp:attachment":[{"href":"https:\/\/www.wallendorff.com\/belogue\/wp-json\/wp\/v2\/media?parent=948"}],"wp:term":[{"taxonomy":"category","embeddable":true,"href":"https:\/\/www.wallendorff.com\/belogue\/wp-json\/wp\/v2\/categories?post=948"},{"taxonomy":"post_tag","embeddable":true,"href":"https:\/\/www.wallendorff.com\/belogue\/wp-json\/wp\/v2\/tags?post=948"}],"curies":[{"name":"wp","href":"https:\/\/api.w.org\/{rel}","templated":true}]}}