{"id":947,"date":"2007-05-09T08:44:50","date_gmt":"2007-05-09T08:44:50","guid":{"rendered":"http:\/\/www.po-l.com\/wordpress\/?p=947"},"modified":"2012-03-03T12:36:09","modified_gmt":"2012-03-03T10:36:09","slug":"space-mot-keys-8","status":"publish","type":"post","link":"https:\/\/www.wallendorff.com\/belogue\/2007\/05\/09\/space-mot-keys-8\/","title":{"rendered":"Space mot-keys #8."},"content":{"rendered":"<div id=\"photo\">\n<p><img decoding=\"async\" src=\"https:\/\/www.wallendorff.com\/belogue\/images\/etoile_blanche.jpg\"><\/p>\n<\/div>\n<p style=\"text-align:center\"><span class=\"petit\"><img decoding=\"async\" src=\"https:\/\/www.wallendorff.com\/belogue\/photo\/2006\/10\/gougle.gif\" align=\"middle\"\/> ize proude tou pr&eacute;sente <\/span><\/p>\n<p style=\"text-align:center\"><img decoding=\"async\" src=\"https:\/\/www.wallendorff.com\/belogue\/photo\/2006\/10\/mots-cles.gif\" \/><\/p>\n<h1>Le choc&nbsp;: Bataille of the Belges <\/h1>\n<ul>\n<li><img decoding=\"async\" src=\"https:\/\/www.wallendorff.com\/belogue\/photo\/2007\/05\/spm\/01.gif\" \/>&nbsp;12<\/li>\n<li><img decoding=\"async\" src=\"https:\/\/www.wallendorff.com\/belogue\/photo\/2007\/05\/spm\/02.gif\" \/>&nbsp;&nbsp;&nbsp;1<\/li>\n<\/ul>\n<p>Les sondages le confirment, laisser sa brayette ouverte devant le Point &Eacute;ph&eacute;m&egrave;re tout entier fait fuir ses cyber-fans. Didier Wampas est pr&eacute;venu.<\/p>\n<h1>La courteliste&nbsp;: <\/h1>\n<ul>\n<li><img decoding=\"async\" src=\"https:\/\/www.wallendorff.com\/belogue\/photo\/2007\/05\/spm\/03.gif\" \/><br \/>\n    Allez, allez, allez [pas besoin de me prier].<br \/>\n    &nbsp; <\/li>\n<li><img decoding=\"async\" src=\"https:\/\/www.wallendorff.com\/belogue\/photo\/2007\/05\/spm\/04.gif\" \/><br \/>\n    Merci, merci. Ton ch&egrave;que part demain.<br \/>\n    &nbsp; <\/li>\n<li><img decoding=\"async\" src=\"https:\/\/www.wallendorff.com\/belogue\/photo\/2007\/05\/spm\/05.gif\" \/><br \/>\n    Monsieur a des go&ucirc;ts de luxe, ma foi.<br \/>\n    &nbsp; <\/li>\n<li><img decoding=\"async\" src=\"https:\/\/www.wallendorff.com\/belogue\/photo\/2007\/05\/spm\/06.gif\" \/><br \/>\n    Puisses-tu avoir trouv&eacute; dans les d&eacute;lais et au moindre co&ucirc;t.<\/p>\n<\/li>\n<li><img decoding=\"async\" src=\"https:\/\/www.wallendorff.com\/belogue\/photo\/2007\/05\/spm\/07.gif\" \/><br \/>\n    M&ecirc;me s&rsquo;il s&rsquo;appelle K&eacute;vin&nbsp;?<br \/>\n    &nbsp; <\/li>\n<li><img decoding=\"async\" src=\"https:\/\/www.wallendorff.com\/belogue\/photo\/2007\/05\/spm\/08.gif\" \/><br \/>\n    Non. La rumeur selon laquelle il se serait reconverti dans la p&ecirc;che &agrave; la langoustine depuis l&rsquo;arr&ecirc;t de <a href=\"http:\/\/vox.skynetblogs.be\" target=\"_blank\">Vox<\/a> est totalement infond&eacute;e.<\/p>\n<\/li>\n<li><img decoding=\"async\" src=\"https:\/\/www.wallendorff.com\/belogue\/photo\/2007\/05\/spm\/09.gif\"><br \/>\n    Certes. <\/p>\n<\/li>\n<li><img decoding=\"async\" src=\"https:\/\/www.wallendorff.com\/belogue\/photo\/2007\/05\/spm\/10.gif\" \/><br \/>\n    Fuis.<br \/>\n    &nbsp; <\/li>\n<li><img decoding=\"async\" src=\"https:\/\/www.wallendorff.com\/belogue\/photo\/2007\/05\/spm\/11.gif\" \/><br \/>\n    Moi aussi, j&rsquo;en r&ecirc;ve.<br \/>\n    &nbsp;<\/li>\n<li><img decoding=\"async\" src=\"https:\/\/www.wallendorff.com\/belogue\/photo\/2007\/05\/spm\/12.gif\" \/><br \/>\n    Toutes les r&eacute;ponses &agrave; tes questions et plus encore dans <em>Les expos sur les orchid&eacute;es pour les nuls<\/em>.<br \/>\n    &nbsp; <\/li>\n<li><img decoding=\"async\" src=\"https:\/\/www.wallendorff.com\/belogue\/photo\/2007\/05\/spm\/13.gif\" \/><br \/>\n    Je commence&nbsp;: Corona &ndash; <em>The Rythm Of The Night<\/em>. \u00c0 toi.<br \/>\n    &nbsp; <\/li>\n<li><img decoding=\"async\" src=\"https:\/\/www.wallendorff.com\/belogue\/photo\/2007\/05\/spm\/15.gif\" \/><br \/>\n    Surveillez votre langage, jeune homme.<\/p>\n<\/li>\n<li><img decoding=\"async\" src=\"https:\/\/www.wallendorff.com\/belogue\/photo\/2007\/05\/spm\/16.gif\" \/><br \/>\n    On r&ecirc;ve tous d&rsquo;un r&eacute;conciliation &eacute;ternelle belgo-n&eacute;erlandaise, oui.<\/p>\n<\/li>\n<li><img decoding=\"async\" src=\"https:\/\/www.wallendorff.com\/belogue\/photo\/2007\/05\/spm\/17.gif\" \/><br \/>\n    Seulement quand elle ne s&rsquo;est pas lav&eacute;e depuis 4 jours, comme tout le monde.<\/p>\n<\/li>\n<li><img decoding=\"async\" src=\"https:\/\/www.wallendorff.com\/belogue\/photo\/2007\/05\/spm\/18.gif\" \/><br \/>\n    Se vend moins bien que la Jup&rsquo;.<\/p>\n<\/li>\n<li><img decoding=\"async\" src=\"https:\/\/www.wallendorff.com\/belogue\/photo\/2007\/05\/spm\/19.gif\" \/><br \/>\n    Uhuhu, un O tout en couleur joue &agrave; cache-cache avec ton E chamarr&eacute;&nbsp;!<\/p>\n<\/li>\n<li><img decoding=\"async\" src=\"https:\/\/www.wallendorff.com\/belogue\/photo\/2007\/05\/spm\/21.gif\" \/><br \/>\n    Raboule ton adresse, il faut que je t&rsquo;apporte une pizza.<\/p>\n<\/li>\n<li><img decoding=\"async\" src=\"https:\/\/www.wallendorff.com\/belogue\/photo\/2007\/05\/spm\/22.gif\" \/><br \/>\n    L&rsquo;hermite&nbsp;?<\/p>\n<\/li>\n<li><img decoding=\"async\" src=\"https:\/\/www.wallendorff.com\/belogue\/photo\/2007\/05\/spm\/23.gif\" \/><br \/>\n    Lala voil&agrave; du bon fromage.<\/p>\n<\/li>\n<li><img decoding=\"async\" src=\"https:\/\/www.wallendorff.com\/belogue\/photo\/2007\/05\/spm\/24.gif\" \/><br \/>\n    L&agrave; pardon mais la&ucirc;le, comme disent les jeunes.<\/p>\n<\/li>\n<li><img decoding=\"async\" src=\"https:\/\/www.wallendorff.com\/belogue\/photo\/2007\/05\/spm\/25.gif\" \/><br \/>\n    Tu es assis sur un chat mort.<\/p>\n<\/li>\n<li><img decoding=\"async\" src=\"https:\/\/www.wallendorff.com\/belogue\/photo\/2007\/05\/spm\/26.gif\" \/><br \/>\n    Tout doux, tout doux, tout doux.\n  <\/li>\n<\/ul>\n","protected":false},"excerpt":{"rendered":"<p>ize proude tou pr&eacute;sente Le choc&nbsp;: Bataille of the Belges &nbsp;12 &nbsp;&nbsp;&nbsp;1 Les sondages le confirment, laisser sa brayette ouverte devant le Point &Eacute;ph&eacute;m&egrave;re tout entier fait fuir ses cyber-fans. Didier Wampas est pr&eacute;venu. La courteliste&nbsp;: Allez, allez, allez [pas besoin de me prier]. &nbsp; Merci, merci. Ton ch&egrave;que part demain. &nbsp; Monsieur a des&hellip;<\/p>\n","protected":false},"author":1,"featured_media":24880,"comment_status":"open","ping_status":"open","sticky":false,"template":"","format":"standard","meta":{"_acf_changed":false,"ngg_post_thumbnail":0,"jetpack_post_was_ever_published":false,"_jetpack_newsletter_access":"","_jetpack_dont_email_post_to_subs":false,"_jetpack_newsletter_tier_id":0,"_jetpack_memberships_contains_paywalled_content":false,"_jetpack_memberships_contains_paid_content":false,"footnotes":"","jetpack_publicize_message":"","jetpack_publicize_feature_enabled":true,"jetpack_social_post_already_shared":false,"jetpack_social_options":{"image_generator_settings":{"template":"highway","default_image_id":0,"font":"","enabled":false},"version":2}},"categories":[12],"tags":[],"class_list":["post-947","post","type-post","status-publish","format-standard","has-post-thumbnail","hentry","category-space-mots-keys"],"acf":[],"geo":null,"jetpack_publicize_connections":[],"jetpack_featured_media_url":"https:\/\/www.wallendorff.com\/belogue\/wp-content\/uploads\/2015\/04\/gougle35.gif","jetpack_shortlink":"https:\/\/wp.me\/p3b35P-fh","jetpack_sharing_enabled":true,"jetpack-related-posts":[{"id":22977,"url":"https:\/\/www.wallendorff.com\/belogue\/2014\/06\/17\/dix-ans-de-lol\/","url_meta":{"origin":947,"position":0},"title":"Dix ans de lol.","author":"dpc","date":"17 juin 2014","format":false,"excerpt":"Dix ans de Space mots-keys. Aaaah, les Space mots-keys, cette cat\u00e9gorie sp\u00e9ciale mots-clefs dont le titre \u00e9tait un jeu de mot pourri sur le titre d'un morceau de Placebo que tout le monde a oubli\u00e9 et qui, en 28 \u00e9pisodes publi\u00e9s entre octobre 2006 et d\u00e9cembre 2008, constitue une compilation\u2026","rel":"","context":"Dans &quot;DPC&quot;","block_context":{"text":"DPC","link":"https:\/\/www.wallendorff.com\/belogue\/category\/dpc\/"},"img":{"alt_text":"","src":"","width":0,"height":0},"classes":[]},{"id":331,"url":"https:\/\/www.wallendorff.com\/belogue\/2005\/06\/29\/beates-risses-d-halle\/","url_meta":{"origin":947,"position":1},"title":"B&eacute;ates risses&sup1; d&rsquo;halle.","author":"dpc","date":"29 juin 2005","format":false,"excerpt":"\u00c9glise St-\u00c9tienne2, St-\u00c9tienne3, 25 juin. \"We are waiting For the summer The sun will bring back Treasures for us\" \/Edit\u00a0: Je viens de r\u00e9aliser que le h de \"halle\" est aspir\u00e9. Une telle erreur de ma part est impardonnable. Je me flagellerai ce soir \u00e0 grands coups d'orties urticantes. _______\u2026","rel":"","context":"Dans &quot;DPC&quot;","block_context":{"text":"DPC","link":"https:\/\/www.wallendorff.com\/belogue\/category\/dpc\/"},"img":{"alt_text":"","src":"https:\/\/i0.wp.com\/www.wallendorff.com\/belogue\/wp-content\/uploads\/2015\/04\/200506291.jpg?resize=350%2C200&ssl=1","width":350,"height":200},"classes":[]},{"id":263,"url":"https:\/\/www.wallendorff.com\/belogue\/2005\/11\/24\/art-work-3\/","url_meta":{"origin":947,"position":2},"title":"Art[@]work #3.","author":"dpc","date":"24 novembre 2005","format":false,"excerpt":"\u00ab\u00a0Cath\u00e9drale St-\u00c9tienne1 de Metz\u00a0\u00bb (2005) - Sculpture en une touillette polypropyl\u00e8ne non ench\u00e2ss\u00e9e \u00e0 la main, pr\u00e9sent\u00e9e ici avec l'aimable autorisation du MAPM (Mus\u00e9e d'Art en Plastique Moderne) des Hauts-de-Seine. \u00ab\u00a0St-\u00c9tienne2 de Metz\u00a0\u00bb, \u0153uvre finale de l\u2019artiste dans sa recherche de la forme parfaite, est le summum de l\u2019expression plastique\u2026","rel":"","context":"Dans &quot;DPC&quot;","block_context":{"text":"DPC","link":"https:\/\/www.wallendorff.com\/belogue\/category\/dpc\/"},"img":{"alt_text":"","src":"https:\/\/i0.wp.com\/www.wallendorff.com\/belogue\/wp-content\/uploads\/2015\/04\/200511241.jpg?resize=350%2C200&ssl=1","width":350,"height":200,"srcset":"https:\/\/i0.wp.com\/www.wallendorff.com\/belogue\/wp-content\/uploads\/2015\/04\/200511241.jpg?resize=350%2C200&ssl=1 1x, https:\/\/i0.wp.com\/www.wallendorff.com\/belogue\/wp-content\/uploads\/2015\/04\/200511241.jpg?resize=525%2C300&ssl=1 1.5x"},"classes":[]},{"id":23784,"url":"https:\/\/www.wallendorff.com\/belogue\/2015\/01\/12\/allez\/","url_meta":{"origin":947,"position":3},"title":"Allez.","author":"dpc","date":"12 janvier 2015","format":false,"excerpt":"Traunergassl, D\u00fcrnstein, 13 septembre 2014. On va faire comme il y a dix ans et dire que 2015 ne commence qu'aujourd'hui, tiens. Et de vous la souhaiter bonne. \u00c0 nouveau. There Is a Light That Never Goes Out Noel Gallagher","rel":"","context":"Dans &quot;DPC&quot;","block_context":{"text":"DPC","link":"https:\/\/www.wallendorff.com\/belogue\/category\/dpc\/"},"img":{"alt_text":"","src":"https:\/\/i0.wp.com\/www.wallendorff.com\/belogue\/wp-content\/uploads\/2015\/04\/201501121.jpg?resize=350%2C200&ssl=1","width":350,"height":200,"srcset":"https:\/\/i0.wp.com\/www.wallendorff.com\/belogue\/wp-content\/uploads\/2015\/04\/201501121.jpg?resize=350%2C200&ssl=1 1x, https:\/\/i0.wp.com\/www.wallendorff.com\/belogue\/wp-content\/uploads\/2015\/04\/201501121.jpg?resize=525%2C300&ssl=1 1.5x, https:\/\/i0.wp.com\/www.wallendorff.com\/belogue\/wp-content\/uploads\/2015\/04\/201501121.jpg?resize=700%2C400&ssl=1 2x"},"classes":[]},{"id":270,"url":"https:\/\/www.wallendorff.com\/belogue\/2005\/11\/15\/cinq-t-tiennent\/","url_meta":{"origin":947,"position":4},"title":"Cinq T tiennent&sup1;.","author":"dpc","date":"15 novembre 2005","format":false,"excerpt":"Rue Commines, Paris, 6 novembre. Et vous pouvez compter, y en a 5, des trucs en T. C'est troublant, quand m\u00eame. Genre au moment de prendre la photo, mon inconscient \u00e9tait d\u00e9j\u00e0 conscient du jeu de mots que je trouverais seul 9 jours plus tard pour le titre. Y a\u2026","rel":"","context":"Dans &quot;DPC&quot;","block_context":{"text":"DPC","link":"https:\/\/www.wallendorff.com\/belogue\/category\/dpc\/"},"img":{"alt_text":"","src":"https:\/\/i0.wp.com\/www.wallendorff.com\/belogue\/wp-content\/uploads\/2015\/04\/200511151.jpg?resize=350%2C200&ssl=1","width":350,"height":200},"classes":[]},{"id":330,"url":"https:\/\/www.wallendorff.com\/belogue\/2005\/06\/30\/un-dieu-croit-mikado-n-a-d-l-emoi\/","url_meta":{"origin":947,"position":5},"title":"Un, dieu, croit [mikado n&rsquo;a d&rsquo;l&rsquo;&eacute;moi].","author":"dpc","date":"30 juin 2005","format":false,"excerpt":"\u00c9glise St-\u00c9tienne1, St-\u00c9tienne2, 25 juin. Pure FM\u00a0sera\u00a0\u00e0 Werchter3 \u00e0 partir d'aujourd'hui et pour les 4 jours du festival. Au programme, concerts en direct, interviouves et surtout, surtout, beaucoup de rigolade joviale4. \u00a0Un truc inratable que je vais rater parce que dans ma bo\u00eete, on a pas de lecteur vindoz multim\u00e9dia\u2026","rel":"","context":"Dans &quot;DPC&quot;","block_context":{"text":"DPC","link":"https:\/\/www.wallendorff.com\/belogue\/category\/dpc\/"},"img":{"alt_text":"","src":"https:\/\/i0.wp.com\/www.wallendorff.com\/belogue\/wp-content\/uploads\/2015\/04\/200506301.jpg?resize=350%2C200&ssl=1","width":350,"height":200},"classes":[]}],"_links":{"self":[{"href":"https:\/\/www.wallendorff.com\/belogue\/wp-json\/wp\/v2\/posts\/947","targetHints":{"allow":["GET"]}}],"collection":[{"href":"https:\/\/www.wallendorff.com\/belogue\/wp-json\/wp\/v2\/posts"}],"about":[{"href":"https:\/\/www.wallendorff.com\/belogue\/wp-json\/wp\/v2\/types\/post"}],"author":[{"embeddable":true,"href":"https:\/\/www.wallendorff.com\/belogue\/wp-json\/wp\/v2\/users\/1"}],"replies":[{"embeddable":true,"href":"https:\/\/www.wallendorff.com\/belogue\/wp-json\/wp\/v2\/comments?post=947"}],"version-history":[{"count":2,"href":"https:\/\/www.wallendorff.com\/belogue\/wp-json\/wp\/v2\/posts\/947\/revisions"}],"predecessor-version":[{"id":16199,"href":"https:\/\/www.wallendorff.com\/belogue\/wp-json\/wp\/v2\/posts\/947\/revisions\/16199"}],"wp:featuredmedia":[{"embeddable":true,"href":"https:\/\/www.wallendorff.com\/belogue\/wp-json\/wp\/v2\/media\/24880"}],"wp:attachment":[{"href":"https:\/\/www.wallendorff.com\/belogue\/wp-json\/wp\/v2\/media?parent=947"}],"wp:term":[{"taxonomy":"category","embeddable":true,"href":"https:\/\/www.wallendorff.com\/belogue\/wp-json\/wp\/v2\/categories?post=947"},{"taxonomy":"post_tag","embeddable":true,"href":"https:\/\/www.wallendorff.com\/belogue\/wp-json\/wp\/v2\/tags?post=947"}],"curies":[{"name":"wp","href":"https:\/\/api.w.org\/{rel}","templated":true}]}}