{"id":9440,"date":"2010-09-23T10:54:34","date_gmt":"2010-09-23T08:54:34","guid":{"rendered":"http:\/\/www.po-l.com\/belogue\/?p=9440"},"modified":"2012-01-10T12:01:48","modified_gmt":"2012-01-10T10:01:48","slug":"pas-homeless-sans-scasser-dchez-eux","status":"publish","type":"post","link":"https:\/\/www.wallendorff.com\/belogue\/2010\/09\/23\/pas-homeless-sans-scasser-dchez-eux\/","title":{"rendered":"Pas homeless [sans s&rsquo;casser d&rsquo;chez eux.]"},"content":{"rendered":"\n<div id=\"photo\">\n<p><img decoding=\"async\" src=\"https:\/\/www.wallendorff.com\/belogue\/photo\/2010\/09\/20100923.jpg\" \/><br \/>\nManoir de Kergu&eacute;nol&eacute;, Locronan, 24 juillet.<\/p>\n<\/p><\/div>\n<p>Dans la s&eacute;rie ma vie est trop folle, j&rsquo;ai pu voir hier un groupe &#8213;&nbsp;The Good Ones en premi&egrave;re partie des Band of Skulls &agrave; la Fl&egrave;che d&rsquo;Or&nbsp;&#8213; reprendre un morceau des White Stripes qui N&rsquo;&Eacute;TAIT PAS <em>Seven Nation Army<\/em>, un truc que je savais m&ecirc;me pas que &ccedil;a pouvait arriver.<\/p>\n<p>D&rsquo;ailleurs en parlant de Band of Skulls, le pr&eacute;fixe <em>Band of<\/em> est super &agrave; la mode cette ann&eacute;e, presque autant que <em>Black<\/em> en son temps et <em>The<\/em> y a longtemps, mais un peu plus que le <em>Pony<\/em> d&rsquo;il y a 2-3 ans, et je comprends pas pourquoi personne ne monte  The Black Band of Ponys pour plaire &agrave; tout le monde.<\/p>\n<p align=\"right\">Ah et sinon j&rsquo;ai conscience que nous sommes depuis 17 jours sur le 24 juillet et que oui &ccedil;a commence &agrave; faire tr&egrave;s long comme journ&eacute;e, pardon, d&eacute;sol&eacute;.<\/p>\n<div id=\"bandeson\">\n<p><img decoding=\"async\" src=\"https:\/\/www.wallendorff.com\/belogue\/photo\/pochettes\/i\/iron_and_wine-the_shepherds_dog.jpg\" align=\"left\" \/>&nbsp;<a href=\"http:\/\/www.ironandwine.com\/\">Iron and Wine<\/a> &ndash; <em>Boy with a Coin<\/em><\/p>\n<\/p><\/div>\n","protected":false},"excerpt":{"rendered":"<p>Manoir de Kergu&eacute;nol&eacute;, Locronan, 24 juillet. Dans la s&eacute;rie ma vie est trop folle, j&rsquo;ai pu voir hier un groupe &#8213;&nbsp;The Good Ones en premi&egrave;re partie des Band of Skulls &agrave; la Fl&egrave;che d&rsquo;Or&nbsp;&#8213; reprendre un morceau des White Stripes qui N&rsquo;&Eacute;TAIT PAS Seven Nation Army, un truc que je savais m&ecirc;me pas que &ccedil;a&hellip;<\/p>\n","protected":false},"author":1,"featured_media":25909,"comment_status":"open","ping_status":"open","sticky":false,"template":"","format":"standard","meta":{"_acf_changed":false,"ngg_post_thumbnail":0,"jetpack_post_was_ever_published":false,"_jetpack_newsletter_access":"","_jetpack_dont_email_post_to_subs":false,"_jetpack_newsletter_tier_id":0,"_jetpack_memberships_contains_paywalled_content":false,"_jetpack_memberships_contains_paid_content":false,"footnotes":"","jetpack_publicize_message":"","jetpack_publicize_feature_enabled":true,"jetpack_social_post_already_shared":false,"jetpack_social_options":{"image_generator_settings":{"template":"highway","default_image_id":0,"font":"","enabled":false},"version":2}},"categories":[3],"tags":[10345,10653,10791,4188,1438,2615,10633,4189,4157,10120,4251,10619,4225,10485,4250,4249,4252,848],"class_list":["post-9440","post","type-post","status-publish","format-standard","has-post-thumbnail","hentry","category-dpc","tag-arbre","tag-band-of-skulls","tag-bretagne","tag-campagne","tag-ef-50-mm-f14-usm","tag-eos-5d-mark-ii","tag-chateau","tag-chemin","tag-finistere","tag-france","tag-iron-and-wine","tag-jardin","tag-locronan","tag-maison","tag-manoir","tag-manoir-de-kerguenole","tag-the-boy-with-a-coin","tag-the-good-ones"],"acf":[],"geo":{"latitude":48.095562,"longitude":-4.2072811,"description":"Manoir de Kergu\u00e9nol\u00e9, 29180 Locronan, France"},"jetpack_publicize_connections":[],"jetpack_featured_media_url":"https:\/\/www.wallendorff.com\/belogue\/wp-content\/uploads\/2015\/04\/201009231.jpg","jetpack_shortlink":"https:\/\/wp.me\/p3b35P-2sg","jetpack_sharing_enabled":true,"jetpack-related-posts":[{"id":6338,"url":"https:\/\/www.wallendorff.com\/belogue\/2010\/01\/23\/band-of-skulls-the-parlotones-la-fleche-dor-paris-21-janvier\/","url_meta":{"origin":9440,"position":0},"title":"Band of Skulls + The Parlotones @ la Fl\u00e8che d&rsquo;Or, Paris, 21 janvier.","author":"dpc","date":"23 janvier 2010","format":false,"excerpt":"\u00a0Band of Skulls \u2013 I Know What I Am Et notre premier groupe tout neuf de l'ann\u00e9e est donc un trio d'Anglais barr\u00e9s et chevelus qui savent retourner une salle comme il faut, m\u00eame quand elle est un peu d\u00e9peupl\u00e9e. Premi\u00e8re exp\u00e9rience convaincante, grave, on attend vite la suite avec\u2026","rel":"","context":"Dans &quot;Alive&quot;","block_context":{"text":"Alive","link":"https:\/\/www.wallendorff.com\/belogue\/category\/alive\/"},"img":{"alt_text":"","src":"https:\/\/i0.wp.com\/www.wallendorff.com\/belogue\/wp-content\/uploads\/2015\/04\/201001231.jpg?resize=350%2C200&ssl=1","width":350,"height":200,"srcset":"https:\/\/i0.wp.com\/www.wallendorff.com\/belogue\/wp-content\/uploads\/2015\/04\/201001231.jpg?resize=350%2C200&ssl=1 1x, https:\/\/i0.wp.com\/www.wallendorff.com\/belogue\/wp-content\/uploads\/2015\/04\/201001231.jpg?resize=525%2C300&ssl=1 1.5x, https:\/\/i0.wp.com\/www.wallendorff.com\/belogue\/wp-content\/uploads\/2015\/04\/201001231.jpg?resize=700%2C400&ssl=1 2x"},"classes":[]},{"id":13557,"url":"https:\/\/www.wallendorff.com\/belogue\/2011\/10\/19\/band-of-skulls-la-maroquinerie-paris\/","url_meta":{"origin":9440,"position":1},"title":"Band of Skulls @ la Maroquinerie, Paris.","author":"dpc","date":"19 octobre 2011","format":false,"excerpt":"Sweet Sour (?) | Lies (?) | Patterns | Fires | Bruises (?) | The Devil Takes Care of His Own | Cold Fame | Blood | Bomb | You're Not Pretty (?) | Light of the Morning | Death by Diamonds and Pearls | I Know What I Am\u2026","rel":"","context":"Dans &quot;Alive&quot;","block_context":{"text":"Alive","link":"https:\/\/www.wallendorff.com\/belogue\/category\/alive\/"},"img":{"alt_text":"","src":"https:\/\/i0.wp.com\/www.wallendorff.com\/belogue\/wp-content\/uploads\/2015\/04\/201110191.jpg?resize=350%2C200&ssl=1","width":350,"height":200,"srcset":"https:\/\/i0.wp.com\/www.wallendorff.com\/belogue\/wp-content\/uploads\/2015\/04\/201110191.jpg?resize=350%2C200&ssl=1 1x, https:\/\/i0.wp.com\/www.wallendorff.com\/belogue\/wp-content\/uploads\/2015\/04\/201110191.jpg?resize=525%2C300&ssl=1 1.5x, https:\/\/i0.wp.com\/www.wallendorff.com\/belogue\/wp-content\/uploads\/2015\/04\/201110191.jpg?resize=700%2C400&ssl=1 2x"},"classes":[]},{"id":9208,"url":"https:\/\/www.wallendorff.com\/belogue\/2010\/09\/17\/demain-charette\/","url_meta":{"origin":9440,"position":2},"title":"Demain, charette.","author":"dpc","date":"17 septembre 2010","format":false,"excerpt":"Rue des Charettes, Locronan, 24 juillet. Oui, j'ai honte aussi mais faut comprendre que quand on poste une photo aux airs de pub Clan Campbell, faut assumer jusqu'au bout et l'assortir d'un titre trouv\u00e9 sous l'emprise du liquide en question pour faire plus vrai et surtout montrer \u00e0 nos charmants\u2026","rel":"","context":"Dans &quot;DPC&quot;","block_context":{"text":"DPC","link":"https:\/\/www.wallendorff.com\/belogue\/category\/dpc\/"},"img":{"alt_text":"","src":"https:\/\/i0.wp.com\/www.wallendorff.com\/belogue\/wp-content\/uploads\/2015\/04\/201009171.jpg?resize=350%2C200&ssl=1","width":350,"height":200},"classes":[]},{"id":10889,"url":"https:\/\/www.wallendorff.com\/belogue\/2010\/12\/17\/moine-haut\/","url_meta":{"origin":9440,"position":3},"title":"Moine haut.","author":"dpc","date":"17 d\u00e9cembre 2010","format":false,"excerpt":"\u00c9glise Saint-Ronan, Locronan, 1er novembre. D\u00e8s que je croise un moine je repense \u00e0 l'excellent clip d'Evittorio S\u00e9 dans le Pop 1000 et mon c\u0153ur s'emplit de joie1. Editors \u2013 Papillon (acoustic Studio Brussel) _____ 1 Si l'excellent clip d'Evittorio S\u00e9 dans le Pop 1000 n'a pas le m\u00eame effet\u2026","rel":"","context":"Dans &quot;DPC&quot;","block_context":{"text":"DPC","link":"https:\/\/www.wallendorff.com\/belogue\/category\/dpc\/"},"img":{"alt_text":"","src":"https:\/\/i0.wp.com\/www.wallendorff.com\/belogue\/wp-content\/uploads\/2015\/04\/201012171.jpg?resize=350%2C200&ssl=1","width":350,"height":200},"classes":[]},{"id":15564,"url":"https:\/\/www.wallendorff.com\/belogue\/2012\/01\/27\/band-of-skulls-stoned-popes-annette-et-mathi-la-fleche-dor-paris\/","url_meta":{"origin":9440,"position":4},"title":"Band of Skulls + Stoned Popes + Annette et Mathi @ la Fl\u00e8che d&rsquo;Or, Paris.","author":"dpc","date":"27 janvier 2012","format":false,"excerpt":"Sweet Sour | Patterns | Fires | The Devil Takes Care of His Own | Bruises | Cold Fame | Lies | Bomb | Blood | You Aren't Pretty But You Got It Going on | Dull Gold Heart | I Know What I Am | Light of the Morning\u2026","rel":"","context":"Dans &quot;Alive&quot;","block_context":{"text":"Alive","link":"https:\/\/www.wallendorff.com\/belogue\/category\/alive\/"},"img":{"alt_text":"","src":"https:\/\/i0.wp.com\/www.wallendorff.com\/belogue\/wp-content\/uploads\/2015\/04\/201201271.jpg?resize=350%2C200&ssl=1","width":350,"height":200,"srcset":"https:\/\/i0.wp.com\/www.wallendorff.com\/belogue\/wp-content\/uploads\/2015\/04\/201201271.jpg?resize=350%2C200&ssl=1 1x, https:\/\/i0.wp.com\/www.wallendorff.com\/belogue\/wp-content\/uploads\/2015\/04\/201201271.jpg?resize=525%2C300&ssl=1 1.5x, https:\/\/i0.wp.com\/www.wallendorff.com\/belogue\/wp-content\/uploads\/2015\/04\/201201271.jpg?resize=700%2C400&ssl=1 2x"},"classes":[]},{"id":9526,"url":"https:\/\/www.wallendorff.com\/belogue\/2010\/09\/24\/petaler-dans-lasse-moule\/","url_meta":{"origin":9440,"position":5},"title":"P\u00e9taler dans lasse moule.","author":"dpc","date":"24 septembre 2010","format":false,"excerpt":"Locronan, 24 juillet. J'ai fait une faute de frappe en tapant un morceau culte des Smiths hier, \u00e7a a donn\u00e9 Panix, et en y r\u00e9fl\u00e9chissant bien \u00e7a ferait un mortel titre de po\u00eame traitant de l'angoisse de l'humain devant la rupture de son dispositif de contraception en latex. [Cette anecdote\u2026","rel":"","context":"Dans &quot;DPC&quot;","block_context":{"text":"DPC","link":"https:\/\/www.wallendorff.com\/belogue\/category\/dpc\/"},"img":{"alt_text":"","src":"https:\/\/i0.wp.com\/www.wallendorff.com\/belogue\/wp-content\/uploads\/2015\/04\/201009241.jpg?resize=350%2C200&ssl=1","width":350,"height":200,"srcset":"https:\/\/i0.wp.com\/www.wallendorff.com\/belogue\/wp-content\/uploads\/2015\/04\/201009241.jpg?resize=350%2C200&ssl=1 1x, https:\/\/i0.wp.com\/www.wallendorff.com\/belogue\/wp-content\/uploads\/2015\/04\/201009241.jpg?resize=525%2C300&ssl=1 1.5x, https:\/\/i0.wp.com\/www.wallendorff.com\/belogue\/wp-content\/uploads\/2015\/04\/201009241.jpg?resize=700%2C400&ssl=1 2x"},"classes":[]}],"_links":{"self":[{"href":"https:\/\/www.wallendorff.com\/belogue\/wp-json\/wp\/v2\/posts\/9440","targetHints":{"allow":["GET"]}}],"collection":[{"href":"https:\/\/www.wallendorff.com\/belogue\/wp-json\/wp\/v2\/posts"}],"about":[{"href":"https:\/\/www.wallendorff.com\/belogue\/wp-json\/wp\/v2\/types\/post"}],"author":[{"embeddable":true,"href":"https:\/\/www.wallendorff.com\/belogue\/wp-json\/wp\/v2\/users\/1"}],"replies":[{"embeddable":true,"href":"https:\/\/www.wallendorff.com\/belogue\/wp-json\/wp\/v2\/comments?post=9440"}],"version-history":[{"count":1,"href":"https:\/\/www.wallendorff.com\/belogue\/wp-json\/wp\/v2\/posts\/9440\/revisions"}],"predecessor-version":[{"id":15291,"href":"https:\/\/www.wallendorff.com\/belogue\/wp-json\/wp\/v2\/posts\/9440\/revisions\/15291"}],"wp:featuredmedia":[{"embeddable":true,"href":"https:\/\/www.wallendorff.com\/belogue\/wp-json\/wp\/v2\/media\/25909"}],"wp:attachment":[{"href":"https:\/\/www.wallendorff.com\/belogue\/wp-json\/wp\/v2\/media?parent=9440"}],"wp:term":[{"taxonomy":"category","embeddable":true,"href":"https:\/\/www.wallendorff.com\/belogue\/wp-json\/wp\/v2\/categories?post=9440"},{"taxonomy":"post_tag","embeddable":true,"href":"https:\/\/www.wallendorff.com\/belogue\/wp-json\/wp\/v2\/tags?post=9440"}],"curies":[{"name":"wp","href":"https:\/\/api.w.org\/{rel}","templated":true}]}}