{"id":944,"date":"2007-05-04T09:48:02","date_gmt":"2007-05-04T09:48:02","guid":{"rendered":"http:\/\/www.po-l.com\/wordpress\/?p=944"},"modified":"2012-03-01T10:49:43","modified_gmt":"2012-03-01T08:49:43","slug":"the-pipettes-le-trabendo-paris","status":"publish","type":"post","link":"https:\/\/www.wallendorff.com\/belogue\/2007\/05\/04\/the-pipettes-le-trabendo-paris\/","title":{"rendered":"The Pipettes @ le Trabendo, Paris."},"content":{"rendered":"\n<div id=\"photo\">\n<p><img decoding=\"async\" src=\"https:\/\/www.wallendorff.com\/belogue\/photo\/2007\/05\/20070504.jpg\" \/><br \/>\n          [Notons au passage que cette photo n&rsquo;est pas floue, ce qui prouve qu&rsquo;une bonne intention, \u00e7a ne peut qu&rsquo;avoir du bon.] <\/p>\n<\/p><\/div>\n<p>Mouvements synchros, robes &agrave; pois assorties et triples sourires en avant, les Pipettes offrent au Trabendo un set majoritairement constitu&eacute; de nouveaux titres, qui sent bon le nouvel album. Si musicalement, le groupe qui les accompagne atteint vite ses limites, le trio de chanteuses assure, se renvoyant la balle du <i>lead vocal<\/i> dans des encha&icirc;nements parfaits et les ondulations de bras qui vont avec. Le concert est aussi r&eacute;tro que l&rsquo;album &#8213; m&ecirc;me la salle est en veste et jean slim &#8213;, il ne manque que les micros RCA pour compl&eacute;ter le tableau. &Ccedil;a danse pour <em>One Night Stand<\/em>, <em>Why Did You Stay?<\/em>, <em>Judy<\/em> et &#8213;&nbsp;avec le doigt en l&rsquo;air&nbsp;&#8213; <em>Your Kisses Are Wasted On Me<\/em>, &ccedil;a tape en ch&oelig;ur des mains sur le <em>Pull Shapes<\/em> final&#8230; <em>We Are The Pipettes<\/em> cl&ocirc;t [rapidement] la soir&eacute;e, les lumi&egrave;re se rallument. On est en quelle ann&eacute;e, d&eacute;j&agrave; ??<\/p>\n<div id=\"bandeson\">\n<p><img decoding=\"async\" src=\"https:\/\/www.wallendorff.com\/belogue\/photo\/pochettes\/p\/pipettes_the-we_are_the_pipettes.jpg\" align=\"left\" \/>&nbsp;<a href=\"http:\/\/www.thepipettes.co.uk\/\">The Pipettes<\/a> &ndash; <em>Pull Shapes<\/em><\/p>\n<\/div>\n","protected":false},"excerpt":{"rendered":"<p>[Notons au passage que cette photo n&rsquo;est pas floue, ce qui prouve qu&rsquo;une bonne intention, \u00e7a ne peut qu&rsquo;avoir du bon.] Mouvements synchros, robes &agrave; pois assorties et triples sourires en avant, les Pipettes offrent au Trabendo un set majoritairement constitu&eacute; de nouveaux titres, qui sent bon le nouvel album. Si musicalement, le groupe qui&hellip;<\/p>\n","protected":false},"author":1,"featured_media":24877,"comment_status":"open","ping_status":"open","sticky":false,"template":"","format":"standard","meta":{"_acf_changed":false,"ngg_post_thumbnail":0,"jetpack_post_was_ever_published":false,"_jetpack_newsletter_access":"","_jetpack_dont_email_post_to_subs":false,"_jetpack_newsletter_tier_id":0,"_jetpack_memberships_contains_paywalled_content":false,"_jetpack_memberships_contains_paid_content":false,"footnotes":"","jetpack_publicize_message":"","jetpack_publicize_feature_enabled":true,"jetpack_social_post_already_shared":false,"jetpack_social_options":{"image_generator_settings":{"template":"highway","default_image_id":0,"font":"","enabled":false},"version":2}},"categories":[7],"tags":[10134,10268,10084,181,132,10120,10121,10361,143,10098,1650],"class_list":["post-944","post","type-post","status-publish","format-standard","has-post-thumbnail","hentry","category-alive","tag-10134","tag-10268","tag-alive","tag-ef-70-200-mm-f28l-usm","tag-eos-20d","tag-france","tag-ile-de-france","tag-le-trabendo","tag-noir-et-blanc","tag-paris","tag-the-pipettes"],"acf":[],"geo":{"latitude":48.8926849,"longitude":2.3939588,"description":"All\u00e9e du Belv\u00e9d\u00e8re, 75019 Paris, France"},"jetpack_publicize_connections":[],"jetpack_featured_media_url":"https:\/\/www.wallendorff.com\/belogue\/wp-content\/uploads\/2015\/04\/200705041.jpg","jetpack_shortlink":"https:\/\/wp.me\/p3b35P-fe","jetpack_sharing_enabled":true,"jetpack-related-posts":[{"id":3649,"url":"https:\/\/www.wallendorff.com\/belogue\/2008\/12\/04\/isobel-campbell-mark-lanegan-le-trabendo-paris\/","url_meta":{"origin":944,"position":0},"title":"Isobel Campbell &#038; Mark Lanegan @ le Trabendo, Paris.","author":"dpc","date":"4 d\u00e9cembre 2008","format":false,"excerpt":"Isobel Campbell & Mark Lanegan \u2013 Ramblin' Man (Hank William cover) Le truc le plus dingue \u00e0 retenir de la soir\u00e9e, \u00e7a reste que le Mark Lanegan, il porte les m\u00eames pompes que moi, ce qui montre bien qu'il est rock en 2008. \u00c0 part \u00e7a ce Trabendo aura \u00e9t\u00e9\u2026","rel":"","context":"Dans &quot;Alive&quot;","block_context":{"text":"Alive","link":"https:\/\/www.wallendorff.com\/belogue\/category\/alive\/"},"img":{"alt_text":"","src":"https:\/\/i0.wp.com\/www.wallendorff.com\/belogue\/wp-content\/uploads\/2015\/04\/200812041.jpg?resize=350%2C200&ssl=1","width":350,"height":200,"srcset":"https:\/\/i0.wp.com\/www.wallendorff.com\/belogue\/wp-content\/uploads\/2015\/04\/200812041.jpg?resize=350%2C200&ssl=1 1x, https:\/\/i0.wp.com\/www.wallendorff.com\/belogue\/wp-content\/uploads\/2015\/04\/200812041.jpg?resize=525%2C300&ssl=1 1.5x, https:\/\/i0.wp.com\/www.wallendorff.com\/belogue\/wp-content\/uploads\/2015\/04\/200812041.jpg?resize=700%2C400&ssl=1 2x"},"classes":[]},{"id":4257,"url":"https:\/\/www.wallendorff.com\/belogue\/2009\/06\/03\/maximo-park-i-heart-hiroshima-le-trabendo-paris\/","url_meta":{"origin":944,"position":1},"title":"Max\u00efmo Park + I Heart Hiroshima @ le Trabendo, Paris.","author":"dpc","date":"3 juin 2009","format":false,"excerpt":"\u00a0White Lies \u2013 To Lose My Life Il faut toujours courir chouter Max\u00efmo Park, parce qu'on est presque s\u00fbr de ressortir de la fosse avec des trucs dans le genre de la photo ci-dessus ou de ces fameuses archives, ici et l\u00e0. Peu importe la salle. \u00c7a marche \u00e0 tous\u2026","rel":"","context":"Dans &quot;Alive&quot;","block_context":{"text":"Alive","link":"https:\/\/www.wallendorff.com\/belogue\/category\/alive\/"},"img":{"alt_text":"","src":"https:\/\/i0.wp.com\/www.wallendorff.com\/belogue\/wp-content\/uploads\/2015\/04\/200906031.jpg?resize=350%2C200&ssl=1","width":350,"height":200,"srcset":"https:\/\/i0.wp.com\/www.wallendorff.com\/belogue\/wp-content\/uploads\/2015\/04\/200906031.jpg?resize=350%2C200&ssl=1 1x, https:\/\/i0.wp.com\/www.wallendorff.com\/belogue\/wp-content\/uploads\/2015\/04\/200906031.jpg?resize=525%2C300&ssl=1 1.5x, https:\/\/i0.wp.com\/www.wallendorff.com\/belogue\/wp-content\/uploads\/2015\/04\/200906031.jpg?resize=700%2C400&ssl=1 2x"},"classes":[]},{"id":212,"url":"https:\/\/www.wallendorff.com\/belogue\/2006\/01\/28\/editors-le-trabendo-paris-27-janvier\/","url_meta":{"origin":944,"position":2},"title":"Editors @ Le Trabendo, Paris, 27 janvier.","author":"dpc","date":"28 janvier 2006","format":false,"excerpt":"Et pour couronner le tout, je ne peux plus mettre \u00e0 jour ma gigography parce qu'il faut que je me tape 53 pages de tableau de bord g\u00e9n\u00e9ral pour aller \u00e9diter mes notes Upcoming shows et Past shows qui datent d'ao\u00fbt 2004. La nouvelle formule ne me pla\u00eet pas. C'est\u2026","rel":"","context":"Dans &quot;Alive&quot;","block_context":{"text":"Alive","link":"https:\/\/www.wallendorff.com\/belogue\/category\/alive\/"},"img":{"alt_text":"","src":"https:\/\/i0.wp.com\/www.wallendorff.com\/belogue\/wp-content\/uploads\/2015\/04\/200601281.jpg?resize=350%2C200&ssl=1","width":350,"height":200},"classes":[]},{"id":20320,"url":"https:\/\/www.wallendorff.com\/belogue\/2007\/10\/20\/hard-fi-le-trabendo-paris\/","url_meta":{"origin":944,"position":3},"title":"Hard-Fi @ le Trabendo, Paris.","author":"dpc","date":"20 octobre 2007","format":false,"excerpt":"Middle Eastern Holiday | I Close My Eyes | Tied Up Too Tight | I Shall Overcome | Can't Get Along | Better Do Better | Television | Suburban Knights | We Need Love | Cash Machine | Hard to Beat || Tonight | Stars of CCTV | Living for\u2026","rel":"","context":"Dans &quot;Alive&quot;","block_context":{"text":"Alive","link":"https:\/\/www.wallendorff.com\/belogue\/category\/alive\/"},"img":{"alt_text":"","src":"https:\/\/i0.wp.com\/www.wallendorff.com\/belogue\/wp-content\/uploads\/2015\/04\/200711103.jpg?resize=350%2C200&ssl=1","width":350,"height":200},"classes":[]},{"id":1186,"url":"https:\/\/www.wallendorff.com\/belogue\/2008\/03\/20\/killerpilze-trabendo-sessions-paris-12-janvier\/","url_meta":{"origin":944,"position":4},"title":"KillerPilze @ Trabendo sessions, Paris, 12 janvier.","author":"dpc","date":"20 mars 2008","format":false,"excerpt":"\u00a0Manic Street Preachers \u2013 Umbrella (Rihanna cover) ou bien1 \u00a0The Dresden Dolls \u2013 Umbrella (Rihanna cover) (live) _____ 1Tout \u00e7a pour dire qu'apr\u00e8s Crazy et Bang Bang, Umbrella est depuis quelque temps la reprise \u00e0 la mode du moment, et qu'un vaste d\u00e9bat sp\u00e9culatif pour savoir qui sera le prochain\u2026","rel":"","context":"Dans &quot;Alive&quot;","block_context":{"text":"Alive","link":"https:\/\/www.wallendorff.com\/belogue\/category\/alive\/"},"img":{"alt_text":"","src":"https:\/\/i0.wp.com\/www.wallendorff.com\/belogue\/wp-content\/uploads\/2015\/04\/200803201.jpg?resize=350%2C200&ssl=1","width":350,"height":200,"srcset":"https:\/\/i0.wp.com\/www.wallendorff.com\/belogue\/wp-content\/uploads\/2015\/04\/200803201.jpg?resize=350%2C200&ssl=1 1x, https:\/\/i0.wp.com\/www.wallendorff.com\/belogue\/wp-content\/uploads\/2015\/04\/200803201.jpg?resize=525%2C300&ssl=1 1.5x, https:\/\/i0.wp.com\/www.wallendorff.com\/belogue\/wp-content\/uploads\/2015\/04\/200803201.jpg?resize=700%2C400&ssl=1 2x"},"classes":[]},{"id":7654,"url":"https:\/\/www.wallendorff.com\/belogue\/2010\/06\/09\/rpa-united-nations-of-sound-le-trabendo-paris\/","url_meta":{"origin":944,"position":5},"title":"RPA &#038; United Nations of Sound @ le Trabendo, Paris.","author":"dpc","date":"9 juin 2010","format":false,"excerpt":"Si vous avez manqu\u00e9 le d\u00e9but\u00a0: apr\u00e8s la troisi\u00e8me d\u00e9bandade de The Verve, quelque part en 2009, le Richard Ashcroft a resurgi en janvier pour annoncer la naissance d'un nouveau projet, baptis\u00e9 United Nation of Sounds, puis l\u00e2cher dans la nature Are You Ready?, un premier titre que je vous\u2026","rel":"","context":"Dans &quot;Alive&quot;","block_context":{"text":"Alive","link":"https:\/\/www.wallendorff.com\/belogue\/category\/alive\/"},"img":{"alt_text":"","src":"https:\/\/i0.wp.com\/www.wallendorff.com\/belogue\/wp-content\/uploads\/2015\/04\/201006091.jpg?resize=350%2C200&ssl=1","width":350,"height":200,"srcset":"https:\/\/i0.wp.com\/www.wallendorff.com\/belogue\/wp-content\/uploads\/2015\/04\/201006091.jpg?resize=350%2C200&ssl=1 1x, https:\/\/i0.wp.com\/www.wallendorff.com\/belogue\/wp-content\/uploads\/2015\/04\/201006091.jpg?resize=525%2C300&ssl=1 1.5x, https:\/\/i0.wp.com\/www.wallendorff.com\/belogue\/wp-content\/uploads\/2015\/04\/201006091.jpg?resize=700%2C400&ssl=1 2x"},"classes":[]}],"_links":{"self":[{"href":"https:\/\/www.wallendorff.com\/belogue\/wp-json\/wp\/v2\/posts\/944","targetHints":{"allow":["GET"]}}],"collection":[{"href":"https:\/\/www.wallendorff.com\/belogue\/wp-json\/wp\/v2\/posts"}],"about":[{"href":"https:\/\/www.wallendorff.com\/belogue\/wp-json\/wp\/v2\/types\/post"}],"author":[{"embeddable":true,"href":"https:\/\/www.wallendorff.com\/belogue\/wp-json\/wp\/v2\/users\/1"}],"replies":[{"embeddable":true,"href":"https:\/\/www.wallendorff.com\/belogue\/wp-json\/wp\/v2\/comments?post=944"}],"version-history":[{"count":2,"href":"https:\/\/www.wallendorff.com\/belogue\/wp-json\/wp\/v2\/posts\/944\/revisions"}],"predecessor-version":[{"id":16145,"href":"https:\/\/www.wallendorff.com\/belogue\/wp-json\/wp\/v2\/posts\/944\/revisions\/16145"}],"wp:featuredmedia":[{"embeddable":true,"href":"https:\/\/www.wallendorff.com\/belogue\/wp-json\/wp\/v2\/media\/24877"}],"wp:attachment":[{"href":"https:\/\/www.wallendorff.com\/belogue\/wp-json\/wp\/v2\/media?parent=944"}],"wp:term":[{"taxonomy":"category","embeddable":true,"href":"https:\/\/www.wallendorff.com\/belogue\/wp-json\/wp\/v2\/categories?post=944"},{"taxonomy":"post_tag","embeddable":true,"href":"https:\/\/www.wallendorff.com\/belogue\/wp-json\/wp\/v2\/tags?post=944"}],"curies":[{"name":"wp","href":"https:\/\/api.w.org\/{rel}","templated":true}]}}