{"id":9435,"date":"2010-09-22T09:56:52","date_gmt":"2010-09-22T07:56:52","guid":{"rendered":"http:\/\/www.po-l.com\/belogue\/?p=9435"},"modified":"2012-07-02T10:33:38","modified_gmt":"2012-07-02T08:33:38","slug":"sad-day-for-puppets-the-yolks-la-boule-noire-paris","status":"publish","type":"post","link":"https:\/\/www.wallendorff.com\/belogue\/2010\/09\/22\/sad-day-for-puppets-the-yolks-la-boule-noire-paris\/","title":{"rendered":"Sad Day for Puppets + The Yolks @ la Boule Noire, Paris."},"content":{"rendered":"\n<div id=\"photo\">\n<p><img decoding=\"async\" src=\"https:\/\/www.wallendorff.com\/belogue\/photo\/2010\/09\/20100922.jpg\" \/><\/p>\n<\/p><\/div>\n<p>Rarement vu passage &agrave; l&rsquo;acte plus d&eacute;cevant. Venu en esp&eacute;rant d&eacute;couvrir Sad Day for Puppets d&eacute;gag&eacute; des nu&eacute;es d&rsquo;&eacute;ther qui baignent leurs deux albums (Cf. bande-son), plus brut, plus direct, je suis tomb&eacute; sur un groupe tout mou, pas aid&eacute; du tout par un son d&eacute;plorable, tentant de sauver les meubles devant une Boule Noire d&eacute;peupl&eacute;e. Anne Eklund, seul point d&rsquo;attention d&eacute;cent de la troupe &#8213;&nbsp;avec le guitariste Marcus Sandgren, bien au point sur son manuel des postures rock et roll&nbsp;&#8213; reste plant&eacute;e au milieu de la sc&egrave;ne, toute intimid&eacute;e, pas loin de se mettre les mains dans les poches. Le son est tellement foireux qu&rsquo;il faut par moment attendre la moiti&eacute; d&rsquo;un morceau pour commencer &agrave; le reconna&icirc;tre. En ajoutant &agrave; &ccedil;a une salle, d&eacute;j&agrave; loin d&rsquo;&ecirc;tre pleine au d&eacute;but, qui se vide graduellement durant le set, d\u00e9motivant le groupe, on obtient une belle soir&eacute;e bien foir&eacute;e, &agrave; oublier vite. Pourtant tout \u00e7a vaut le d&eacute;tour, sur disque au moins. Pour la sc&egrave;ne il faudra repasser. R&eacute;essayer peut-&ecirc;tre, oublier le premier contact. En attendant&#8230; triste jour, oui.<\/p>\n<p style=\"text-align:right\">[Ah et les Yolks font du sous-Naive New Beaters. J&rsquo;aurais jamais cru qu&rsquo;on pourrait faire PIRE que les Naive New Beaters.]<\/p>\n<div id=\"bandeson\">\n<p><img decoding=\"async\" src=\"https:\/\/www.wallendorff.com\/belogue\/photo\/pochettes\/s\/sad_day_for_puppets-pale_silver_and_shiny_gold.jpg\" align=\"left\" \/>&nbsp;<a href=\"http:\/\/www.myspace.com\/saddayforpuppets\">Sad Day for Puppets<\/a> &ndash; <em>Touch<\/em><\/p>\n<\/p><\/div>\n<h1>The Yolks<\/h1>ngg_shortcode_0_placeholder<h2>Sad Day for Puppets<\/h2>ngg_shortcode_1_placeholder","protected":false},"excerpt":{"rendered":"<p>Rarement vu passage &agrave; l&rsquo;acte plus d&eacute;cevant. Venu en esp&eacute;rant d&eacute;couvrir Sad Day for Puppets d&eacute;gag&eacute; des nu&eacute;es d&rsquo;&eacute;ther qui baignent leurs deux albums (Cf. bande-son), plus brut, plus direct, je suis tomb&eacute; sur un groupe tout mou, pas aid&eacute; du tout par un son d&eacute;plorable, tentant de sauver les meubles devant une Boule Noire&hellip;<\/p>\n","protected":false},"author":1,"featured_media":25907,"comment_status":"open","ping_status":"open","sticky":false,"template":"","format":"standard","meta":{"_acf_changed":false,"ngg_post_thumbnail":0,"jetpack_post_was_ever_published":false,"_jetpack_newsletter_access":"","_jetpack_dont_email_post_to_subs":false,"_jetpack_newsletter_tier_id":0,"_jetpack_memberships_contains_paywalled_content":false,"_jetpack_memberships_contains_paid_content":false,"footnotes":"","jetpack_publicize_message":"","jetpack_publicize_feature_enabled":true,"jetpack_social_post_already_shared":false,"jetpack_social_options":{"image_generator_settings":{"template":"highway","default_image_id":0,"font":"","enabled":false},"version":2}},"categories":[7],"tags":[10654,10143,10084,4516,196,1438,2615,10120,10121,10273,10098,10530,10803,4248],"class_list":["post-9435","post","type-post","status-publish","format-standard","has-post-thumbnail","hentry","category-alive","tag-10654","tag-10143","tag-alive","tag-boulevard-rochechouart","tag-ef-28-70-mm-f28l-usm","tag-ef-50-mm-f14-usm","tag-eos-5d-mark-ii","tag-france","tag-ile-de-france","tag-la-boule-noire","tag-paris","tag-sad-day-for-puppets","tag-the-yolks","tag-touch"],"acf":[],"geo":{"latitude":48.8823128,"longitude":2.3403132,"description":null},"jetpack_publicize_connections":[],"jetpack_featured_media_url":"https:\/\/www.wallendorff.com\/belogue\/wp-content\/uploads\/2015\/04\/201009221.jpg","jetpack_shortlink":"https:\/\/wp.me\/p3b35P-2sb","jetpack_sharing_enabled":true,"jetpack-related-posts":[{"id":957,"url":"https:\/\/www.wallendorff.com\/belogue\/2007\/05\/22\/killerpilze-la-boule-noire-paris\/","url_meta":{"origin":9435,"position":0},"title":"[197] &#8211; KillerPilze @ la Boule Noire, Paris.","author":"dpc","date":"22 mai 2007","format":false,"excerpt":"La salle est compl\u00e8te et \u00e0 moiti\u00e9 vide, ils se sont tous mass\u00e9s au pied de la sc\u00e8ne, agglom\u00e9r\u00e9 comme du caf\u00e9 sous vide. Certains ont attendus tout l'apr\u00e8s-midi, ce qui n'est rien parce que \u00ab\u00a0pour Tokio Hotel, on avait camp\u00e9 devant le Z\u00e9nith pendant 3 jours\u00a0\u00bb. D\u00e9barque le groupe.\u2026","rel":"","context":"Dans &quot;Alive&quot;","block_context":{"text":"Alive","link":"https:\/\/www.wallendorff.com\/belogue\/category\/alive\/"},"img":{"alt_text":"","src":"https:\/\/i0.wp.com\/www.wallendorff.com\/belogue\/wp-content\/uploads\/2015\/04\/200705221.jpg?resize=350%2C200&ssl=1","width":350,"height":200,"srcset":"https:\/\/i0.wp.com\/www.wallendorff.com\/belogue\/wp-content\/uploads\/2015\/04\/200705221.jpg?resize=350%2C200&ssl=1 1x, https:\/\/i0.wp.com\/www.wallendorff.com\/belogue\/wp-content\/uploads\/2015\/04\/200705221.jpg?resize=525%2C300&ssl=1 1.5x, https:\/\/i0.wp.com\/www.wallendorff.com\/belogue\/wp-content\/uploads\/2015\/04\/200705221.jpg?resize=700%2C400&ssl=1 2x"},"classes":[]},{"id":855,"url":"https:\/\/www.wallendorff.com\/belogue\/2006\/12\/20\/elista-la-boule-noire-paris\/","url_meta":{"origin":9435,"position":1},"title":"Elista @ la Boule Noire, Paris.","author":"dpc","date":"20 d\u00e9cembre 2006","format":false,"excerpt":"Finir dans les journaux r\u00e9veill\u00e9, La folie douce tendu, Mon ivresse (\u00c0 l'autoroute A3) survolt\u00e9... Si le c\u00f4t\u00e9 rock aiguis\u00e9 du deuxi\u00e8me album s\u00e9duisait sur disque, il arrache tout en live. Elista s'\u00e9nerve, enrage et \u00e9lectrise m\u00eame ses anciennes compos (La vie \u00e0 deux, D\u00e9\u00e7us du paradis). On passa par\u2026","rel":"","context":"Dans &quot;Alive&quot;","block_context":{"text":"Alive","link":"https:\/\/www.wallendorff.com\/belogue\/category\/alive\/"},"img":{"alt_text":"","src":"https:\/\/i0.wp.com\/www.wallendorff.com\/belogue\/wp-content\/uploads\/2015\/04\/200612201.jpg?resize=350%2C200&ssl=1","width":350,"height":200},"classes":[]},{"id":927,"url":"https:\/\/www.wallendorff.com\/belogue\/2007\/04\/04\/malibu-stacy-la-boule-noire-paris\/","url_meta":{"origin":9435,"position":2},"title":"Malibu Stacy @ la Boule Noire, Paris.","author":"dpc","date":"4 avril 2007","format":false,"excerpt":"C'est pas une Boule Noire \u00e0 moiti\u00e9 vide qui d\u00e9motivera les Belges. Au contraire, David de Froidmont profite des espaces laiss\u00e9s ici et l\u00e0 pour chanter depuis le public d\u00e8s We Are The Boys, qui ouvre le set. Poursuivi par un roadie qui tient son fil de micro, le chanteur\u2026","rel":"","context":"Dans &quot;Alive&quot;","block_context":{"text":"Alive","link":"https:\/\/www.wallendorff.com\/belogue\/category\/alive\/"},"img":{"alt_text":"","src":"https:\/\/i0.wp.com\/www.wallendorff.com\/belogue\/wp-content\/uploads\/2015\/04\/200704041.jpg?resize=350%2C200&ssl=1","width":350,"height":200,"srcset":"https:\/\/i0.wp.com\/www.wallendorff.com\/belogue\/wp-content\/uploads\/2015\/04\/200704041.jpg?resize=350%2C200&ssl=1 1x, https:\/\/i0.wp.com\/www.wallendorff.com\/belogue\/wp-content\/uploads\/2015\/04\/200704041.jpg?resize=525%2C300&ssl=1 1.5x, https:\/\/i0.wp.com\/www.wallendorff.com\/belogue\/wp-content\/uploads\/2015\/04\/200704041.jpg?resize=700%2C400&ssl=1 2x"},"classes":[]},{"id":807,"url":"https:\/\/www.wallendorff.com\/belogue\/2006\/10\/18\/the-datsuns-la-boule-noire-paris\/","url_meta":{"origin":9435,"position":3},"title":"The Datsuns @ la Boule Noire, Paris.","author":"dpc","date":"18 octobre 2006","format":false,"excerpt":"C'est sauvage, \u00e7a suinte dans tous les sens, \u00e7a joue tellement fort que \u00e7a fait p\u00e9ter le limiteur de d\u00e9cibel de la sono deux fois de suite. La salle est blind\u00e9e, on se croirait \u00eatre encore plus nombreux que la veille au soir dans la m\u00eame salle pour les Magic\u2026","rel":"","context":"Dans &quot;Alive&quot;","block_context":{"text":"Alive","link":"https:\/\/www.wallendorff.com\/belogue\/category\/alive\/"},"img":{"alt_text":"","src":"https:\/\/i0.wp.com\/www.wallendorff.com\/belogue\/wp-content\/uploads\/2015\/04\/200610181.jpg?resize=350%2C200&ssl=1","width":350,"height":200},"classes":[]},{"id":781,"url":"https:\/\/www.wallendorff.com\/belogue\/2006\/09\/06\/i-love-ufo-la-boule-noire-paris\/","url_meta":{"origin":9435,"position":4},"title":"I Love UFO @ la Boule Noire, Paris.","author":"dpc","date":"6 septembre 2006","format":false,"excerpt":"Les rock-stars, elles sont comme moi. Elle dorment pas assez la nuit. \u00a0The Lemonheads \u2013 No Backbones","rel":"","context":"Dans &quot;Alive&quot;","block_context":{"text":"Alive","link":"https:\/\/www.wallendorff.com\/belogue\/category\/alive\/"},"img":{"alt_text":"","src":"https:\/\/i0.wp.com\/www.wallendorff.com\/belogue\/wp-content\/uploads\/2015\/04\/200609061.jpg?resize=350%2C200&ssl=1","width":350,"height":200},"classes":[]},{"id":7208,"url":"https:\/\/www.wallendorff.com\/belogue\/2010\/03\/16\/the-john-butler-trio-la-boule-noire-paris\/","url_meta":{"origin":9435,"position":5},"title":"The John Butler Trio @ la Boule Noire, Paris.","author":"dpc","date":"16 mars 2010","format":false,"excerpt":"Tout \u00e7a pour dire que si le John Butler et ses deux potes avaient repris Close to Me, leur version n'aurait pas sonn\u00e9 comme \u00e7a. \u00a0WHY? \u2013 Close to Me (The Cure cover)","rel":"","context":"Dans &quot;Alive&quot;","block_context":{"text":"Alive","link":"https:\/\/www.wallendorff.com\/belogue\/category\/alive\/"},"img":{"alt_text":"","src":"https:\/\/i0.wp.com\/www.wallendorff.com\/belogue\/wp-content\/uploads\/2015\/04\/201003161.jpg?resize=350%2C200&ssl=1","width":350,"height":200,"srcset":"https:\/\/i0.wp.com\/www.wallendorff.com\/belogue\/wp-content\/uploads\/2015\/04\/201003161.jpg?resize=350%2C200&ssl=1 1x, https:\/\/i0.wp.com\/www.wallendorff.com\/belogue\/wp-content\/uploads\/2015\/04\/201003161.jpg?resize=525%2C300&ssl=1 1.5x, https:\/\/i0.wp.com\/www.wallendorff.com\/belogue\/wp-content\/uploads\/2015\/04\/201003161.jpg?resize=700%2C400&ssl=1 2x"},"classes":[]}],"_links":{"self":[{"href":"https:\/\/www.wallendorff.com\/belogue\/wp-json\/wp\/v2\/posts\/9435","targetHints":{"allow":["GET"]}}],"collection":[{"href":"https:\/\/www.wallendorff.com\/belogue\/wp-json\/wp\/v2\/posts"}],"about":[{"href":"https:\/\/www.wallendorff.com\/belogue\/wp-json\/wp\/v2\/types\/post"}],"author":[{"embeddable":true,"href":"https:\/\/www.wallendorff.com\/belogue\/wp-json\/wp\/v2\/users\/1"}],"replies":[{"embeddable":true,"href":"https:\/\/www.wallendorff.com\/belogue\/wp-json\/wp\/v2\/comments?post=9435"}],"version-history":[{"count":3,"href":"https:\/\/www.wallendorff.com\/belogue\/wp-json\/wp\/v2\/posts\/9435\/revisions"}],"predecessor-version":[{"id":18014,"href":"https:\/\/www.wallendorff.com\/belogue\/wp-json\/wp\/v2\/posts\/9435\/revisions\/18014"}],"wp:featuredmedia":[{"embeddable":true,"href":"https:\/\/www.wallendorff.com\/belogue\/wp-json\/wp\/v2\/media\/25907"}],"wp:attachment":[{"href":"https:\/\/www.wallendorff.com\/belogue\/wp-json\/wp\/v2\/media?parent=9435"}],"wp:term":[{"taxonomy":"category","embeddable":true,"href":"https:\/\/www.wallendorff.com\/belogue\/wp-json\/wp\/v2\/categories?post=9435"},{"taxonomy":"post_tag","embeddable":true,"href":"https:\/\/www.wallendorff.com\/belogue\/wp-json\/wp\/v2\/tags?post=9435"}],"curies":[{"name":"wp","href":"https:\/\/api.w.org\/{rel}","templated":true}]}}