{"id":943,"date":"2007-05-03T09:44:08","date_gmt":"2007-05-03T09:44:08","guid":{"rendered":"http:\/\/www.po-l.com\/wordpress\/?p=943"},"modified":"2011-10-26T13:27:43","modified_gmt":"2011-10-26T11:27:43","slug":"cold-war-kids-le-trabendo-paris","status":"publish","type":"post","link":"https:\/\/www.wallendorff.com\/belogue\/2007\/05\/03\/cold-war-kids-le-trabendo-paris\/","title":{"rendered":"Cold War Kids @ le Trabendo, Paris."},"content":{"rendered":"\n<div id=\"photo\">\n<p><img decoding=\"async\" src=\"https:\/\/www.wallendorff.com\/belogue\/photo\/2007\/05\/20070503.jpg\" \/><\/p>\n<\/p><\/div>\n<p><a href=\"http:\/\/vox.skynetblogs.be\/post\/3912867\/vox--episode-36--cold-war-kids-brandon-flower\">La session acoustique<\/a> promettait, l&rsquo;album m&rsquo;a d&eacute;&ccedil;u. Trop lascif, trop simple, trop brouillon, pas assez envol&eacute;, rien d&rsquo;excitant l&agrave;-dedans. Vient le live. D&rsquo;entr&eacute;e, le quator lave mes aprioris. Cold War Kids bougent comme on ne le voit plus assez souvent, chapeaux &agrave; la con sur la t&ecirc;te et sourire aux l&egrave;vres. Heureux d&rsquo;&ecirc;tre l&agrave;, &ccedil;a se sent et, surtout, &ccedil;a se lit dans les yeux de Nathan Willett quand il explique &agrave; la salle combien ils heureux de jouer ici, &agrave; 10&nbsp;000&nbsp;km de ce Long Beach californien d&rsquo;o&ugrave; ils n&rsquo;auraient jamais cru pouvoir s&rsquo;exporter. Leurs morceaux vivent, captivent, prenant une dimension tout autre, &ccedil;a groove<sup>1<\/sup> dans tous les coins, rien &agrave; voir avec le disque. Venu pour une demi-heure, j&rsquo;y passe la soir&eacute;e, changeant d&rsquo;opinion sur eux aussi vite que sur Metallica le jour o&ugrave; ils ont coup&eacute; leurs cheveux. Et ressortant de l&agrave; bien d&eacute;cid&eacute; &agrave; r&eacute;&eacute;couter <em>Robbers And Cowards <\/em>d&rsquo;une oreille toute neuve. Chapeau, les gros.<\/p>\n<div id=\"bandeson\">\n<p><img decoding=\"async\" src=\"https:\/\/www.wallendorff.com\/belogue\/photo\/pochettes\/c\/cold_war_kids-robbers_and_cowards.jpg\" align=\"left\" \/>&nbsp;<a href=\"http:\/\/www.coldwarkids.com\/\">Cold War Kids<\/a> &ndash; <em>Rubidoux<\/em><\/p>\n<\/div>\n<div id=\"bas_note\">\n<p>_____<\/p>\n<p><sup>1<\/sup> Je crois que l&rsquo;expression &laquo;&nbsp;&ccedil;a groove&nbsp;&raquo; est pass&eacute;e de mode depuis 1991, en fait.<\/p>\n<\/p><\/div>\n","protected":false},"excerpt":{"rendered":"<p>La session acoustique promettait, l&rsquo;album m&rsquo;a d&eacute;&ccedil;u. Trop lascif, trop simple, trop brouillon, pas assez envol&eacute;, rien d&rsquo;excitant l&agrave;-dedans. Vient le live. D&rsquo;entr&eacute;e, le quator lave mes aprioris. Cold War Kids bougent comme on ne le voit plus assez souvent, chapeaux &agrave; la con sur la t&ecirc;te et sourire aux l&egrave;vres. Heureux d&rsquo;&ecirc;tre l&agrave;, &ccedil;a&hellip;<\/p>\n","protected":false},"author":1,"featured_media":24876,"comment_status":"open","ping_status":"open","sticky":false,"template":"","format":"standard","meta":{"_acf_changed":false,"ngg_post_thumbnail":0,"jetpack_post_was_ever_published":false,"_jetpack_newsletter_access":"","_jetpack_dont_email_post_to_subs":false,"_jetpack_newsletter_tier_id":0,"_jetpack_memberships_contains_paywalled_content":false,"_jetpack_memberships_contains_paid_content":false,"footnotes":"","jetpack_publicize_message":"","jetpack_publicize_feature_enabled":true,"jetpack_social_post_already_shared":false,"jetpack_social_options":{"image_generator_settings":{"template":"highway","default_image_id":0,"font":"","enabled":false},"version":2}},"categories":[7],"tags":[10134,10268,10084,196,132,10425,10120,10121,10361,10098,1989],"class_list":["post-943","post","type-post","status-publish","format-standard","has-post-thumbnail","hentry","category-alive","tag-10134","tag-10268","tag-alive","tag-ef-28-70-mm-f28l-usm","tag-eos-20d","tag-cold-war-kids","tag-france","tag-ile-de-france","tag-le-trabendo","tag-paris","tag-rubidoux"],"acf":[],"geo":{"latitude":48.8926849,"longitude":2.3939588,"description":"All\u00e9e du Belv\u00e9d\u00e8re, 75019 Paris, France"},"jetpack_publicize_connections":[],"jetpack_featured_media_url":"https:\/\/www.wallendorff.com\/belogue\/wp-content\/uploads\/2015\/04\/200705031.jpg","jetpack_shortlink":"https:\/\/wp.me\/p3b35P-fd","jetpack_sharing_enabled":true,"jetpack-related-posts":[{"id":935,"url":"https:\/\/www.wallendorff.com\/belogue\/2007\/04\/17\/peter-bjorn-john-le-trabendo-paris\/","url_meta":{"origin":943,"position":0},"title":"Peter Bj\u00f6rn &amp; John @ le Trabendo, Paris.","author":"dpc","date":"17 avril 2007","format":false,"excerpt":"Le Trabendo est d\u00e9peupl\u00e9, The Tellers ont re\u00e7u un de ces accueils typiques o\u00f9 tout le monde \u00e9coute sans bouger, comme si tu passais en concert devant un parterre de cadres de maison de disques. Intimid\u00e9s, ils ont quitt\u00e9 la sc\u00e8ne presque en s'excusant alors que, franchement, ils m\u00e9ritent. Peter\u2026","rel":"","context":"Dans &quot;Alive&quot;","block_context":{"text":"Alive","link":"https:\/\/www.wallendorff.com\/belogue\/category\/alive\/"},"img":{"alt_text":"","src":"https:\/\/i0.wp.com\/www.wallendorff.com\/belogue\/wp-content\/uploads\/2015\/04\/200704171.jpg?resize=350%2C200&ssl=1","width":350,"height":200,"srcset":"https:\/\/i0.wp.com\/www.wallendorff.com\/belogue\/wp-content\/uploads\/2015\/04\/200704171.jpg?resize=350%2C200&ssl=1 1x, https:\/\/i0.wp.com\/www.wallendorff.com\/belogue\/wp-content\/uploads\/2015\/04\/200704171.jpg?resize=525%2C300&ssl=1 1.5x, https:\/\/i0.wp.com\/www.wallendorff.com\/belogue\/wp-content\/uploads\/2015\/04\/200704171.jpg?resize=700%2C400&ssl=1 2x"},"classes":[]},{"id":6849,"url":"https:\/\/www.wallendorff.com\/belogue\/2010\/02\/22\/mumford-and-sons-mugison-la-maroquinerie-paris\/","url_meta":{"origin":943,"position":1},"title":"Mumford and Sons + Mugison @ la Maroquinerie, Paris.","author":"dpc","date":"22 f\u00e9vrier 2010","format":false,"excerpt":"\u00a0Flogging Molly \u2013 The Seven Deadly Sins (live) 160\u00a0000 albums vendus au Royaume-Uni et 27 en France, donc fort logiquement la premi\u00e8re date fran\u00e7aise de Mumford and Sons est emplie d'Anglaises enamour\u00e9es \u2015\u00a0curieux pour ce genre de musique\u00a0et de groupe\u00a0\u2015 qui ne jettent pas de bi\u00e8re \u2015\u00a0tr\u00e8s curieux pour ce\u2026","rel":"","context":"Dans &quot;Alive&quot;","block_context":{"text":"Alive","link":"https:\/\/www.wallendorff.com\/belogue\/category\/alive\/"},"img":{"alt_text":"","src":"https:\/\/i0.wp.com\/www.wallendorff.com\/belogue\/wp-content\/uploads\/2015\/04\/201002221.jpg?resize=350%2C200&ssl=1","width":350,"height":200,"srcset":"https:\/\/i0.wp.com\/www.wallendorff.com\/belogue\/wp-content\/uploads\/2015\/04\/201002221.jpg?resize=350%2C200&ssl=1 1x, https:\/\/i0.wp.com\/www.wallendorff.com\/belogue\/wp-content\/uploads\/2015\/04\/201002221.jpg?resize=525%2C300&ssl=1 1.5x, https:\/\/i0.wp.com\/www.wallendorff.com\/belogue\/wp-content\/uploads\/2015\/04\/201002221.jpg?resize=700%2C400&ssl=1 2x"},"classes":[]},{"id":7463,"url":"https:\/\/www.wallendorff.com\/belogue\/2010\/04\/29\/nada-surf-le-trabendo-paris\/","url_meta":{"origin":943,"position":2},"title":"Nada Surf @ le Trabendo, Paris.","author":"dpc","date":"29 avril 2010","format":false,"excerpt":"Weightless | Whose Authority | Happy Kid | Inside of Love | Killian's Red | What Is Your Secret? | Love Goes On (The Go\u2010Betweens) | Fruit Fly | 80 Windows | Enjoy the Silence (Depeche Mode) | Electrocution (Bill Fox) | Blizzard of '77 | Ice on the Wing\u2026","rel":"","context":"Dans &quot;Alive&quot;","block_context":{"text":"Alive","link":"https:\/\/www.wallendorff.com\/belogue\/category\/alive\/"},"img":{"alt_text":"","src":"https:\/\/i0.wp.com\/www.wallendorff.com\/belogue\/wp-content\/uploads\/2015\/04\/201004291.jpg?resize=350%2C200&ssl=1","width":350,"height":200,"srcset":"https:\/\/i0.wp.com\/www.wallendorff.com\/belogue\/wp-content\/uploads\/2015\/04\/201004291.jpg?resize=350%2C200&ssl=1 1x, https:\/\/i0.wp.com\/www.wallendorff.com\/belogue\/wp-content\/uploads\/2015\/04\/201004291.jpg?resize=525%2C300&ssl=1 1.5x, https:\/\/i0.wp.com\/www.wallendorff.com\/belogue\/wp-content\/uploads\/2015\/04\/201004291.jpg?resize=700%2C400&ssl=1 2x"},"classes":[]},{"id":1014,"url":"https:\/\/www.wallendorff.com\/belogue\/2007\/08\/10\/previously-unreleased-64\/","url_meta":{"origin":943,"position":3},"title":"Previously unreleased #64\u00b9.","author":"dpc","date":"10 ao\u00fbt 2007","format":false,"excerpt":"Cold War Kids, le Trabendo, 2 mai. La\u00ef, La\u00ef la\u00ef, Oh. \u00a0The White Stripes \u2013 Prickly Thorn, But Sweetly Worn (live Glace Bay, 14\/07\/2007) [concert complet dispo l\u00e0.] \/Edit : Chez moi le lecteur embarqu\u00e9 a d\u00e9cid\u00e9 de lire la bande-son \u00e0 la moiti\u00e9 de sa vitesse. Certes, on profite\u2026","rel":"","context":"Dans &quot;Previously unreleased&quot;","block_context":{"text":"Previously unreleased","link":"https:\/\/www.wallendorff.com\/belogue\/category\/previously-unreleased\/"},"img":{"alt_text":"","src":"https:\/\/i0.wp.com\/www.wallendorff.com\/belogue\/wp-content\/uploads\/2015\/04\/200708101.jpg?resize=350%2C200&ssl=1","width":350,"height":200},"classes":[]},{"id":1077,"url":"https:\/\/www.wallendorff.com\/belogue\/2007\/11\/10\/mon-cur-saigne-richard\/","url_meta":{"origin":943,"position":4},"title":"Mon c\u0153ur saigne, Richard.","author":"dpc","date":"10 novembre 2007","format":false,"excerpt":"Hard-Fi, le Trabendo, 19 octobre. Hard-Fi \u00e9tait un groupe sympa. Deux albums tout jaunes, bons en live, un Richard Archer qui arbore des yeux d'un bleu glac\u00e9 et une banane des plus seyantes propre \u00e0 en rendre plus d'un jaloux. Tout pour plaire. Envie de les d\u00e9fendre, ils le m\u00e9ritent,\u2026","rel":"","context":"Dans &quot;DPC&quot;","block_context":{"text":"DPC","link":"https:\/\/www.wallendorff.com\/belogue\/category\/dpc\/"},"img":{"alt_text":"","src":"https:\/\/i0.wp.com\/www.wallendorff.com\/belogue\/wp-content\/uploads\/2015\/04\/200711102.jpg?resize=350%2C200&ssl=1","width":350,"height":200},"classes":[]},{"id":212,"url":"https:\/\/www.wallendorff.com\/belogue\/2006\/01\/28\/editors-le-trabendo-paris-27-janvier\/","url_meta":{"origin":943,"position":5},"title":"Editors @ Le Trabendo, Paris, 27 janvier.","author":"dpc","date":"28 janvier 2006","format":false,"excerpt":"Et pour couronner le tout, je ne peux plus mettre \u00e0 jour ma gigography parce qu'il faut que je me tape 53 pages de tableau de bord g\u00e9n\u00e9ral pour aller \u00e9diter mes notes Upcoming shows et Past shows qui datent d'ao\u00fbt 2004. La nouvelle formule ne me pla\u00eet pas. C'est\u2026","rel":"","context":"Dans &quot;Alive&quot;","block_context":{"text":"Alive","link":"https:\/\/www.wallendorff.com\/belogue\/category\/alive\/"},"img":{"alt_text":"","src":"https:\/\/i0.wp.com\/www.wallendorff.com\/belogue\/wp-content\/uploads\/2015\/04\/200601281.jpg?resize=350%2C200&ssl=1","width":350,"height":200},"classes":[]}],"_links":{"self":[{"href":"https:\/\/www.wallendorff.com\/belogue\/wp-json\/wp\/v2\/posts\/943","targetHints":{"allow":["GET"]}}],"collection":[{"href":"https:\/\/www.wallendorff.com\/belogue\/wp-json\/wp\/v2\/posts"}],"about":[{"href":"https:\/\/www.wallendorff.com\/belogue\/wp-json\/wp\/v2\/types\/post"}],"author":[{"embeddable":true,"href":"https:\/\/www.wallendorff.com\/belogue\/wp-json\/wp\/v2\/users\/1"}],"replies":[{"embeddable":true,"href":"https:\/\/www.wallendorff.com\/belogue\/wp-json\/wp\/v2\/comments?post=943"}],"version-history":[{"count":2,"href":"https:\/\/www.wallendorff.com\/belogue\/wp-json\/wp\/v2\/posts\/943\/revisions"}],"predecessor-version":[{"id":14079,"href":"https:\/\/www.wallendorff.com\/belogue\/wp-json\/wp\/v2\/posts\/943\/revisions\/14079"}],"wp:featuredmedia":[{"embeddable":true,"href":"https:\/\/www.wallendorff.com\/belogue\/wp-json\/wp\/v2\/media\/24876"}],"wp:attachment":[{"href":"https:\/\/www.wallendorff.com\/belogue\/wp-json\/wp\/v2\/media?parent=943"}],"wp:term":[{"taxonomy":"category","embeddable":true,"href":"https:\/\/www.wallendorff.com\/belogue\/wp-json\/wp\/v2\/categories?post=943"},{"taxonomy":"post_tag","embeddable":true,"href":"https:\/\/www.wallendorff.com\/belogue\/wp-json\/wp\/v2\/tags?post=943"}],"curies":[{"name":"wp","href":"https:\/\/api.w.org\/{rel}","templated":true}]}}