{"id":936,"date":"2007-04-18T08:14:50","date_gmt":"2007-04-18T08:14:50","guid":{"rendered":"http:\/\/www.po-l.com\/wordpress\/?p=936"},"modified":"2012-02-23T12:11:35","modified_gmt":"2012-02-23T10:11:35","slug":"entraidant-l-hallu-m-y-erre","status":"publish","type":"post","link":"https:\/\/www.wallendorff.com\/belogue\/2007\/04\/18\/entraidant-l-hallu-m-y-erre\/","title":{"rendered":"Entraidant l&rsquo;hallu m&rsquo;y erre."},"content":{"rendered":"\n<div id=\"photo\">\n<p><img decoding=\"async\" src=\"https:\/\/www.wallendorff.com\/belogue\/photo\/2007\/04\/20070418.jpg\" \/><br \/>\n          Pop Levi [fut clown Mir Couleurs dans une autre vie], la Maroquinerie, Paris, 13 avril.<\/p>\n<\/p><\/div>\n<div id=\"bandeson\">\n<p><img decoding=\"async\" src=\"https:\/\/www.wallendorff.com\/belogue\/photo\/pochettes\/p\/ponys_the-turn_the_lights_out.jpg\" align=\"left\" \/>&nbsp;<a href=\"http:\/\/www.myspace.com\/theponys\">The Ponys<\/a> &ndash; <em>Double Vision<\/em><\/p>\n<\/div>\n","protected":false},"excerpt":{"rendered":"<p>Pop Levi [fut clown Mir Couleurs dans une autre vie], la Maroquinerie, Paris, 13 avril. &nbsp;The Ponys &ndash; Double Vision<\/p>\n","protected":false},"author":1,"featured_media":24869,"comment_status":"open","ping_status":"open","sticky":false,"template":"","format":"standard","meta":{"_acf_changed":false,"ngg_post_thumbnail":0,"jetpack_post_was_ever_published":false,"_jetpack_newsletter_access":"","_jetpack_dont_email_post_to_subs":false,"_jetpack_newsletter_tier_id":0,"_jetpack_memberships_contains_paywalled_content":false,"_jetpack_memberships_contains_paid_content":false,"footnotes":"","jetpack_publicize_message":"","jetpack_publicize_feature_enabled":true,"jetpack_social_post_already_shared":false,"jetpack_social_options":{"image_generator_settings":{"template":"highway","default_image_id":0,"font":"","enabled":false},"version":2}},"categories":[3],"tags":[10134,10216,10084,1438,132,1976,10120,10121,10290,10098,1918,208],"class_list":["post-936","post","type-post","status-publish","format-standard","has-post-thumbnail","hentry","category-dpc","tag-10134","tag-10216","tag-alive","tag-ef-50-mm-f14-usm","tag-eos-20d","tag-double-vision","tag-france","tag-ile-de-france","tag-la-maroquinerie","tag-paris","tag-pop-levi","tag-the-ponys"],"acf":[],"geo":{"latitude":48.8685608,"longitude":2.3919244,"description":"18-26 Rue Boyer, 75020 Paris, France"},"jetpack_publicize_connections":[],"jetpack_featured_media_url":"https:\/\/www.wallendorff.com\/belogue\/wp-content\/uploads\/2015\/04\/200704181.jpg","jetpack_shortlink":"https:\/\/wp.me\/p3b35P-f6","jetpack_sharing_enabled":true,"jetpack-related-posts":[{"id":934,"url":"https:\/\/www.wallendorff.com\/belogue\/2007\/04\/14\/pop-levi-the-film-la-maroquinerie-paris\/","url_meta":{"origin":936,"position":0},"title":"Pop Levi + The Film @ la Maroquinerie, Paris.","author":"dpc","date":"14 avril 2007","format":false,"excerpt":"The Film n'a pas chang\u00e9\u00a0: toujours aussi s\u00e9millant, chaloup\u00e9, dansant, complice et entortill\u00e9. On regrettera surtout de ne pas avoir eu de morceau du nouvel album pr\u00e9vu pour septembre. Quand vient son tour, Pop Levi \u00e9pate par sa chemise psych\u00e9d\u00e9lique1, allonge les versions de ses morceaux, sature les basses, violente\u2026","rel":"","context":"Dans &quot;Alive&quot;","block_context":{"text":"Alive","link":"https:\/\/www.wallendorff.com\/belogue\/category\/alive\/"},"img":{"alt_text":"","src":"https:\/\/i0.wp.com\/www.wallendorff.com\/belogue\/wp-content\/uploads\/2015\/04\/200704141.jpg?resize=350%2C200&ssl=1","width":350,"height":200,"srcset":"https:\/\/i0.wp.com\/www.wallendorff.com\/belogue\/wp-content\/uploads\/2015\/04\/200704141.jpg?resize=350%2C200&ssl=1 1x, https:\/\/i0.wp.com\/www.wallendorff.com\/belogue\/wp-content\/uploads\/2015\/04\/200704141.jpg?resize=525%2C300&ssl=1 1.5x, https:\/\/i0.wp.com\/www.wallendorff.com\/belogue\/wp-content\/uploads\/2015\/04\/200704141.jpg?resize=700%2C400&ssl=1 2x"},"classes":[]},{"id":1127,"url":"https:\/\/www.wallendorff.com\/belogue\/2008\/01\/03\/previously-unreleased-76\/","url_meta":{"origin":936,"position":1},"title":"Previously unreleased #76\u00b9.","author":"dpc","date":"3 janvier 2008","format":false,"excerpt":"The Wombats, la Maroquinerie, Paris, 1er novembre 2007. Lalala. \u00a0Pop Levi \u2013 From the Day That You Were Born _____ 1 Previously Unreleased is a trademark from the JR Blogging Agency, Inc. All rights reserved.","rel":"","context":"Dans &quot;Previously unreleased&quot;","block_context":{"text":"Previously unreleased","link":"https:\/\/www.wallendorff.com\/belogue\/category\/previously-unreleased\/"},"img":{"alt_text":"","src":"https:\/\/i0.wp.com\/www.wallendorff.com\/belogue\/wp-content\/uploads\/2015\/04\/200801031.jpg?resize=350%2C200&ssl=1","width":350,"height":200},"classes":[]},{"id":135244,"url":"https:\/\/www.wallendorff.com\/belogue\/2026\/02\/10\/die-spitz-la-maroquinerie-paris-9-decembre-2026\/","url_meta":{"origin":936,"position":2},"title":"Die Spitz @ la Maroquinerie, Paris, 9 f\u00e9vrier 2026.","author":"dpc","date":"10 f\u00e9vrier 2026","format":false,"excerpt":"Die Spitz @ la Maroquinerie, Paris, 08\/02\/2026 Die Spitz @ la Maroquinerie, Paris, 08\/02\/2026 Die Spitz @ la Maroquinerie, Paris, 08\/02\/2026 Die Spitz @ la Maroquinerie, Paris, 08\/02\/2026 Die Spitz @ la Maroquinerie, Paris, 08\/02\/2026 Die Spitz @ la Maroquinerie, Paris, 08\/02\/2026 Die Spitz @ la Maroquinerie, Paris, 08\/02\/2026 Die\u2026","rel":"","context":"Dans &quot;Alive&quot;","block_context":{"text":"Alive","link":"https:\/\/www.wallendorff.com\/belogue\/category\/alive\/"},"img":{"alt_text":"","src":"https:\/\/i0.wp.com\/www.wallendorff.com\/belogue\/wp-content\/uploads\/2026\/02\/20260210-16.jpg?resize=350%2C200&ssl=1","width":350,"height":200,"srcset":"https:\/\/i0.wp.com\/www.wallendorff.com\/belogue\/wp-content\/uploads\/2026\/02\/20260210-16.jpg?resize=350%2C200&ssl=1 1x, https:\/\/i0.wp.com\/www.wallendorff.com\/belogue\/wp-content\/uploads\/2026\/02\/20260210-16.jpg?resize=525%2C300&ssl=1 1.5x, https:\/\/i0.wp.com\/www.wallendorff.com\/belogue\/wp-content\/uploads\/2026\/02\/20260210-16.jpg?resize=700%2C400&ssl=1 2x, https:\/\/i0.wp.com\/www.wallendorff.com\/belogue\/wp-content\/uploads\/2026\/02\/20260210-16.jpg?resize=1050%2C600&ssl=1 3x"},"classes":[]},{"id":7508,"url":"https:\/\/www.wallendorff.com\/belogue\/2010\/05\/07\/a-yeux-montre-quruelles\/","url_meta":{"origin":936,"position":3},"title":"\u00c0 yeux, montre qu&rsquo;ruelles.","author":"dpc","date":"7 mai 2010","format":false,"excerpt":"Passage Briare, Paris, 1er avril. Tout est dans le titre. \u00a0The Ponys \u2013 Is It Working","rel":"","context":"Dans &quot;DPC&quot;","block_context":{"text":"DPC","link":"https:\/\/www.wallendorff.com\/belogue\/category\/dpc\/"},"img":{"alt_text":"","src":"https:\/\/i0.wp.com\/www.wallendorff.com\/belogue\/wp-content\/uploads\/2015\/04\/201005071.jpg?resize=350%2C200&ssl=1","width":350,"height":200},"classes":[]},{"id":12753,"url":"https:\/\/www.wallendorff.com\/belogue\/2011\/05\/13\/follow-iv\/","url_meta":{"origin":936,"position":4},"title":"Follow [IV].","author":"dpc","date":"13 mai 2011","format":false,"excerpt":"Rue Gabrielle, Paris, 20 avril. J'avais bien dit que j'y reviendrais. \u00a0The Ponys \u2013 The Walk","rel":"","context":"Dans &quot;DPC&quot;","block_context":{"text":"DPC","link":"https:\/\/www.wallendorff.com\/belogue\/category\/dpc\/"},"img":{"alt_text":"","src":"https:\/\/i0.wp.com\/www.wallendorff.com\/belogue\/wp-content\/uploads\/2015\/04\/201105131.jpg?resize=350%2C200&ssl=1","width":350,"height":200},"classes":[]},{"id":1399,"url":"https:\/\/www.wallendorff.com\/belogue\/2008\/04\/29\/mademoiselle-k-la-cigale-paris-2\/","url_meta":{"origin":936,"position":5},"title":"Mademoiselle K @ la Cigale, Paris.","author":"dpc","date":"29 avril 2008","format":false,"excerpt":"Le jeu du jour\u00a0: gr\u00e2ce au document d'archive fourni, amuse-toi \u00e0 mesurer le taux d'accroissement capillaire moyen de la section rythmique de Mademoiselle K en 321 jours et compare tes r\u00e9sultats avec tes amis\u00a0! \u00a0The Ponys \u2013 Harakiri","rel":"","context":"Dans &quot;Alive&quot;","block_context":{"text":"Alive","link":"https:\/\/www.wallendorff.com\/belogue\/category\/alive\/"},"img":{"alt_text":"","src":"https:\/\/i0.wp.com\/www.wallendorff.com\/belogue\/wp-content\/uploads\/2015\/04\/200804291.jpg?resize=350%2C200&ssl=1","width":350,"height":200,"srcset":"https:\/\/i0.wp.com\/www.wallendorff.com\/belogue\/wp-content\/uploads\/2015\/04\/200804291.jpg?resize=350%2C200&ssl=1 1x, https:\/\/i0.wp.com\/www.wallendorff.com\/belogue\/wp-content\/uploads\/2015\/04\/200804291.jpg?resize=525%2C300&ssl=1 1.5x, https:\/\/i0.wp.com\/www.wallendorff.com\/belogue\/wp-content\/uploads\/2015\/04\/200804291.jpg?resize=700%2C400&ssl=1 2x"},"classes":[]}],"_links":{"self":[{"href":"https:\/\/www.wallendorff.com\/belogue\/wp-json\/wp\/v2\/posts\/936","targetHints":{"allow":["GET"]}}],"collection":[{"href":"https:\/\/www.wallendorff.com\/belogue\/wp-json\/wp\/v2\/posts"}],"about":[{"href":"https:\/\/www.wallendorff.com\/belogue\/wp-json\/wp\/v2\/types\/post"}],"author":[{"embeddable":true,"href":"https:\/\/www.wallendorff.com\/belogue\/wp-json\/wp\/v2\/users\/1"}],"replies":[{"embeddable":true,"href":"https:\/\/www.wallendorff.com\/belogue\/wp-json\/wp\/v2\/comments?post=936"}],"version-history":[{"count":1,"href":"https:\/\/www.wallendorff.com\/belogue\/wp-json\/wp\/v2\/posts\/936\/revisions"}],"predecessor-version":[{"id":16034,"href":"https:\/\/www.wallendorff.com\/belogue\/wp-json\/wp\/v2\/posts\/936\/revisions\/16034"}],"wp:featuredmedia":[{"embeddable":true,"href":"https:\/\/www.wallendorff.com\/belogue\/wp-json\/wp\/v2\/media\/24869"}],"wp:attachment":[{"href":"https:\/\/www.wallendorff.com\/belogue\/wp-json\/wp\/v2\/media?parent=936"}],"wp:term":[{"taxonomy":"category","embeddable":true,"href":"https:\/\/www.wallendorff.com\/belogue\/wp-json\/wp\/v2\/categories?post=936"},{"taxonomy":"post_tag","embeddable":true,"href":"https:\/\/www.wallendorff.com\/belogue\/wp-json\/wp\/v2\/tags?post=936"}],"curies":[{"name":"wp","href":"https:\/\/api.w.org\/{rel}","templated":true}]}}