{"id":935,"date":"2007-04-17T11:19:41","date_gmt":"2007-04-17T11:19:41","guid":{"rendered":"http:\/\/www.po-l.com\/wordpress\/?p=935"},"modified":"2012-09-25T14:07:34","modified_gmt":"2012-09-25T12:07:34","slug":"peter-bjorn-john-le-trabendo-paris","status":"publish","type":"post","link":"https:\/\/www.wallendorff.com\/belogue\/2007\/04\/17\/peter-bjorn-john-le-trabendo-paris\/","title":{"rendered":"Peter Bj\u00f6rn &amp; John @ le Trabendo, Paris."},"content":{"rendered":"\n<div id=\"photo\">\n<p><img decoding=\"async\" src=\"https:\/\/www.wallendorff.com\/belogue\/photo\/2007\/04\/20070417.jpg\" \/><\/p>\n<\/p><\/div>\n<p>Le Trabendo est d&eacute;peupl&eacute;, <a href=\"http:\/\/www.myspace.com\/thetellers\">The Tellers<\/a> ont re&ccedil;u un de ces accueils typiques o&ugrave; tout le monde &eacute;coute sans bouger, comme si tu passais en concert devant un parterre de cadres de maison de disques. Intimid&eacute;s, ils ont quitt&eacute; la sc&egrave;ne presque en s&rsquo;excusant alors que, franchement, ils m&eacute;ritent. Peter Bj&ouml;rn et John, eux, d&eacute;barquent l&rsquo;air pas bien r&eacute;veill&eacute;, ou alors le m&ecirc;me syndr&ocirc;me op&egrave;re, on ne sait pas trop, mais il faut 4 ou 5 titres avant que la sauce prenne vraiment &agrave; partir d&rsquo;<em>Amsterdam<\/em> et <em>Paris 2004<\/em>. <em>Young Folks<\/em>, &eacute;videmment, remonte l&rsquo;ambiance un cran au-dessus, Peter saute dans la fosse clairsem&eacute;e pour siffloter au milieu du public. La suite s&rsquo;&eacute;nerve enfin, avec des Peter sauteurs <a href=\"https:\/\/www.wallendorff.com\/belogue\/2007\/01\/14\/peter-bjorn-john-la-maroquinerie-paris\">comme &agrave; la Maro<\/a> sur <em>Objects of My Affection<\/em>, puis moulineurs de bras sur <em> Up Against The Wall<\/em>, achev\u00e9 en pi&eacute;tinage de gratte. Le rappel est moins intense, certes, mais bien ex&eacute;cut&eacute;, la soir&eacute;e se finit bien mieux qu&rsquo;elle n&rsquo;avait commenc&eacute;, &agrave; tel point que Peter et Bj&ouml;rn en invitent tout le monde &agrave; les suivre &agrave; Bourges pour le concert de ce soir. Ils ont d&ucirc; se sentir serr&eacute;s dans le tour-bus, cette nuit, dis donc.<\/p>\n<div id=\"bandeson\">\n<p><img decoding=\"async\" src=\"https:\/\/www.wallendorff.com\/belogue\/photo\/pochettes\/p\/peter_bjorn_and_john-writers_block.jpg\" align=\"left\" \/>&nbsp;<a href=\"http:\/\/www.myspace.com\/peterbjornandjohn\">Peter Bj&ouml;rn and John<\/a> &ndash; <em>Young Folks<\/em><\/p>\n<\/div>\n","protected":false},"excerpt":{"rendered":"<p>Le Trabendo est d&eacute;peupl&eacute;, The Tellers ont re&ccedil;u un de ces accueils typiques o&ugrave; tout le monde &eacute;coute sans bouger, comme si tu passais en concert devant un parterre de cadres de maison de disques. Intimid&eacute;s, ils ont quitt&eacute; la sc&egrave;ne presque en s&rsquo;excusant alors que, franchement, ils m&eacute;ritent. Peter Bj&ouml;rn et John, eux, d&eacute;barquent&hellip;<\/p>\n","protected":false},"author":1,"featured_media":24868,"comment_status":"open","ping_status":"open","sticky":false,"template":"","format":"standard","meta":{"_acf_changed":false,"ngg_post_thumbnail":0,"jetpack_post_was_ever_published":false,"_jetpack_newsletter_access":"","_jetpack_dont_email_post_to_subs":false,"_jetpack_newsletter_tier_id":0,"_jetpack_memberships_contains_paywalled_content":false,"_jetpack_memberships_contains_paid_content":false,"footnotes":"","jetpack_publicize_message":"","jetpack_publicize_feature_enabled":true,"jetpack_social_post_already_shared":false,"jetpack_social_options":{"image_generator_settings":{"template":"highway","default_image_id":0,"font":"","enabled":false},"version":2}},"categories":[7],"tags":[10134,10268,10084,196,132,10120,10121,10361,143,10098,1729,1975,1730],"class_list":["post-935","post","type-post","status-publish","format-standard","has-post-thumbnail","hentry","category-alive","tag-10134","tag-10268","tag-alive","tag-ef-28-70-mm-f28l-usm","tag-eos-20d","tag-france","tag-ile-de-france","tag-le-trabendo","tag-noir-et-blanc","tag-paris","tag-peter-bjorn-and-john","tag-the-tellers","tag-young-folks"],"acf":[],"geo":{"latitude":48.8926849,"longitude":2.3939588,"description":"All\u00e9e du Belv\u00e9d\u00e8re, 75019 Paris, France"},"jetpack_publicize_connections":[],"jetpack_featured_media_url":"https:\/\/www.wallendorff.com\/belogue\/wp-content\/uploads\/2015\/04\/200704171.jpg","jetpack_shortlink":"https:\/\/wp.me\/p3b35P-f5","jetpack_sharing_enabled":true,"jetpack-related-posts":[{"id":943,"url":"https:\/\/www.wallendorff.com\/belogue\/2007\/05\/03\/cold-war-kids-le-trabendo-paris\/","url_meta":{"origin":935,"position":0},"title":"Cold War Kids @ le Trabendo, Paris.","author":"dpc","date":"3 mai 2007","format":false,"excerpt":"La session acoustique promettait, l'album m'a d\u00e9\u00e7u. Trop lascif, trop simple, trop brouillon, pas assez envol\u00e9, rien d'excitant l\u00e0-dedans. Vient le live. D'entr\u00e9e, le quator lave mes aprioris. Cold War Kids bougent comme on ne le voit plus assez souvent, chapeaux \u00e0 la con sur la t\u00eate et sourire aux\u2026","rel":"","context":"Dans &quot;Alive&quot;","block_context":{"text":"Alive","link":"https:\/\/www.wallendorff.com\/belogue\/category\/alive\/"},"img":{"alt_text":"","src":"https:\/\/i0.wp.com\/www.wallendorff.com\/belogue\/wp-content\/uploads\/2015\/04\/200705031.jpg?resize=350%2C200&ssl=1","width":350,"height":200},"classes":[]},{"id":7463,"url":"https:\/\/www.wallendorff.com\/belogue\/2010\/04\/29\/nada-surf-le-trabendo-paris\/","url_meta":{"origin":935,"position":1},"title":"Nada Surf @ le Trabendo, Paris.","author":"dpc","date":"29 avril 2010","format":false,"excerpt":"Weightless | Whose Authority | Happy Kid | Inside of Love | Killian's Red | What Is Your Secret? | Love Goes On (The Go\u2010Betweens) | Fruit Fly | 80 Windows | Enjoy the Silence (Depeche Mode) | Electrocution (Bill Fox) | Blizzard of '77 | Ice on the Wing\u2026","rel":"","context":"Dans &quot;Alive&quot;","block_context":{"text":"Alive","link":"https:\/\/www.wallendorff.com\/belogue\/category\/alive\/"},"img":{"alt_text":"","src":"https:\/\/i0.wp.com\/www.wallendorff.com\/belogue\/wp-content\/uploads\/2015\/04\/201004291.jpg?resize=350%2C200&ssl=1","width":350,"height":200,"srcset":"https:\/\/i0.wp.com\/www.wallendorff.com\/belogue\/wp-content\/uploads\/2015\/04\/201004291.jpg?resize=350%2C200&ssl=1 1x, https:\/\/i0.wp.com\/www.wallendorff.com\/belogue\/wp-content\/uploads\/2015\/04\/201004291.jpg?resize=525%2C300&ssl=1 1.5x, https:\/\/i0.wp.com\/www.wallendorff.com\/belogue\/wp-content\/uploads\/2015\/04\/201004291.jpg?resize=700%2C400&ssl=1 2x"},"classes":[]},{"id":874,"url":"https:\/\/www.wallendorff.com\/belogue\/2007\/01\/14\/peter-bjorn-john-la-maroquinerie-paris\/","url_meta":{"origin":935,"position":2},"title":"Peter Bj\u00f6rn &amp; John @ la Maroquinerie, Paris.","author":"dpc","date":"14 janvier 2007","format":false,"excerpt":"Comme leur groupe l'indique\u00a0: Peter au chant, Bj\u00f6rn \u00e0 la basse et John \u00e0 la batterie. Intro \u00e0 la Air, pop douce qui glisse toute seule, vaguement Beatles, un peu Simon & Garfunkel, Peter lit ses discours dans un fran\u00e7ais balbutiant et louable sur des s\u00e9ries de petits bouts de\u2026","rel":"","context":"Dans &quot;Alive&quot;","block_context":{"text":"Alive","link":"https:\/\/www.wallendorff.com\/belogue\/category\/alive\/"},"img":{"alt_text":"","src":"https:\/\/i0.wp.com\/www.wallendorff.com\/belogue\/wp-content\/uploads\/2015\/04\/200701141.jpg?resize=350%2C200&ssl=1","width":350,"height":200},"classes":[]},{"id":20320,"url":"https:\/\/www.wallendorff.com\/belogue\/2007\/10\/20\/hard-fi-le-trabendo-paris\/","url_meta":{"origin":935,"position":3},"title":"Hard-Fi @ le Trabendo, Paris.","author":"dpc","date":"20 octobre 2007","format":false,"excerpt":"Middle Eastern Holiday | I Close My Eyes | Tied Up Too Tight | I Shall Overcome | Can't Get Along | Better Do Better | Television | Suburban Knights | We Need Love | Cash Machine | Hard to Beat || Tonight | Stars of CCTV | Living for\u2026","rel":"","context":"Dans &quot;Alive&quot;","block_context":{"text":"Alive","link":"https:\/\/www.wallendorff.com\/belogue\/category\/alive\/"},"img":{"alt_text":"","src":"https:\/\/i0.wp.com\/www.wallendorff.com\/belogue\/wp-content\/uploads\/2015\/04\/200711103.jpg?resize=350%2C200&ssl=1","width":350,"height":200},"classes":[]},{"id":1154,"url":"https:\/\/www.wallendorff.com\/belogue\/2008\/02\/04\/killerpilze-le-trabendo-paris-2\/","url_meta":{"origin":935,"position":4},"title":"KillerPilze @ le Trabendo, Paris.","author":"dpc","date":"4 f\u00e9vrier 2008","format":false,"excerpt":"Fait chaud, Fait chaud faut pas, Faut pas \u00e9tudier. Et tous en ch\u0153ur\u00a0: \u00a0KillerPilze \u2013 Springst Hoch","rel":"","context":"Dans &quot;Alive&quot;","block_context":{"text":"Alive","link":"https:\/\/www.wallendorff.com\/belogue\/category\/alive\/"},"img":{"alt_text":"","src":"https:\/\/i0.wp.com\/www.wallendorff.com\/belogue\/wp-content\/uploads\/2015\/04\/200802041.jpg?resize=350%2C200&ssl=1","width":350,"height":200,"srcset":"https:\/\/i0.wp.com\/www.wallendorff.com\/belogue\/wp-content\/uploads\/2015\/04\/200802041.jpg?resize=350%2C200&ssl=1 1x, https:\/\/i0.wp.com\/www.wallendorff.com\/belogue\/wp-content\/uploads\/2015\/04\/200802041.jpg?resize=525%2C300&ssl=1 1.5x, https:\/\/i0.wp.com\/www.wallendorff.com\/belogue\/wp-content\/uploads\/2015\/04\/200802041.jpg?resize=700%2C400&ssl=1 2x"},"classes":[]},{"id":3560,"url":"https:\/\/www.wallendorff.com\/belogue\/2008\/11\/06\/the-pigeon-detectives-le-trabendo-paris\/","url_meta":{"origin":935,"position":5},"title":"The Pigeon Detectives @ le Trabendo, Paris.","author":"dpc","date":"6 novembre 2008","format":false,"excerpt":"The White Stripes \u2013 I Can't Wait Cette photo est donc plus ou moins la seule viable de la soir\u00e9e d'hier. Y'a quand m\u00eame des soirs o\u00f9 c'est dur, la vie de photographeur de rock star. [Pour le reste les Pigeons d\u00e9foncent, c'\u00e9tait une d\u00e9couverte sc\u00e9nique pour moi et \u00e7a\u2026","rel":"","context":"Dans &quot;Alive&quot;","block_context":{"text":"Alive","link":"https:\/\/www.wallendorff.com\/belogue\/category\/alive\/"},"img":{"alt_text":"","src":"https:\/\/i0.wp.com\/www.wallendorff.com\/belogue\/wp-content\/uploads\/2015\/04\/200811061.jpg?resize=350%2C200&ssl=1","width":350,"height":200,"srcset":"https:\/\/i0.wp.com\/www.wallendorff.com\/belogue\/wp-content\/uploads\/2015\/04\/200811061.jpg?resize=350%2C200&ssl=1 1x, https:\/\/i0.wp.com\/www.wallendorff.com\/belogue\/wp-content\/uploads\/2015\/04\/200811061.jpg?resize=525%2C300&ssl=1 1.5x, https:\/\/i0.wp.com\/www.wallendorff.com\/belogue\/wp-content\/uploads\/2015\/04\/200811061.jpg?resize=700%2C400&ssl=1 2x"},"classes":[]}],"_links":{"self":[{"href":"https:\/\/www.wallendorff.com\/belogue\/wp-json\/wp\/v2\/posts\/935","targetHints":{"allow":["GET"]}}],"collection":[{"href":"https:\/\/www.wallendorff.com\/belogue\/wp-json\/wp\/v2\/posts"}],"about":[{"href":"https:\/\/www.wallendorff.com\/belogue\/wp-json\/wp\/v2\/types\/post"}],"author":[{"embeddable":true,"href":"https:\/\/www.wallendorff.com\/belogue\/wp-json\/wp\/v2\/users\/1"}],"replies":[{"embeddable":true,"href":"https:\/\/www.wallendorff.com\/belogue\/wp-json\/wp\/v2\/comments?post=935"}],"version-history":[{"count":3,"href":"https:\/\/www.wallendorff.com\/belogue\/wp-json\/wp\/v2\/posts\/935\/revisions"}],"predecessor-version":[{"id":19071,"href":"https:\/\/www.wallendorff.com\/belogue\/wp-json\/wp\/v2\/posts\/935\/revisions\/19071"}],"wp:featuredmedia":[{"embeddable":true,"href":"https:\/\/www.wallendorff.com\/belogue\/wp-json\/wp\/v2\/media\/24868"}],"wp:attachment":[{"href":"https:\/\/www.wallendorff.com\/belogue\/wp-json\/wp\/v2\/media?parent=935"}],"wp:term":[{"taxonomy":"category","embeddable":true,"href":"https:\/\/www.wallendorff.com\/belogue\/wp-json\/wp\/v2\/categories?post=935"},{"taxonomy":"post_tag","embeddable":true,"href":"https:\/\/www.wallendorff.com\/belogue\/wp-json\/wp\/v2\/tags?post=935"}],"curies":[{"name":"wp","href":"https:\/\/api.w.org\/{rel}","templated":true}]}}