{"id":932,"date":"2007-04-12T08:27:42","date_gmt":"2007-04-12T08:27:42","guid":{"rendered":"http:\/\/www.po-l.com\/wordpress\/?p=932"},"modified":"2012-02-19T17:54:06","modified_gmt":"2012-02-19T15:54:06","slug":"guit-art-6","status":"publish","type":"post","link":"https:\/\/www.wallendorff.com\/belogue\/2007\/04\/12\/guit-art-6\/","title":{"rendered":"Guit&rsquo;Art #6."},"content":{"rendered":"\n<div id=\"photo\">\n<p><img fetchpriority=\"high\" decoding=\"async\" src=\"https:\/\/www.wallendorff.com\/belogue\/photo\/2007\/04\/20070412.jpg\" width=\"300\" height=\"420\" \/><br \/>\n          L&rsquo;Olympic, Nantes, 30 mars.<\/p>\n<\/p><\/div>\n<p style=\"text-align:right\">[Y&rsquo;avait longtemps, hein&nbsp;?]<\/p>\n<div id=\"bandeson\">\n<p><img decoding=\"async\" src=\"https:\/\/www.wallendorff.com\/belogue\/photo\/pochettes\/b\/black_rebel_motorcycle_club-take_them_on_on_your_own.jpg\" align=\"left\" \/>&nbsp;<a href=\"http:\/\/www.blackrebelmotorcycleclub.com\/\">Noire Rebelle Amicale de Motobylettes<\/a> &ndash; <em>Stop<\/em><\/p>\n<\/p><\/div>\n","protected":false},"excerpt":{"rendered":"<p>L&rsquo;Olympic, Nantes, 30 mars. [Y&rsquo;avait longtemps, hein&nbsp;?] &nbsp;Noire Rebelle Amicale de Motobylettes &ndash; Stop<\/p>\n","protected":false},"author":1,"featured_media":24865,"comment_status":"open","ping_status":"open","sticky":false,"template":"","format":"standard","meta":{"_acf_changed":false,"ngg_post_thumbnail":0,"jetpack_post_was_ever_published":false,"_jetpack_newsletter_access":"","_jetpack_dont_email_post_to_subs":false,"_jetpack_newsletter_tier_id":0,"_jetpack_memberships_contains_paywalled_content":false,"_jetpack_memberships_contains_paid_content":false,"footnotes":"","jetpack_publicize_message":"","jetpack_publicize_feature_enabled":true,"jetpack_social_post_already_shared":false,"jetpack_social_options":{"image_generator_settings":{"template":"highway","default_image_id":0,"font":"","enabled":false},"version":2}},"categories":[9],"tags":[10215,10118,1438,132,10120,10192,1969,1268,10138,1970,143,10325,123],"class_list":["post-932","post","type-post","status-publish","format-standard","has-post-thumbnail","hentry","category-guit-art","tag-backstage","tag-black-rebel-motorcycle-club","tag-ef-50-mm-f14-usm","tag-eos-20d","tag-france","tag-guitare","tag-lolympic","tag-loire-atlantique","tag-mademoiselle-k","tag-nantes","tag-noir-et-blanc","tag-pays-de-la-loire","tag-stop"],"acf":[],"geo":{"latitude":47.1996765,"longitude":-1.5888065,"description":"15-21 Rue de la Tannerie, 44100 Nantes, France"},"jetpack_publicize_connections":[],"jetpack_featured_media_url":"https:\/\/www.wallendorff.com\/belogue\/wp-content\/uploads\/2015\/04\/200704121.jpg","jetpack_shortlink":"https:\/\/wp.me\/p3b35P-f2","jetpack_sharing_enabled":true,"jetpack-related-posts":[{"id":925,"url":"https:\/\/www.wallendorff.com\/belogue\/2007\/03\/31\/mademoiselle-k-l-olympic-nantes\/","url_meta":{"origin":932,"position":0},"title":"Mademoiselle K @ l&rsquo;Olympic, Nantes.","author":"dpc","date":"31 mars 2007","format":false,"excerpt":"Bon, j'ai pas vraiment le temps de faire une vraie note dessus, alors \u00e0 la place, vu que les Naast tout juste sortis de prison \u00e9taient en premi\u00e8re partie, provoquant \u00e9meutes nubiles et glabres exhibitions, et que donc du coup paf \u00e7a a un lien, je vous enjoins \u00e0 aller\u2026","rel":"","context":"Dans &quot;Alive&quot;","block_context":{"text":"Alive","link":"https:\/\/www.wallendorff.com\/belogue\/category\/alive\/"},"img":{"alt_text":"","src":"https:\/\/i0.wp.com\/www.wallendorff.com\/belogue\/wp-content\/uploads\/2015\/04\/200703311.jpg?resize=350%2C200&ssl=1","width":350,"height":200,"srcset":"https:\/\/i0.wp.com\/www.wallendorff.com\/belogue\/wp-content\/uploads\/2015\/04\/200703311.jpg?resize=350%2C200&ssl=1 1x, https:\/\/i0.wp.com\/www.wallendorff.com\/belogue\/wp-content\/uploads\/2015\/04\/200703311.jpg?resize=525%2C300&ssl=1 1.5x, https:\/\/i0.wp.com\/www.wallendorff.com\/belogue\/wp-content\/uploads\/2015\/04\/200703311.jpg?resize=700%2C400&ssl=1 2x"},"classes":[]},{"id":788,"url":"https:\/\/www.wallendorff.com\/belogue\/2006\/09\/17\/guit-art-1\/","url_meta":{"origin":932,"position":1},"title":"Guit&rsquo;Art #1.","author":"dpc","date":"17 septembre 2006","format":false,"excerpt":"La Fl\u00e8che d'Or, Paris, 7 septembre. \u00a0Semifinalists\u00a0\u2015 Show the Way","rel":"","context":"Dans &quot;Guit'Art&quot;","block_context":{"text":"Guit'Art","link":"https:\/\/www.wallendorff.com\/belogue\/category\/guit-art\/"},"img":{"alt_text":"","src":"https:\/\/i0.wp.com\/www.wallendorff.com\/belogue\/wp-content\/uploads\/2015\/04\/200609171.jpg?resize=350%2C200&ssl=1","width":350,"height":200},"classes":[]},{"id":789,"url":"https:\/\/www.wallendorff.com\/belogue\/2006\/09\/18\/guit-art-2\/","url_meta":{"origin":932,"position":2},"title":"Guit&rsquo;Art #2.","author":"dpc","date":"18 septembre 2006","format":false,"excerpt":"La Fl\u00e8che d'Or, Paris, 7 septembre. \u00a0Soul Asylum \u2013 Without a Trace (live)","rel":"","context":"Dans &quot;Guit'Art&quot;","block_context":{"text":"Guit'Art","link":"https:\/\/www.wallendorff.com\/belogue\/category\/guit-art\/"},"img":{"alt_text":"","src":"https:\/\/i0.wp.com\/www.wallendorff.com\/belogue\/wp-content\/uploads\/2015\/04\/200609181.jpg?resize=350%2C200&ssl=1","width":350,"height":200},"classes":[]},{"id":833,"url":"https:\/\/www.wallendorff.com\/belogue\/2006\/11\/20\/guit-art-5\/","url_meta":{"origin":932,"position":3},"title":"Guit&rsquo;Art #5.","author":"dpc","date":"20 novembre 2006","format":false,"excerpt":"Le Bataclan, Paris, 10 novembre. H\u00e9h\u00e9h\u00e9h\u00e9. \u00a0Radiohead \u2013 The National Anthem (live)","rel":"","context":"Dans &quot;Guit'Art&quot;","block_context":{"text":"Guit'Art","link":"https:\/\/www.wallendorff.com\/belogue\/category\/guit-art\/"},"img":{"alt_text":"","src":"https:\/\/i0.wp.com\/www.wallendorff.com\/belogue\/wp-content\/uploads\/2015\/04\/200611201.jpg?resize=350%2C200&ssl=1","width":350,"height":200},"classes":[]},{"id":991,"url":"https:\/\/www.wallendorff.com\/belogue\/2007\/07\/11\/guit-art-8\/","url_meta":{"origin":932,"position":4},"title":"Guit&rsquo;art #8.","author":"dpc","date":"11 juillet 2007","format":false,"excerpt":"La Loggia, Eurock\u00e9ennes de Belfort, 29 juin. \u00a0Blanche \u2013 I'm Sure of It","rel":"","context":"Dans &quot;Guit'Art&quot;","block_context":{"text":"Guit'Art","link":"https:\/\/www.wallendorff.com\/belogue\/category\/guit-art\/"},"img":{"alt_text":"","src":"https:\/\/i0.wp.com\/www.wallendorff.com\/belogue\/wp-content\/uploads\/2015\/04\/200707111.jpg?resize=350%2C200&ssl=1","width":350,"height":200},"classes":[]},{"id":9770,"url":"https:\/\/www.wallendorff.com\/belogue\/2010\/11\/09\/guitart-10\/","url_meta":{"origin":932,"position":5},"title":"Guit&rsquo;art #10.","author":"dpc","date":"9 novembre 2010","format":false,"excerpt":"Hellstone Music, Stockholm, 30 ao\u00fbt. Le dernier datait un peu. The Wombats \u2013 Jump into the Fog","rel":"","context":"Dans &quot;Guit'Art&quot;","block_context":{"text":"Guit'Art","link":"https:\/\/www.wallendorff.com\/belogue\/category\/guit-art\/"},"img":{"alt_text":"","src":"https:\/\/i0.wp.com\/www.wallendorff.com\/belogue\/wp-content\/uploads\/2015\/04\/201011091.jpg?resize=350%2C200&ssl=1","width":350,"height":200},"classes":[]}],"_links":{"self":[{"href":"https:\/\/www.wallendorff.com\/belogue\/wp-json\/wp\/v2\/posts\/932","targetHints":{"allow":["GET"]}}],"collection":[{"href":"https:\/\/www.wallendorff.com\/belogue\/wp-json\/wp\/v2\/posts"}],"about":[{"href":"https:\/\/www.wallendorff.com\/belogue\/wp-json\/wp\/v2\/types\/post"}],"author":[{"embeddable":true,"href":"https:\/\/www.wallendorff.com\/belogue\/wp-json\/wp\/v2\/users\/1"}],"replies":[{"embeddable":true,"href":"https:\/\/www.wallendorff.com\/belogue\/wp-json\/wp\/v2\/comments?post=932"}],"version-history":[{"count":1,"href":"https:\/\/www.wallendorff.com\/belogue\/wp-json\/wp\/v2\/posts\/932\/revisions"}],"predecessor-version":[{"id":15944,"href":"https:\/\/www.wallendorff.com\/belogue\/wp-json\/wp\/v2\/posts\/932\/revisions\/15944"}],"wp:featuredmedia":[{"embeddable":true,"href":"https:\/\/www.wallendorff.com\/belogue\/wp-json\/wp\/v2\/media\/24865"}],"wp:attachment":[{"href":"https:\/\/www.wallendorff.com\/belogue\/wp-json\/wp\/v2\/media?parent=932"}],"wp:term":[{"taxonomy":"category","embeddable":true,"href":"https:\/\/www.wallendorff.com\/belogue\/wp-json\/wp\/v2\/categories?post=932"},{"taxonomy":"post_tag","embeddable":true,"href":"https:\/\/www.wallendorff.com\/belogue\/wp-json\/wp\/v2\/tags?post=932"}],"curies":[{"name":"wp","href":"https:\/\/api.w.org\/{rel}","templated":true}]}}