{"id":93,"date":"2006-03-05T10:59:52","date_gmt":"2006-03-05T10:59:52","guid":{"rendered":"http:\/\/www.po-l.com\/wordpress\/?p=93"},"modified":"2012-02-13T13:44:18","modified_gmt":"2012-02-13T11:44:18","slug":"c-pas-sin-vedder","status":"publish","type":"post","link":"https:\/\/www.wallendorff.com\/belogue\/2006\/03\/05\/c-pas-sin-vedder\/","title":{"rendered":"C&rsquo;pas sin Vedder\u00b9."},"content":{"rendered":"\n<div id=\"photo\">\n<p><img decoding=\"async\" src=\"http:\/\/www.po-L.com\/belogue\/photo\/2006\/03\/20060305.jpg\" \/><br \/>\n            Poste du Louvre, Paris, 20 f&eacute;vrier, 23h01.<\/p>\n<\/p><\/div>\n<p> &Ecirc;tre rock en 2006, c&rsquo;est rentrer du concert d&rsquo;Hard Fi et trouver dans sa bo&icirc;te mail ch&eacute;rie  gr&acirc;ce &agrave; un ami qui me veut du bien un enregistrement de la premi&egrave;re mondiale en radio du nouveau single de Pearl Jam, propos&eacute; en t&eacute;l&eacute;chargement gratos sur le site officiel &agrave; compter du 8 mars, l&rsquo;&eacute;couter et se dire que ouais, il sonne bien, et que c&rsquo;est cool, plut&ocirc;t. L&rsquo;album sort le 2 mai. <\/p>\n<div id=\"bandeson\">\n<p><img decoding=\"async\" src=\"https:\/\/www.wallendorff.com\/belogue\/photo\/pochettes\/p\/pearl_jam-pearl_jam.jpg\" align=\"left\" \/>&nbsp;<a href=\"http:\/\/www.tenclub.net\/\">Pearl Jam<\/a> &ndash; <em>Worldwide Suicide<\/em><\/p>\n<\/p><\/div>\n<p>_____<\/p>\n<div id=\"bas_note\">\n<p><sup>1<\/sup> Grave d&eacute;bile, je sais, mais j&rsquo;avais envie de soucoupes volantes.<\/p>\n<\/p><\/div>\n","protected":false},"excerpt":{"rendered":"<p>Poste du Louvre, Paris, 20 f&eacute;vrier, 23h01. &Ecirc;tre rock en 2006, c&rsquo;est rentrer du concert d&rsquo;Hard Fi et trouver dans sa bo&icirc;te mail ch&eacute;rie gr&acirc;ce &agrave; un ami qui me veut du bien un enregistrement de la premi&egrave;re mondiale en radio du nouveau single de Pearl Jam, propos&eacute; en t&eacute;l&eacute;chargement gratos sur le site officiel&hellip;<\/p>\n","protected":false},"author":1,"featured_media":24028,"comment_status":"closed","ping_status":"closed","sticky":false,"template":"","format":"standard","meta":{"_acf_changed":false,"ngg_post_thumbnail":0,"jetpack_post_was_ever_published":false,"_jetpack_newsletter_access":"","_jetpack_dont_email_post_to_subs":false,"_jetpack_newsletter_tier_id":0,"_jetpack_memberships_contains_paywalled_content":false,"_jetpack_memberships_contains_paid_content":false,"footnotes":"","jetpack_publicize_message":"","jetpack_publicize_feature_enabled":true,"jetpack_social_post_already_shared":false,"jetpack_social_options":{"image_generator_settings":{"template":"highway","default_image_id":0,"font":"","enabled":false},"version":2}},"categories":[3],"tags":[10182,132,10120,10121,10278,143,10098,10165,10377,1495,173,1497],"class_list":["post-93","post","type-post","status-publish","format-standard","has-post-thumbnail","hentry","category-dpc","tag-10182","tag-eos-20d","tag-france","tag-ile-de-france","tag-lampadaire","tag-noir-et-blanc","tag-paris","tag-pearl-jam","tag-plafond","tag-poste-centrale-du-louvre","tag-sigma-28-70-mm-f28-dg-ex","tag-worldwide-suicide"],"acf":[],"geo":{"latitude":48.8648987,"longitude":2.3431242,"description":null},"jetpack_publicize_connections":[],"jetpack_featured_media_url":"https:\/\/www.wallendorff.com\/belogue\/wp-content\/uploads\/2015\/04\/200603051.jpg","jetpack_shortlink":"https:\/\/wp.me\/p3b35P-1v","jetpack_sharing_enabled":true,"jetpack-related-posts":[{"id":130583,"url":"https:\/\/www.wallendorff.com\/belogue\/2024\/08\/31\/aout-2024\/","url_meta":{"origin":93,"position":0},"title":"Ao\u00fbt 2024.","author":"dpc","date":"31 ao\u00fbt 2024","format":false,"excerpt":"Un ap\u00e9ro, une grosse boule, une pose, un coucher de soleil, une longue attente pour rien, un orage, des anneaux, une fanezone, une course de v\u00e9locip\u00e8de, un h\u00e9ros c\u00e9l\u00e8bre, un coucher de soleil, une grosse boule, un bout d'ombre, un tas de planches, un drapeau, des phryges, une grosse boule,\u2026","rel":"","context":"Dans &quot;Blog-note&quot;","block_context":{"text":"Blog-note","link":"https:\/\/www.wallendorff.com\/belogue\/category\/blog-note\/"},"img":{"alt_text":"","src":"https:\/\/i0.wp.com\/www.wallendorff.com\/belogue\/wp-content\/uploads\/2024\/09\/20240916-31.jpg?resize=350%2C200&ssl=1","width":350,"height":200,"srcset":"https:\/\/i0.wp.com\/www.wallendorff.com\/belogue\/wp-content\/uploads\/2024\/09\/20240916-31.jpg?resize=350%2C200&ssl=1 1x, https:\/\/i0.wp.com\/www.wallendorff.com\/belogue\/wp-content\/uploads\/2024\/09\/20240916-31.jpg?resize=525%2C300&ssl=1 1.5x, https:\/\/i0.wp.com\/www.wallendorff.com\/belogue\/wp-content\/uploads\/2024\/09\/20240916-31.jpg?resize=700%2C400&ssl=1 2x, https:\/\/i0.wp.com\/www.wallendorff.com\/belogue\/wp-content\/uploads\/2024\/09\/20240916-31.jpg?resize=1050%2C600&ssl=1 3x"},"classes":[]},{"id":130562,"url":"https:\/\/www.wallendorff.com\/belogue\/2024\/09\/09\/trois-petits-jours-et-puis-sen-vasque\/","url_meta":{"origin":93,"position":1},"title":"Trois petits jours et puis s&rsquo;en vasque.","author":"dpc","date":"9 septembre 2024","format":false,"excerpt":"[Bon techniquement ces photos s'\u00e9talent sur 6 jours plut\u00f4t que 3 mais \u00e7'e\u00fbt rendu le jeu de mot encore plus foireux.]Adieu ma montgolfi\u00e8re pr\u00e9f\u00e9r\u00e9e. On se sera bien amus\u00e9.","rel":"","context":"Dans &quot;DPC&quot;","block_context":{"text":"DPC","link":"https:\/\/www.wallendorff.com\/belogue\/category\/dpc\/"},"img":{"alt_text":"","src":"https:\/\/i0.wp.com\/www.wallendorff.com\/belogue\/wp-content\/uploads\/2024\/09\/20240909-04.jpg?resize=350%2C200&ssl=1","width":350,"height":200,"srcset":"https:\/\/i0.wp.com\/www.wallendorff.com\/belogue\/wp-content\/uploads\/2024\/09\/20240909-04.jpg?resize=350%2C200&ssl=1 1x, https:\/\/i0.wp.com\/www.wallendorff.com\/belogue\/wp-content\/uploads\/2024\/09\/20240909-04.jpg?resize=525%2C300&ssl=1 1.5x, https:\/\/i0.wp.com\/www.wallendorff.com\/belogue\/wp-content\/uploads\/2024\/09\/20240909-04.jpg?resize=700%2C400&ssl=1 2x, https:\/\/i0.wp.com\/www.wallendorff.com\/belogue\/wp-content\/uploads\/2024\/09\/20240909-04.jpg?resize=1050%2C600&ssl=1 3x"},"classes":[]},{"id":429,"url":"https:\/\/www.wallendorff.com\/belogue\/2005\/03\/26\/camps-des-labres\/","url_meta":{"origin":93,"position":2},"title":"Camps des labres\u00b9.","author":"dpc","date":"26 mars 2005","format":false,"excerpt":"Le Louvre, Paris, 22 mars. \u00a0Pearl Jam \u2013 Better Man _____ 1 Bien s\u00fbr que si, \u00e7a existe, un labre. C'est un \u00ab\u00a0poisson marin \u00e0 dentition double et l\u00e8vres \u00e9paisses2, aux couleurs vives (en particulier le m\u00e2le), comestible mais peu estim\u00e9, vivant dans les eaux peu profondes des c\u00f4tes rocheuses.\u00a0\u00bb\u2026","rel":"","context":"Dans &quot;DPC&quot;","block_context":{"text":"DPC","link":"https:\/\/www.wallendorff.com\/belogue\/category\/dpc\/"},"img":{"alt_text":"","src":"https:\/\/i0.wp.com\/www.wallendorff.com\/belogue\/wp-content\/uploads\/2015\/04\/20050326-011.jpg?resize=350%2C200&ssl=1","width":350,"height":200},"classes":[]},{"id":129867,"url":"https:\/\/www.wallendorff.com\/belogue\/2024\/08\/06\/bulle-tint-mais-tres-haut\/","url_meta":{"origin":93,"position":3},"title":"Bulle tint [mais tr\u00e8s haut].","author":"dpc","date":"6 ao\u00fbt 2024","format":false,"excerpt":"Elle a de la gueule, cette vasque, et elle fait presque l'unanimit\u00e9. Sur place je n'ai vu que des gens heureux d'\u00eatre l\u00e0, sans aucune manifestation d\u00e9sapprobatoire des anti-vasques.[Pardon.]","rel":"","context":"Dans &quot;DPC&quot;","block_context":{"text":"DPC","link":"https:\/\/www.wallendorff.com\/belogue\/category\/dpc\/"},"img":{"alt_text":"","src":"https:\/\/i0.wp.com\/www.wallendorff.com\/belogue\/wp-content\/uploads\/2024\/08\/20240806-17.jpg?resize=350%2C200&ssl=1","width":350,"height":200,"srcset":"https:\/\/i0.wp.com\/www.wallendorff.com\/belogue\/wp-content\/uploads\/2024\/08\/20240806-17.jpg?resize=350%2C200&ssl=1 1x, https:\/\/i0.wp.com\/www.wallendorff.com\/belogue\/wp-content\/uploads\/2024\/08\/20240806-17.jpg?resize=525%2C300&ssl=1 1.5x, https:\/\/i0.wp.com\/www.wallendorff.com\/belogue\/wp-content\/uploads\/2024\/08\/20240806-17.jpg?resize=700%2C400&ssl=1 2x, https:\/\/i0.wp.com\/www.wallendorff.com\/belogue\/wp-content\/uploads\/2024\/08\/20240806-17.jpg?resize=1050%2C600&ssl=1 3x"},"classes":[]},{"id":20264,"url":"https:\/\/www.wallendorff.com\/belogue\/2006\/05\/02\/pearl-jam\/","url_meta":{"origin":93,"position":4},"title":"Pearl Jam","author":"dpc","date":"2 mai 2006","format":false,"excerpt":"Monkeywrench_50\u201945\u201d_02\/05 Derniers repr\u00e9sentants vivants du grunge, inclassables depuis 10 ans, Pearl Jam ont pu survivre gr\u00e2ce au soutien sans faille d\u2019une base de fans toujours fid\u00e8les au poste. Repartant de z\u00e9ro dans un nouvel-ex-label (Sony, qu\u2019ils ont quitt\u00e9 en 2004 pour RCA\/BMG, fusionn\u00e9 depuis\u2026 avec Sony), le gang de Seattle\u2026","rel":"","context":"Dans &quot;Chroniques&quot;","block_context":{"text":"Chroniques","link":"https:\/\/www.wallendorff.com\/belogue\/category\/chroniques\/"},"img":{"alt_text":"","src":"","width":0,"height":0},"classes":[]},{"id":125717,"url":"https:\/\/www.wallendorff.com\/belogue\/2023\/07\/28\/losanges-laissent\/","url_meta":{"origin":93,"position":5},"title":"Losanges laissent.","author":"dpc","date":"28 juillet 2023","format":false,"excerpt":"Palais du Louvre, Paris, 12 mai 2023.","rel":"","context":"Dans &quot;DPC&quot;","block_context":{"text":"DPC","link":"https:\/\/www.wallendorff.com\/belogue\/category\/dpc-en\/"},"img":{"alt_text":"","src":"https:\/\/i0.wp.com\/www.wallendorff.com\/belogue\/wp-content\/uploads\/2023\/07\/20230728.jpg?resize=350%2C200&ssl=1","width":350,"height":200,"srcset":"https:\/\/i0.wp.com\/www.wallendorff.com\/belogue\/wp-content\/uploads\/2023\/07\/20230728.jpg?resize=350%2C200&ssl=1 1x, https:\/\/i0.wp.com\/www.wallendorff.com\/belogue\/wp-content\/uploads\/2023\/07\/20230728.jpg?resize=525%2C300&ssl=1 1.5x, https:\/\/i0.wp.com\/www.wallendorff.com\/belogue\/wp-content\/uploads\/2023\/07\/20230728.jpg?resize=700%2C400&ssl=1 2x, https:\/\/i0.wp.com\/www.wallendorff.com\/belogue\/wp-content\/uploads\/2023\/07\/20230728.jpg?resize=1050%2C600&ssl=1 3x"},"classes":[]}],"_links":{"self":[{"href":"https:\/\/www.wallendorff.com\/belogue\/wp-json\/wp\/v2\/posts\/93","targetHints":{"allow":["GET"]}}],"collection":[{"href":"https:\/\/www.wallendorff.com\/belogue\/wp-json\/wp\/v2\/posts"}],"about":[{"href":"https:\/\/www.wallendorff.com\/belogue\/wp-json\/wp\/v2\/types\/post"}],"author":[{"embeddable":true,"href":"https:\/\/www.wallendorff.com\/belogue\/wp-json\/wp\/v2\/users\/1"}],"replies":[{"embeddable":true,"href":"https:\/\/www.wallendorff.com\/belogue\/wp-json\/wp\/v2\/comments?post=93"}],"version-history":[{"count":1,"href":"https:\/\/www.wallendorff.com\/belogue\/wp-json\/wp\/v2\/posts\/93\/revisions"}],"predecessor-version":[{"id":15835,"href":"https:\/\/www.wallendorff.com\/belogue\/wp-json\/wp\/v2\/posts\/93\/revisions\/15835"}],"wp:featuredmedia":[{"embeddable":true,"href":"https:\/\/www.wallendorff.com\/belogue\/wp-json\/wp\/v2\/media\/24028"}],"wp:attachment":[{"href":"https:\/\/www.wallendorff.com\/belogue\/wp-json\/wp\/v2\/media?parent=93"}],"wp:term":[{"taxonomy":"category","embeddable":true,"href":"https:\/\/www.wallendorff.com\/belogue\/wp-json\/wp\/v2\/categories?post=93"},{"taxonomy":"post_tag","embeddable":true,"href":"https:\/\/www.wallendorff.com\/belogue\/wp-json\/wp\/v2\/tags?post=93"}],"curies":[{"name":"wp","href":"https:\/\/api.w.org\/{rel}","templated":true}]}}