{"id":9281,"date":"2010-09-19T13:28:31","date_gmt":"2010-09-19T11:28:31","guid":{"rendered":"http:\/\/www.po-l.com\/belogue\/?p=9281"},"modified":"2012-07-02T10:32:00","modified_gmt":"2012-07-02T08:32:00","slug":"woodpigeon-la-fleche-dor-paris","status":"publish","type":"post","link":"https:\/\/www.wallendorff.com\/belogue\/2010\/09\/19\/woodpigeon-la-fleche-dor-paris\/","title":{"rendered":"Woodpigeon @ la Fl\u00e8che d&rsquo;Or, Paris."},"content":{"rendered":"\n<div id=\"photo\">\n<p><img decoding=\"async\" src=\"https:\/\/www.wallendorff.com\/belogue\/photo\/2010\/09\/20100919.jpg\" \/><\/p>\n<\/p><\/div>\n<div id=\"setlist\">\n<p><em>Lonely Kiss<\/em> | <em>The Allison Yip School for Girls<\/em> | <em>Oberkampf<\/em> | <em>Knock Knock<\/em> | <em>The Saddest Music in the World<\/em> | <em>I Know a Lot of Places<\/em> | <em>&#8230; And as the Ship Went Down, You&rsquo;d Never Looked Finer<\/em><\/p>\n<\/div>\n<p>Un rapide set de 40 minutes par le Mark Hamilton en solitaire. Une guitare et de quoi se sampler, rien de plus, configuration minimale n&rsquo;oubliant en rien l&rsquo;essentiel&nbsp;; les m&eacute;lodies de ce gars sont autant de r&eacute;ussites, la douceur ambiante dans laquelle il les plonge est magistrale et puis, de toutes fa&ccedil;ons, quand on conte aussi bien l&rsquo;histoire de la rue Oberkampf, on m&eacute;rite d&rsquo;&ecirc;tre &eacute;cout&eacute; par la terre enti&egrave;re. Point.<\/p>\n<div id=\"bandeson\">\n<p><img decoding=\"async\" src=\"https:\/\/www.wallendorff.com\/belogue\/photo\/pochettes\/w\/woodpigeon-houndstooth.jpg\" align=\"left\" \/>&nbsp;<a href=\"http:\/\/www.woodpigeon-songbook.com\/\">Woodpigeon<\/a> &ndash; <em>Oberkampf<\/em><\/p>\n<\/p><\/div>ngg_shortcode_0_placeholder","protected":false},"excerpt":{"rendered":"<p>Lonely Kiss | The Allison Yip School for Girls | Oberkampf | Knock Knock | The Saddest Music in the World | I Know a Lot of Places | &#8230; And as the Ship Went Down, You&rsquo;d Never Looked Finer Un rapide set de 40 minutes par le Mark Hamilton en solitaire. Une guitare et&hellip;<\/p>\n","protected":false},"author":1,"featured_media":25904,"comment_status":"open","ping_status":"open","sticky":false,"template":"","format":"standard","meta":{"_acf_changed":false,"ngg_post_thumbnail":0,"jetpack_post_was_ever_published":false,"_jetpack_newsletter_access":"","_jetpack_dont_email_post_to_subs":false,"_jetpack_newsletter_tier_id":0,"_jetpack_memberships_contains_paywalled_content":false,"_jetpack_memberships_contains_paid_content":false,"footnotes":"","jetpack_publicize_message":"","jetpack_publicize_feature_enabled":true,"jetpack_social_post_already_shared":false,"jetpack_social_options":{"image_generator_settings":{"template":"highway","default_image_id":0,"font":"","enabled":false},"version":2}},"categories":[7],"tags":[10654,10216,10084,1438,2615,10120,10121,10374,2756,10098,10524],"class_list":["post-9281","post","type-post","status-publish","format-standard","has-post-thumbnail","hentry","category-alive","tag-10654","tag-10216","tag-alive","tag-ef-50-mm-f14-usm","tag-eos-5d-mark-ii","tag-france","tag-ile-de-france","tag-la-fleche-dor","tag-oberkampf","tag-paris","tag-woodpigeon"],"acf":[],"geo":{"latitude":48.8594246,"longitude":2.4029884,"description":"94-104 Rue de Bagnolet, 75020 Paris, France"},"jetpack_publicize_connections":[],"jetpack_featured_media_url":"https:\/\/www.wallendorff.com\/belogue\/wp-content\/uploads\/2015\/04\/201009191.jpg","jetpack_shortlink":"https:\/\/wp.me\/p3b35P-2pH","jetpack_sharing_enabled":true,"jetpack-related-posts":[{"id":4067,"url":"https:\/\/www.wallendorff.com\/belogue\/2009\/03\/26\/lamy-stait-rieuse-si-tes-dehors\/","url_meta":{"origin":9281,"position":0},"title":"L&rsquo;Amy s&rsquo;tait rieuse si t&rsquo;es dehors.","author":"dpc","date":"26 mars 2009","format":false,"excerpt":"Villa des Platanes, Paris, 14 f\u00e9vrier. \u00a0Woodpigeon \u2013 Oberkampf","rel":"","context":"Dans &quot;DPC&quot;","block_context":{"text":"DPC","link":"https:\/\/www.wallendorff.com\/belogue\/category\/dpc\/"},"img":{"alt_text":"","src":"https:\/\/i0.wp.com\/www.wallendorff.com\/belogue\/wp-content\/uploads\/2015\/04\/200903261.jpg?resize=350%2C200&ssl=1","width":350,"height":200},"classes":[]},{"id":19664,"url":"https:\/\/www.wallendorff.com\/belogue\/2012\/11\/29\/jake-bugg-la-fleche-dor-paris\/","url_meta":{"origin":9281,"position":1},"title":"Jake Bugg @ la Fl\u00e8che d&rsquo;Or, Paris.","author":"dpc","date":"29 novembre 2012","format":false,"excerpt":"18 ans, l'air de ne rien en avoir \u00e0 branler et beaucoup de technique. M\u00e9lodiquement \u00e7a p\u00eache un peu, photographiquement il n'y a pas grand chose \u00e0 voir, mais il y a beaucoup \u00e0 entendre. On attend la suite. \u00a0Jake Bugg \u2013 Lightning Bolt \u00a0","rel":"","context":"Dans &quot;Alive&quot;","block_context":{"text":"Alive","link":"https:\/\/www.wallendorff.com\/belogue\/category\/alive\/"},"img":{"alt_text":"","src":"https:\/\/i0.wp.com\/www.wallendorff.com\/belogue\/wp-content\/uploads\/2015\/04\/201211291.jpg?resize=350%2C200&ssl=1","width":350,"height":200,"srcset":"https:\/\/i0.wp.com\/www.wallendorff.com\/belogue\/wp-content\/uploads\/2015\/04\/201211291.jpg?resize=350%2C200&ssl=1 1x, https:\/\/i0.wp.com\/www.wallendorff.com\/belogue\/wp-content\/uploads\/2015\/04\/201211291.jpg?resize=525%2C300&ssl=1 1.5x, https:\/\/i0.wp.com\/www.wallendorff.com\/belogue\/wp-content\/uploads\/2015\/04\/201211291.jpg?resize=700%2C400&ssl=1 2x"},"classes":[]},{"id":7393,"url":"https:\/\/www.wallendorff.com\/belogue\/2010\/04\/16\/blood-red-shoes-le-nouveau-casino-paris\/","url_meta":{"origin":9281,"position":2},"title":"Blood Red Shoes @ le Nouveau Casino, Paris.","author":"dpc","date":"16 avril 2010","format":false,"excerpt":"It's Getting Boring by the Sea | It is Happening Again | I Wish I Was Someone Better | Light It Up | When We Wake | Doesn't Matter Much | Keeping It Close | This Is Not for You | Don't Ask | Say Something, Say Anything | Heartsink\u2026","rel":"","context":"Dans &quot;Alive&quot;","block_context":{"text":"Alive","link":"https:\/\/www.wallendorff.com\/belogue\/category\/alive\/"},"img":{"alt_text":"","src":"https:\/\/i0.wp.com\/www.wallendorff.com\/belogue\/wp-content\/uploads\/2015\/04\/201004161.jpg?resize=350%2C200&ssl=1","width":350,"height":200,"srcset":"https:\/\/i0.wp.com\/www.wallendorff.com\/belogue\/wp-content\/uploads\/2015\/04\/201004161.jpg?resize=350%2C200&ssl=1 1x, https:\/\/i0.wp.com\/www.wallendorff.com\/belogue\/wp-content\/uploads\/2015\/04\/201004161.jpg?resize=525%2C300&ssl=1 1.5x, https:\/\/i0.wp.com\/www.wallendorff.com\/belogue\/wp-content\/uploads\/2015\/04\/201004161.jpg?resize=700%2C400&ssl=1 2x"},"classes":[]},{"id":1097,"url":"https:\/\/www.wallendorff.com\/belogue\/2007\/12\/02\/flexa-lyndo-la-flche-d-or-paris\/","url_meta":{"origin":9281,"position":3},"title":"Flexa Lyndo @ la Fl\u00e8che d&rsquo;Or, Paris.","author":"dpc","date":"2 d\u00e9cembre 2007","format":false,"excerpt":"Passant en dernier apr\u00e8s Amen Birdmen et We Are Terrorists, et malgr\u00e9 un bassiste diminu\u00e9 par une s\u00e9v\u00e8re gastro \u2015\u00a0il jouera assis durant tout le set\u00a0\u2015 Flexa Lyndo est \u00e0 l\u2019aise dans cette Fl\u00e8che d\u2019Or de samedi soir \u00e0 moiti\u00e9 pleine. S\u2019imposant d\u2019entr\u00e9e avec un Europe Stump prenant, les Namurois\u2026","rel":"","context":"Dans &quot;Alive&quot;","block_context":{"text":"Alive","link":"https:\/\/www.wallendorff.com\/belogue\/category\/alive\/"},"img":{"alt_text":"","src":"https:\/\/i0.wp.com\/www.wallendorff.com\/belogue\/wp-content\/uploads\/2015\/04\/200712021.jpg?resize=350%2C200&ssl=1","width":350,"height":200,"srcset":"https:\/\/i0.wp.com\/www.wallendorff.com\/belogue\/wp-content\/uploads\/2015\/04\/200712021.jpg?resize=350%2C200&ssl=1 1x, https:\/\/i0.wp.com\/www.wallendorff.com\/belogue\/wp-content\/uploads\/2015\/04\/200712021.jpg?resize=525%2C300&ssl=1 1.5x, https:\/\/i0.wp.com\/www.wallendorff.com\/belogue\/wp-content\/uploads\/2015\/04\/200712021.jpg?resize=700%2C400&ssl=1 2x"},"classes":[]},{"id":7381,"url":"https:\/\/www.wallendorff.com\/belogue\/2010\/04\/14\/frightened-rabbit-candy-clash-la-fleche-dor-paris\/","url_meta":{"origin":9281,"position":4},"title":"Frightened Rabbit + Candy Clash @ la Fl\u00e8che d&rsquo;Or, Paris.","author":"dpc","date":"14 avril 2010","format":false,"excerpt":"[Va falloir que je pense s\u00e9rieusement \u00e0 arr\u00eater la Fl\u00e8che d'Or et ses lumi\u00e8res moisies.] Candy Clash n'\u00e9volue pas vraiment dans ma ligue, mais plut\u00f4t dans ce genre musical o\u00f9 le chanteur finit invariablement pendu dans sa cuisine avec une corde \u00e0 linge1 la veille de son d\u00e9part en tourn\u00e9e\u2026","rel":"","context":"Dans &quot;Alive&quot;","block_context":{"text":"Alive","link":"https:\/\/www.wallendorff.com\/belogue\/category\/alive\/"},"img":{"alt_text":"","src":"https:\/\/i0.wp.com\/www.wallendorff.com\/belogue\/wp-content\/uploads\/2015\/04\/201004141.jpg?resize=350%2C200&ssl=1","width":350,"height":200,"srcset":"https:\/\/i0.wp.com\/www.wallendorff.com\/belogue\/wp-content\/uploads\/2015\/04\/201004141.jpg?resize=350%2C200&ssl=1 1x, https:\/\/i0.wp.com\/www.wallendorff.com\/belogue\/wp-content\/uploads\/2015\/04\/201004141.jpg?resize=525%2C300&ssl=1 1.5x, https:\/\/i0.wp.com\/www.wallendorff.com\/belogue\/wp-content\/uploads\/2015\/04\/201004141.jpg?resize=700%2C400&ssl=1 2x"},"classes":[]},{"id":783,"url":"https:\/\/www.wallendorff.com\/belogue\/2006\/09\/08\/ben-kweller-la-fleche-d-or-paris\/","url_meta":{"origin":9281,"position":5},"title":"Ben Kweller @ la Fl\u00e8che d&rsquo;Or, Paris.","author":"dpc","date":"8 septembre 2006","format":false,"excerpt":"Ben, c'est un gars sympa et sa coupe de cheveux est coule. Et sa veste en jean, aussi. Quand il d\u00e9barque, Ben, qu'il dit bonjour Paris avec sa voix qu'on dirait un peu celle de Garth et son visage poupin, Ben, on l'aime. Il est tout seul sur sc\u00e8ne, Ben.\u2026","rel":"","context":"Dans &quot;Alive&quot;","block_context":{"text":"Alive","link":"https:\/\/www.wallendorff.com\/belogue\/category\/alive\/"},"img":{"alt_text":"","src":"https:\/\/i0.wp.com\/www.wallendorff.com\/belogue\/wp-content\/uploads\/2015\/04\/200609081.jpg?resize=350%2C200&ssl=1","width":350,"height":200,"srcset":"https:\/\/i0.wp.com\/www.wallendorff.com\/belogue\/wp-content\/uploads\/2015\/04\/200609081.jpg?resize=350%2C200&ssl=1 1x, https:\/\/i0.wp.com\/www.wallendorff.com\/belogue\/wp-content\/uploads\/2015\/04\/200609081.jpg?resize=525%2C300&ssl=1 1.5x, https:\/\/i0.wp.com\/www.wallendorff.com\/belogue\/wp-content\/uploads\/2015\/04\/200609081.jpg?resize=700%2C400&ssl=1 2x"},"classes":[]}],"_links":{"self":[{"href":"https:\/\/www.wallendorff.com\/belogue\/wp-json\/wp\/v2\/posts\/9281","targetHints":{"allow":["GET"]}}],"collection":[{"href":"https:\/\/www.wallendorff.com\/belogue\/wp-json\/wp\/v2\/posts"}],"about":[{"href":"https:\/\/www.wallendorff.com\/belogue\/wp-json\/wp\/v2\/types\/post"}],"author":[{"embeddable":true,"href":"https:\/\/www.wallendorff.com\/belogue\/wp-json\/wp\/v2\/users\/1"}],"replies":[{"embeddable":true,"href":"https:\/\/www.wallendorff.com\/belogue\/wp-json\/wp\/v2\/comments?post=9281"}],"version-history":[{"count":4,"href":"https:\/\/www.wallendorff.com\/belogue\/wp-json\/wp\/v2\/posts\/9281\/revisions"}],"predecessor-version":[{"id":18012,"href":"https:\/\/www.wallendorff.com\/belogue\/wp-json\/wp\/v2\/posts\/9281\/revisions\/18012"}],"wp:featuredmedia":[{"embeddable":true,"href":"https:\/\/www.wallendorff.com\/belogue\/wp-json\/wp\/v2\/media\/25904"}],"wp:attachment":[{"href":"https:\/\/www.wallendorff.com\/belogue\/wp-json\/wp\/v2\/media?parent=9281"}],"wp:term":[{"taxonomy":"category","embeddable":true,"href":"https:\/\/www.wallendorff.com\/belogue\/wp-json\/wp\/v2\/categories?post=9281"},{"taxonomy":"post_tag","embeddable":true,"href":"https:\/\/www.wallendorff.com\/belogue\/wp-json\/wp\/v2\/tags?post=9281"}],"curies":[{"name":"wp","href":"https:\/\/api.w.org\/{rel}","templated":true}]}}