{"id":928,"date":"2007-04-05T09:33:51","date_gmt":"2007-04-05T09:33:51","guid":{"rendered":"http:\/\/www.po-l.com\/wordpress\/?p=928"},"modified":"2011-10-26T13:43:47","modified_gmt":"2011-10-26T11:43:47","slug":"sharko-le-point-ephemere-paris","status":"publish","type":"post","link":"https:\/\/www.wallendorff.com\/belogue\/2007\/04\/05\/sharko-le-point-ephemere-paris\/","title":{"rendered":"Sharko @ le Point \u00c9ph\u00e9m\u00e8re, Paris."},"content":{"rendered":"\n<div id=\"photo\">\n<p><img decoding=\"async\" src=\"https:\/\/www.wallendorff.com\/belogue\/photo\/2007\/04\/20070405.jpg\" \/><\/p>\n<\/p><\/div>\n<p align=\"right\">Ik had een wortel kunnen eveneens fotograferen.<\/p>\n<h1 align=\"center\">AAAAAAAAAAAAAAAAAAAAAAAH<br \/>\n        <a href=\"http:\/\/redcandycane.wordpress.com\/2007\/04\/04\/11-juin-2007-le-zenith\/\" target=\"blank_\">*flaque*<\/a><\/h1>\n","protected":false},"excerpt":{"rendered":"<p>Ik had een wortel kunnen eveneens fotograferen. AAAAAAAAAAAAAAAAAAAAAAAH *flaque*<\/p>\n","protected":false},"author":1,"featured_media":24861,"comment_status":"open","ping_status":"open","sticky":false,"template":"","format":"standard","meta":{"_acf_changed":false,"ngg_post_thumbnail":0,"jetpack_post_was_ever_published":false,"_jetpack_newsletter_access":"","_jetpack_dont_email_post_to_subs":false,"_jetpack_newsletter_tier_id":0,"_jetpack_memberships_contains_paywalled_content":false,"_jetpack_memberships_contains_paid_content":false,"footnotes":"","jetpack_publicize_message":"","jetpack_publicize_feature_enabled":true,"jetpack_social_post_already_shared":false,"jetpack_social_options":{"image_generator_settings":{"template":"highway","default_image_id":0,"font":"","enabled":false},"version":2}},"categories":[7],"tags":[10134,10267,10084,1438,132,10120,10121,10302,10098,152],"class_list":["post-928","post","type-post","status-publish","format-standard","has-post-thumbnail","hentry","category-alive","tag-10134","tag-10267","tag-alive","tag-ef-50-mm-f14-usm","tag-eos-20d","tag-france","tag-ile-de-france","tag-le-point-ephemere","tag-paris","tag-sharko"],"acf":[],"geo":{"latitude":48.8815308,"longitude":2.3685622,"description":"Quai de Valmy, 75010 Paris, France"},"jetpack_publicize_connections":[],"jetpack_featured_media_url":"https:\/\/www.wallendorff.com\/belogue\/wp-content\/uploads\/2015\/04\/200704051.jpg","jetpack_shortlink":"https:\/\/wp.me\/p3b35P-eY","jetpack_sharing_enabled":true,"jetpack-related-posts":[{"id":1057,"url":"https:\/\/www.wallendorff.com\/belogue\/2007\/10\/12\/handsome-furs-sharko-la-flche-d-or-paris\/","url_meta":{"origin":928,"position":0},"title":"Handsome Furs + Sharko @ la Fl\u00e8che D&rsquo;or, Paris.","author":"dpc","date":"12 octobre 2007","format":false,"excerpt":"Tout le monde \u00e9tait venu pour Sharko. C'est pas plus mal. Une fois les Belges partis, la salle \u00e0 moiti\u00e9 vid\u00e9e, on peut prendre ses aises pour mater l'arriv\u00e9e sur sc\u00e8ne d'Handsome Furs, constitu\u00e9 de Dan Boeckner (Wolf Parade) et de sa femme Alexei Perry (\u00ab\u00a0on vient de se marier,\u2026","rel":"","context":"Dans &quot;Alive&quot;","block_context":{"text":"Alive","link":"https:\/\/www.wallendorff.com\/belogue\/category\/alive\/"},"img":{"alt_text":"","src":"https:\/\/i0.wp.com\/www.wallendorff.com\/belogue\/wp-content\/uploads\/2015\/04\/200710121.jpg?resize=350%2C200&ssl=1","width":350,"height":200},"classes":[]},{"id":1092,"url":"https:\/\/www.wallendorff.com\/belogue\/2007\/11\/26\/previously-unreleased-74\/","url_meta":{"origin":928,"position":1},"title":"Previously unreleased #74\u00b9.","author":"dpc","date":"26 novembre 2007","format":false,"excerpt":"Sharko, la Fl\u00e8che d'Or, Paris, 11 octobre. \u00a0The Raveonettes \u2013 Aly, Walk with Me _____ 1 Joyeuse tradition honteusement pomp\u00e9e l\u00e0.","rel":"","context":"Dans &quot;Previously unreleased&quot;","block_context":{"text":"Previously unreleased","link":"https:\/\/www.wallendorff.com\/belogue\/category\/previously-unreleased\/"},"img":{"alt_text":"","src":"https:\/\/i0.wp.com\/www.wallendorff.com\/belogue\/wp-content\/uploads\/2015\/04\/20071126.jpg?resize=350%2C200&ssl=1","width":350,"height":200},"classes":[]},{"id":20635,"url":"https:\/\/www.wallendorff.com\/belogue\/2013\/03\/17\/the-men-le-point-ephemere-paris-14-mars\/","url_meta":{"origin":928,"position":2},"title":"The Men @ le Point \u00c9ph\u00e9m\u00e8re, Paris, 14 mars.","author":"dpc","date":"17 mars 2013","format":false,"excerpt":"ElectricThe Men \u00a0","rel":"","context":"Dans &quot;Alive&quot;","block_context":{"text":"Alive","link":"https:\/\/www.wallendorff.com\/belogue\/category\/alive\/"},"img":{"alt_text":"","src":"https:\/\/i0.wp.com\/www.wallendorff.com\/belogue\/wp-content\/uploads\/2015\/04\/20130317.jpg?resize=350%2C200&ssl=1","width":350,"height":200,"srcset":"https:\/\/i0.wp.com\/www.wallendorff.com\/belogue\/wp-content\/uploads\/2015\/04\/20130317.jpg?resize=350%2C200&ssl=1 1x, https:\/\/i0.wp.com\/www.wallendorff.com\/belogue\/wp-content\/uploads\/2015\/04\/20130317.jpg?resize=525%2C300&ssl=1 1.5x, https:\/\/i0.wp.com\/www.wallendorff.com\/belogue\/wp-content\/uploads\/2015\/04\/20130317.jpg?resize=700%2C400&ssl=1 2x"},"classes":[]},{"id":20405,"url":"https:\/\/www.wallendorff.com\/belogue\/2013\/02\/08\/metz-le-point-ephemere-paris\/","url_meta":{"origin":928,"position":3},"title":"METZ @ le Point \u00c9ph\u00e9m\u00e8re, Paris.","author":"dpc","date":"8 f\u00e9vrier 2013","format":false,"excerpt":"Ces gens sont fous. Headache METZ \u00a0","rel":"","context":"Dans &quot;Alive&quot;","block_context":{"text":"Alive","link":"https:\/\/www.wallendorff.com\/belogue\/category\/alive\/"},"img":{"alt_text":"","src":"https:\/\/i0.wp.com\/www.wallendorff.com\/belogue\/wp-content\/uploads\/2015\/04\/20130208.jpg?resize=350%2C200&ssl=1","width":350,"height":200,"srcset":"https:\/\/i0.wp.com\/www.wallendorff.com\/belogue\/wp-content\/uploads\/2015\/04\/20130208.jpg?resize=350%2C200&ssl=1 1x, https:\/\/i0.wp.com\/www.wallendorff.com\/belogue\/wp-content\/uploads\/2015\/04\/20130208.jpg?resize=525%2C300&ssl=1 1.5x, https:\/\/i0.wp.com\/www.wallendorff.com\/belogue\/wp-content\/uploads\/2015\/04\/20130208.jpg?resize=700%2C400&ssl=1 2x"},"classes":[]},{"id":32365,"url":"https:\/\/www.wallendorff.com\/belogue\/2016\/09\/30\/moi-je-le-point-ephemere-paris\/","url_meta":{"origin":928,"position":4},"title":"Moi Je @ le Point \u00c9ph\u00e9m\u00e8re, Paris.","author":"dpc","date":"30 septembre 2016","format":false,"excerpt":"","rel":"","context":"Dans &quot;Alive&quot;","block_context":{"text":"Alive","link":"https:\/\/www.wallendorff.com\/belogue\/category\/alive\/"},"img":{"alt_text":"","src":"https:\/\/i0.wp.com\/www.wallendorff.com\/belogue\/wp-content\/uploads\/2016\/10\/20160930-05.jpg?resize=350%2C200&ssl=1","width":350,"height":200,"srcset":"https:\/\/i0.wp.com\/www.wallendorff.com\/belogue\/wp-content\/uploads\/2016\/10\/20160930-05.jpg?resize=350%2C200&ssl=1 1x, https:\/\/i0.wp.com\/www.wallendorff.com\/belogue\/wp-content\/uploads\/2016\/10\/20160930-05.jpg?resize=525%2C300&ssl=1 1.5x, https:\/\/i0.wp.com\/www.wallendorff.com\/belogue\/wp-content\/uploads\/2016\/10\/20160930-05.jpg?resize=700%2C400&ssl=1 2x"},"classes":[]},{"id":23580,"url":"https:\/\/www.wallendorff.com\/belogue\/2014\/11\/21\/white-lung-le-point-ephemere-paris\/","url_meta":{"origin":928,"position":5},"title":"White Lung @ le Point \u00c9ph\u00e9m\u00e8re, Paris.","author":"dpc","date":"21 novembre 2014","format":false,"excerpt":"Lucky One White Lung \u00a0","rel":"","context":"Dans &quot;Alive&quot;","block_context":{"text":"Alive","link":"https:\/\/www.wallendorff.com\/belogue\/category\/alive\/"},"img":{"alt_text":"","src":"https:\/\/i0.wp.com\/www.wallendorff.com\/belogue\/wp-content\/uploads\/2015\/04\/201411211.jpg?resize=350%2C200&ssl=1","width":350,"height":200,"srcset":"https:\/\/i0.wp.com\/www.wallendorff.com\/belogue\/wp-content\/uploads\/2015\/04\/201411211.jpg?resize=350%2C200&ssl=1 1x, https:\/\/i0.wp.com\/www.wallendorff.com\/belogue\/wp-content\/uploads\/2015\/04\/201411211.jpg?resize=525%2C300&ssl=1 1.5x, https:\/\/i0.wp.com\/www.wallendorff.com\/belogue\/wp-content\/uploads\/2015\/04\/201411211.jpg?resize=700%2C400&ssl=1 2x"},"classes":[]}],"_links":{"self":[{"href":"https:\/\/www.wallendorff.com\/belogue\/wp-json\/wp\/v2\/posts\/928","targetHints":{"allow":["GET"]}}],"collection":[{"href":"https:\/\/www.wallendorff.com\/belogue\/wp-json\/wp\/v2\/posts"}],"about":[{"href":"https:\/\/www.wallendorff.com\/belogue\/wp-json\/wp\/v2\/types\/post"}],"author":[{"embeddable":true,"href":"https:\/\/www.wallendorff.com\/belogue\/wp-json\/wp\/v2\/users\/1"}],"replies":[{"embeddable":true,"href":"https:\/\/www.wallendorff.com\/belogue\/wp-json\/wp\/v2\/comments?post=928"}],"version-history":[{"count":1,"href":"https:\/\/www.wallendorff.com\/belogue\/wp-json\/wp\/v2\/posts\/928\/revisions"}],"predecessor-version":[{"id":14085,"href":"https:\/\/www.wallendorff.com\/belogue\/wp-json\/wp\/v2\/posts\/928\/revisions\/14085"}],"wp:featuredmedia":[{"embeddable":true,"href":"https:\/\/www.wallendorff.com\/belogue\/wp-json\/wp\/v2\/media\/24861"}],"wp:attachment":[{"href":"https:\/\/www.wallendorff.com\/belogue\/wp-json\/wp\/v2\/media?parent=928"}],"wp:term":[{"taxonomy":"category","embeddable":true,"href":"https:\/\/www.wallendorff.com\/belogue\/wp-json\/wp\/v2\/categories?post=928"},{"taxonomy":"post_tag","embeddable":true,"href":"https:\/\/www.wallendorff.com\/belogue\/wp-json\/wp\/v2\/tags?post=928"}],"curies":[{"name":"wp","href":"https:\/\/api.w.org\/{rel}","templated":true}]}}