{"id":927,"date":"2007-04-04T10:12:22","date_gmt":"2007-04-04T10:12:22","guid":{"rendered":"http:\/\/www.po-l.com\/wordpress\/?p=927"},"modified":"2011-10-26T13:50:38","modified_gmt":"2011-10-26T11:50:38","slug":"malibu-stacy-la-boule-noire-paris","status":"publish","type":"post","link":"https:\/\/www.wallendorff.com\/belogue\/2007\/04\/04\/malibu-stacy-la-boule-noire-paris\/","title":{"rendered":"Malibu Stacy @ la Boule Noire, Paris."},"content":{"rendered":"<div id=\"photo\">\n<p><img decoding=\"async\" src=\"https:\/\/www.wallendorff.com\/belogue\/photo\/2007\/04\/20070404.jpg\" \/>\n<\/p>\n<\/div>\n<p>C&rsquo;est pas une Boule Noire &agrave;  moiti&eacute; vide qui d&eacute;motivera les Belges. Au contraire, David de Froidmont profite  des espaces laiss&eacute;s ici et l&agrave; pour chanter depuis le public d&egrave;s <em>We Are The  Boys<\/em>, qui ouvre le set. Poursuivi par un roadie qui tient son fil de micro,  le chanteur fait des allers-retours sc&egrave;ne-audience en courant pendant toute la  soir&eacute;e. Empaquet&eacute; sur la sc&egrave;ne, marcel et T-shirts blanc en avant, le reste de sa bande prend la  pose rock n&rsquo;roll, saute sur place et se l&acirc;che. La Boule Noire, tout d&rsquo;abord sceptique, finit par craquer et  chauffe l&rsquo;ambiance sur <em>Peniche Praia<\/em>, l&rsquo;&eacute;norme <em>Sex In Malibu<\/em>, <em>Sh Sh<\/em> et le single <em>Los  AnGeles<\/em>. Malibu Stacy livre une version d&rsquo;<em>I-Naked<\/em> conclue en fusion &eacute;lectrique, se casse apr&egrave;s <em>Morning Trouble (In a Coffee Cup)<\/em>, revient pour le rappel (&laquo;&nbsp;bonsoir, on s&rsquo;appelle Malibu Stacy et on vient  jouer des chansons&nbsp;&raquo;) avec un <em>Walking  Like An Egyptian<\/em> (reprise des Bangles) furieux et un <em>VHF-UHF<\/em> d&eacute;lirant termin&eacute; en vaste et jouissif bordel sonore. &Agrave; un accueil  moins bon qu&rsquo;&agrave; Bruxelles, une r&eacute;ponse bien meilleure&nbsp;: dans les deux cas un public  conquis. Malibu Stacy sait d\u00e9cid\u00e9ment se faire aimer.<\/p>\n","protected":false},"excerpt":{"rendered":"<p>C&rsquo;est pas une Boule Noire &agrave; moiti&eacute; vide qui d&eacute;motivera les Belges. Au contraire, David de Froidmont profite des espaces laiss&eacute;s ici et l&agrave; pour chanter depuis le public d&egrave;s We Are The Boys, qui ouvre le set. Poursuivi par un roadie qui tient son fil de micro, le chanteur fait des allers-retours sc&egrave;ne-audience en&hellip;<\/p>\n","protected":false},"author":1,"featured_media":24860,"comment_status":"open","ping_status":"open","sticky":false,"template":"","format":"standard","meta":{"_acf_changed":false,"ngg_post_thumbnail":0,"jetpack_post_was_ever_published":false,"_jetpack_newsletter_access":"","_jetpack_dont_email_post_to_subs":false,"_jetpack_newsletter_tier_id":0,"_jetpack_memberships_contains_paywalled_content":false,"_jetpack_memberships_contains_paid_content":false,"footnotes":"","jetpack_publicize_message":"","jetpack_publicize_feature_enabled":true,"jetpack_social_post_already_shared":false,"jetpack_social_options":{"image_generator_settings":{"template":"highway","default_image_id":0,"font":"","enabled":false},"version":2}},"categories":[7],"tags":[10134,10143,10084,4516,196,132,10120,10121,10273,1951,10098],"class_list":["post-927","post","type-post","status-publish","format-standard","has-post-thumbnail","hentry","category-alive","tag-10134","tag-10143","tag-alive","tag-boulevard-rochechouart","tag-ef-28-70-mm-f28l-usm","tag-eos-20d","tag-france","tag-ile-de-france","tag-la-boule-noire","tag-malibu-stacy","tag-paris"],"acf":[],"geo":{"latitude":48.8823128,"longitude":2.3403132,"description":null},"jetpack_publicize_connections":[],"jetpack_featured_media_url":"https:\/\/www.wallendorff.com\/belogue\/wp-content\/uploads\/2015\/04\/200704041.jpg","jetpack_shortlink":"https:\/\/wp.me\/p3b35P-eX","jetpack_sharing_enabled":true,"jetpack-related-posts":[{"id":9435,"url":"https:\/\/www.wallendorff.com\/belogue\/2010\/09\/22\/sad-day-for-puppets-the-yolks-la-boule-noire-paris\/","url_meta":{"origin":927,"position":0},"title":"Sad Day for Puppets + The Yolks @ la Boule Noire, Paris.","author":"dpc","date":"22 septembre 2010","format":false,"excerpt":"Rarement vu passage \u00e0 l'acte plus d\u00e9cevant. Venu en esp\u00e9rant d\u00e9couvrir Sad Day for Puppets d\u00e9gag\u00e9 des nu\u00e9es d'\u00e9ther qui baignent leurs deux albums (Cf. bande-son), plus brut, plus direct, je suis tomb\u00e9 sur un groupe tout mou, pas aid\u00e9 du tout par un son d\u00e9plorable, tentant de sauver les\u2026","rel":"","context":"Dans &quot;Alive&quot;","block_context":{"text":"Alive","link":"https:\/\/www.wallendorff.com\/belogue\/category\/alive\/"},"img":{"alt_text":"","src":"https:\/\/i0.wp.com\/www.wallendorff.com\/belogue\/wp-content\/uploads\/2015\/04\/201009221.jpg?resize=350%2C200&ssl=1","width":350,"height":200,"srcset":"https:\/\/i0.wp.com\/www.wallendorff.com\/belogue\/wp-content\/uploads\/2015\/04\/201009221.jpg?resize=350%2C200&ssl=1 1x, https:\/\/i0.wp.com\/www.wallendorff.com\/belogue\/wp-content\/uploads\/2015\/04\/201009221.jpg?resize=525%2C300&ssl=1 1.5x, https:\/\/i0.wp.com\/www.wallendorff.com\/belogue\/wp-content\/uploads\/2015\/04\/201009221.jpg?resize=700%2C400&ssl=1 2x"},"classes":[]},{"id":267,"url":"https:\/\/www.wallendorff.com\/belogue\/2005\/11\/18\/sons-and-daughters-la-boule-noire-paris\/","url_meta":{"origin":927,"position":1},"title":"Sons and Daughters @ La Boule Noire, Paris.","author":"dpc","date":"18 novembre 2005","format":false,"excerpt":"Pas le temps de mettre un texte il va \u00eatre minuit argh. \/Edit: \u00c9diter apr\u00e8s minuit, \u00e7a, on peut. Pour dire que c'est un groupe qui p\u00e8te la forme, avec une chanteuse intenable qui s'excite sur des rythmiques saccad\u00e9es irr\u00e9sistibles dans un m\u00e9lange de rock et de folk assez barr\u00e9.\u2026","rel":"","context":"Dans &quot;Alive&quot;","block_context":{"text":"Alive","link":"https:\/\/www.wallendorff.com\/belogue\/category\/alive\/"},"img":{"alt_text":"","src":"https:\/\/i0.wp.com\/www.wallendorff.com\/belogue\/wp-content\/uploads\/2015\/04\/200511181.jpg?resize=350%2C200&ssl=1","width":350,"height":200,"srcset":"https:\/\/i0.wp.com\/www.wallendorff.com\/belogue\/wp-content\/uploads\/2015\/04\/200511181.jpg?resize=350%2C200&ssl=1 1x, https:\/\/i0.wp.com\/www.wallendorff.com\/belogue\/wp-content\/uploads\/2015\/04\/200511181.jpg?resize=525%2C300&ssl=1 1.5x, https:\/\/i0.wp.com\/www.wallendorff.com\/belogue\/wp-content\/uploads\/2015\/04\/200511181.jpg?resize=700%2C400&ssl=1 2x"},"classes":[]},{"id":855,"url":"https:\/\/www.wallendorff.com\/belogue\/2006\/12\/20\/elista-la-boule-noire-paris\/","url_meta":{"origin":927,"position":2},"title":"Elista @ la Boule Noire, Paris.","author":"dpc","date":"20 d\u00e9cembre 2006","format":false,"excerpt":"Finir dans les journaux r\u00e9veill\u00e9, La folie douce tendu, Mon ivresse (\u00c0 l'autoroute A3) survolt\u00e9... Si le c\u00f4t\u00e9 rock aiguis\u00e9 du deuxi\u00e8me album s\u00e9duisait sur disque, il arrache tout en live. Elista s'\u00e9nerve, enrage et \u00e9lectrise m\u00eame ses anciennes compos (La vie \u00e0 deux, D\u00e9\u00e7us du paradis). On passa par\u2026","rel":"","context":"Dans &quot;Alive&quot;","block_context":{"text":"Alive","link":"https:\/\/www.wallendorff.com\/belogue\/category\/alive\/"},"img":{"alt_text":"","src":"https:\/\/i0.wp.com\/www.wallendorff.com\/belogue\/wp-content\/uploads\/2015\/04\/200612201.jpg?resize=350%2C200&ssl=1","width":350,"height":200},"classes":[]},{"id":957,"url":"https:\/\/www.wallendorff.com\/belogue\/2007\/05\/22\/killerpilze-la-boule-noire-paris\/","url_meta":{"origin":927,"position":3},"title":"[197] &#8211; KillerPilze @ la Boule Noire, Paris.","author":"dpc","date":"22 mai 2007","format":false,"excerpt":"La salle est compl\u00e8te et \u00e0 moiti\u00e9 vide, ils se sont tous mass\u00e9s au pied de la sc\u00e8ne, agglom\u00e9r\u00e9 comme du caf\u00e9 sous vide. Certains ont attendus tout l'apr\u00e8s-midi, ce qui n'est rien parce que \u00ab\u00a0pour Tokio Hotel, on avait camp\u00e9 devant le Z\u00e9nith pendant 3 jours\u00a0\u00bb. D\u00e9barque le groupe.\u2026","rel":"","context":"Dans &quot;Alive&quot;","block_context":{"text":"Alive","link":"https:\/\/www.wallendorff.com\/belogue\/category\/alive\/"},"img":{"alt_text":"","src":"https:\/\/i0.wp.com\/www.wallendorff.com\/belogue\/wp-content\/uploads\/2015\/04\/200705221.jpg?resize=350%2C200&ssl=1","width":350,"height":200,"srcset":"https:\/\/i0.wp.com\/www.wallendorff.com\/belogue\/wp-content\/uploads\/2015\/04\/200705221.jpg?resize=350%2C200&ssl=1 1x, https:\/\/i0.wp.com\/www.wallendorff.com\/belogue\/wp-content\/uploads\/2015\/04\/200705221.jpg?resize=525%2C300&ssl=1 1.5x, https:\/\/i0.wp.com\/www.wallendorff.com\/belogue\/wp-content\/uploads\/2015\/04\/200705221.jpg?resize=700%2C400&ssl=1 2x"},"classes":[]},{"id":20292,"url":"https:\/\/www.wallendorff.com\/belogue\/2006\/10\/17\/the-magic-numbers-la-boule-noire-paris\/","url_meta":{"origin":927,"position":4},"title":"The Magic Numbers @ la Boule Noire, Paris.","author":"dpc","date":"17 octobre 2006","format":false,"excerpt":"\u00c0 les voir, on ne croirait pas \u00e7a des Magic Numbers. \u00c0 l'instar de Grandaddy et \u2015\u00a0surtout\u00a0\u2015 de leur leader Jason Lytle, le quartet londonien cache sous des allures pataudes une grande finesse m\u00e9lodique, une sensibilit\u00e9 exprim\u00e9e juste comme il faut et une capacit\u00e9 \u00e9patante \u00e0 trouver les sons justes\u2026","rel":"","context":"Dans &quot;Alive&quot;","block_context":{"text":"Alive","link":"https:\/\/www.wallendorff.com\/belogue\/category\/alive\/"},"img":{"alt_text":"","src":"","width":0,"height":0},"classes":[]},{"id":1214,"url":"https:\/\/www.wallendorff.com\/belogue\/2008\/04\/23\/the-subways-la-boule-noire-paris\/","url_meta":{"origin":927,"position":5},"title":"The Subways @ la Boule Noire, Paris.","author":"dpc","date":"23 avril 2008","format":false,"excerpt":"Ils ne sont pas partis tr\u00e8s longtemps, pourtant. Mais les Anglais pondent tellement de nouveaux groupes \u00e0 la semaine que lorsque l'un d'eux prend une pause \u00e0 peine trop longue, on l'oublie de suite. Quand les Subways montent sur sc\u00e8ne j'ai l'impression de retrouver un vieux groupe disparu, genre reformation\u2026","rel":"","context":"Dans &quot;Alive&quot;","block_context":{"text":"Alive","link":"https:\/\/www.wallendorff.com\/belogue\/category\/alive\/"},"img":{"alt_text":"","src":"https:\/\/i0.wp.com\/www.wallendorff.com\/belogue\/wp-content\/uploads\/2015\/04\/200804231.jpg?resize=350%2C200&ssl=1","width":350,"height":200,"srcset":"https:\/\/i0.wp.com\/www.wallendorff.com\/belogue\/wp-content\/uploads\/2015\/04\/200804231.jpg?resize=350%2C200&ssl=1 1x, https:\/\/i0.wp.com\/www.wallendorff.com\/belogue\/wp-content\/uploads\/2015\/04\/200804231.jpg?resize=525%2C300&ssl=1 1.5x, https:\/\/i0.wp.com\/www.wallendorff.com\/belogue\/wp-content\/uploads\/2015\/04\/200804231.jpg?resize=700%2C400&ssl=1 2x"},"classes":[]}],"_links":{"self":[{"href":"https:\/\/www.wallendorff.com\/belogue\/wp-json\/wp\/v2\/posts\/927","targetHints":{"allow":["GET"]}}],"collection":[{"href":"https:\/\/www.wallendorff.com\/belogue\/wp-json\/wp\/v2\/posts"}],"about":[{"href":"https:\/\/www.wallendorff.com\/belogue\/wp-json\/wp\/v2\/types\/post"}],"author":[{"embeddable":true,"href":"https:\/\/www.wallendorff.com\/belogue\/wp-json\/wp\/v2\/users\/1"}],"replies":[{"embeddable":true,"href":"https:\/\/www.wallendorff.com\/belogue\/wp-json\/wp\/v2\/comments?post=927"}],"version-history":[{"count":1,"href":"https:\/\/www.wallendorff.com\/belogue\/wp-json\/wp\/v2\/posts\/927\/revisions"}],"predecessor-version":[{"id":14086,"href":"https:\/\/www.wallendorff.com\/belogue\/wp-json\/wp\/v2\/posts\/927\/revisions\/14086"}],"wp:featuredmedia":[{"embeddable":true,"href":"https:\/\/www.wallendorff.com\/belogue\/wp-json\/wp\/v2\/media\/24860"}],"wp:attachment":[{"href":"https:\/\/www.wallendorff.com\/belogue\/wp-json\/wp\/v2\/media?parent=927"}],"wp:term":[{"taxonomy":"category","embeddable":true,"href":"https:\/\/www.wallendorff.com\/belogue\/wp-json\/wp\/v2\/categories?post=927"},{"taxonomy":"post_tag","embeddable":true,"href":"https:\/\/www.wallendorff.com\/belogue\/wp-json\/wp\/v2\/tags?post=927"}],"curies":[{"name":"wp","href":"https:\/\/api.w.org\/{rel}","templated":true}]}}