{"id":9265,"date":"2010-09-18T01:49:13","date_gmt":"2010-09-17T23:49:13","guid":{"rendered":"http:\/\/www.po-l.com\/belogue\/?p=9265"},"modified":"2012-04-13T11:35:37","modified_gmt":"2012-04-13T09:35:37","slug":"interpol-le-trabendo-paris","status":"publish","type":"post","link":"https:\/\/www.wallendorff.com\/belogue\/2010\/09\/18\/interpol-le-trabendo-paris\/","title":{"rendered":"Interpol @ le Trabendo, Paris."},"content":{"rendered":"\n<div id=\"photo\">\n<p><img decoding=\"async\" src=\"https:\/\/www.wallendorff.com\/belogue\/photo\/2010\/09\/20100918.jpg\" \/><\/p>\n<\/p><\/div>\n<div id=\"setlist\">\n<p><em>Success<\/em> | <em>Say Hello to the Angels<\/em> | <em>C&rsquo;mere<\/em> | <em>Summer Well<\/em> | <em>Rest My Chemistry<\/em> | <em>Evil<\/em> | <em>Barricade<\/em> | <em>Lights<\/em> | <em>NARC<\/em> | <em>Take You on a Cruise<\/em> | <em>Stella Was a Diver and She Was Always Down<\/em> | <em>Try It on<\/em> | <em>Not Even Jail<\/em> | <em>Obstacle 1<\/em> || <em>NYC<\/em> | <em>Slow Hands<\/em> | <em>PDA<\/em><\/p>\n<\/div>\n<p><a href=\"https:\/\/www.wallendorff.com\/belogue\/2007\/09\/26\/interpol-verizon-wireless-theater-houston\/\">Une derni&egrave;re fois qui commence &agrave; dater<\/a>, les pr\u00e9c\u00e9dentes rang&eacute;es dans une autre vie et ce retour en forme plut&ocirc;t qu&rsquo;en force, cette setlist bien pens&eacute;e, cette salle religieusement &agrave; fond dedans. Interpol a chang&eacute;. D&eacute;j&agrave; parce que les entrechats de Daniel Kessler ne sont plus contrebalanc&eacute;s par les postures entortill&eacute;es de Carlos Dengler, ce qui d&eacute;s&eacute;quilibre un peu l&rsquo;ensemble. Ensuite parce qu&rsquo;Interpol se met subitement &agrave; interagir avec son public. Pas grand-chose, juste deux trois mots en fran&ccedil;ais de la part de Banks, la pr&eacute;sentation des int&eacute;rimaires de tourn&eacute;e &#8213;&nbsp;Dave Pajo &agrave; la basse et Brandon Curtis [ex-Secret Machines] aux claviers\/ch&oelig;urs&nbsp;&#8213; quelques sourires ici et l&agrave;&#8230; mais le progr&egrave;s est fulgurant par rapport au pass&eacute;. Les New Yorkais sont comme neufs, frisent l&rsquo;id&eacute;al, allongent leurs morceaux, jouent avec, les emm&ecirc;lent, tricotant une grande &eacute;charpe sonore dans laquelle il fait bon s&rsquo;enrouler. Salvatrice chaleur l&agrave; o&ugrave; r&eacute;gna le froid. <em>Lights<\/em> passe tr&egrave;s bien, <em>Barricade<\/em> aussi. Quand Interpol l&acirc;che en s&eacute;rie <em>Not Even Jail<\/em> plus rythm&eacute;, <em>Obstacle 1<\/em> perturb&eacute; et un rappel en medley parfait, extatique, on pardonne m&ecirc;me l&rsquo;impression de mollesse laiss&eacute;e par ce nouvel album. On ressort en se promettant de lui donner une nouvelle chance. <a href=\"https:\/\/www.wallendorff.com\/belogue\/2007\/10\/09\/so-ternes\/\">Apprivoiser son pr\u00e9d\u00e9cesseur avait pris du temps<\/a>, apr\u00e8s tout. Ce serait dommage de se quitter sur un malentendu.<\/p>\n<div id=\"bandeson\">\n<p><img decoding=\"async\" src=\"https:\/\/www.wallendorff.com\/belogue\/photo\/pochettes\/i\/interpol-interpol.jpg\" align=\"left\" \/>&nbsp;<a href=\"http:\/\/www.interpolnyc.com\/\">Interpol<\/a> &ndash; <em>Lights<\/em><\/p>\n<\/p><\/div>ngg_shortcode_0_placeholder","protected":false},"excerpt":{"rendered":"<p>Success | Say Hello to the Angels | C&rsquo;mere | Summer Well | Rest My Chemistry | Evil | Barricade | Lights | NARC | Take You on a Cruise | Stella Was a Diver and She Was Always Down | Try It on | Not Even Jail | Obstacle 1 || NYC | Slow&hellip;<\/p>\n","protected":false},"author":1,"featured_media":25903,"comment_status":"open","ping_status":"open","sticky":false,"template":"","format":"standard","meta":{"_acf_changed":false,"ngg_post_thumbnail":0,"jetpack_post_was_ever_published":false,"_jetpack_newsletter_access":"","_jetpack_dont_email_post_to_subs":false,"_jetpack_newsletter_tier_id":0,"_jetpack_memberships_contains_paywalled_content":false,"_jetpack_memberships_contains_paid_content":false,"footnotes":"","jetpack_publicize_message":"","jetpack_publicize_feature_enabled":true,"jetpack_social_post_already_shared":false,"jetpack_social_options":{"image_generator_settings":{"template":"highway","default_image_id":0,"font":"","enabled":false},"version":2}},"categories":[7],"tags":[10654,10268,10084,2571,181,2615,10120,10121,10111,10361,1550,10098],"class_list":["post-9265","post","type-post","status-publish","format-standard","has-post-thumbnail","hentry","category-alive","tag-10654","tag-10268","tag-alive","tag-ef-16-35-mm-f28l-ii-usm","tag-ef-70-200-mm-f28l-usm","tag-eos-5d-mark-ii","tag-france","tag-ile-de-france","tag-interpol","tag-le-trabendo","tag-lights","tag-paris"],"acf":[],"geo":{"latitude":48.8926849,"longitude":2.3939588,"description":"All\u00e9e du Belv\u00e9d\u00e8re, 75019 Paris, France"},"jetpack_publicize_connections":[],"jetpack_featured_media_url":"https:\/\/www.wallendorff.com\/belogue\/wp-content\/uploads\/2015\/04\/201009181.jpg","jetpack_shortlink":"https:\/\/wp.me\/p3b35P-2pr","jetpack_sharing_enabled":true,"jetpack-related-posts":[{"id":125178,"url":"https:\/\/www.wallendorff.com\/belogue\/2023\/07\/08\/interpol-jenny-beth-festival-days-off-philharmonie-de-paris-5-juillet-2023\/","url_meta":{"origin":9265,"position":0},"title":"Interpol + Jehnny Beth @ festival Days Off, Philharmonie de Paris, 5 juillet 2023.","author":"dpc","date":"8 juillet 2023","format":false,"excerpt":"Next Exit | Evil | Narc | Take You on a Cruise | Slow Hands | Not Even Jail | Public Pervert | C'mere | Length of Love | A Time to Be So Small || Lights | Obstacle 1 | My Desire | Toni | Pioneer to the Falls\u2026","rel":"","context":"Dans &quot;Alive&quot;","block_context":{"text":"Alive","link":"https:\/\/www.wallendorff.com\/belogue\/category\/alive\/"},"img":{"alt_text":"","src":"https:\/\/i0.wp.com\/www.wallendorff.com\/belogue\/wp-content\/uploads\/2023\/07\/20230708-10.jpg?resize=350%2C200&ssl=1","width":350,"height":200,"srcset":"https:\/\/i0.wp.com\/www.wallendorff.com\/belogue\/wp-content\/uploads\/2023\/07\/20230708-10.jpg?resize=350%2C200&ssl=1 1x, https:\/\/i0.wp.com\/www.wallendorff.com\/belogue\/wp-content\/uploads\/2023\/07\/20230708-10.jpg?resize=525%2C300&ssl=1 1.5x, https:\/\/i0.wp.com\/www.wallendorff.com\/belogue\/wp-content\/uploads\/2023\/07\/20230708-10.jpg?resize=700%2C400&ssl=1 2x, https:\/\/i0.wp.com\/www.wallendorff.com\/belogue\/wp-content\/uploads\/2023\/07\/20230708-10.jpg?resize=1050%2C600&ssl=1 3x"},"classes":[]},{"id":125345,"url":"https:\/\/www.wallendorff.com\/belogue\/2023\/07\/19\/paleo-festival-2023-nyon-jour-1\/","url_meta":{"origin":9265,"position":1},"title":"Pal\u00e9o Festival 2023, Nyon, jour 1.","author":"dpc","date":"19 juillet 2023","format":false,"excerpt":"Ambiance, Pal\u00e9o Festival Nyon 2023 Ambiance, Pal\u00e9o Festival Nyon 2023 Ambiance, Pal\u00e9o Festival Nyon 2023 Ambiance, Pal\u00e9o Festival Nyon 2023 Ambiance, Pal\u00e9o Festival Nyon 2023 Ambiance, Pal\u00e9o Festival Nyon 2023 Ambiance, Pal\u00e9o Festival Nyon 2023 Ambiance, Pal\u00e9o Festival Nyon 2023 Ambiance, Pal\u00e9o Festival Nyon 2023 Ambiance, Pal\u00e9o Festival Nyon 2023\u2026","rel":"","context":"Dans &quot;Alive&quot;","block_context":{"text":"Alive","link":"https:\/\/www.wallendorff.com\/belogue\/category\/alive\/"},"img":{"alt_text":"","src":"https:\/\/i0.wp.com\/www.wallendorff.com\/belogue\/wp-content\/uploads\/2023\/07\/20230719-02.jpg?resize=350%2C200&ssl=1","width":350,"height":200,"srcset":"https:\/\/i0.wp.com\/www.wallendorff.com\/belogue\/wp-content\/uploads\/2023\/07\/20230719-02.jpg?resize=350%2C200&ssl=1 1x, https:\/\/i0.wp.com\/www.wallendorff.com\/belogue\/wp-content\/uploads\/2023\/07\/20230719-02.jpg?resize=525%2C300&ssl=1 1.5x, https:\/\/i0.wp.com\/www.wallendorff.com\/belogue\/wp-content\/uploads\/2023\/07\/20230719-02.jpg?resize=700%2C400&ssl=1 2x, https:\/\/i0.wp.com\/www.wallendorff.com\/belogue\/wp-content\/uploads\/2023\/07\/20230719-02.jpg?resize=1050%2C600&ssl=1 3x"},"classes":[]},{"id":23063,"url":"https:\/\/www.wallendorff.com\/belogue\/2014\/06\/26\/interpol-theatre-de-lalhambra-paris-24-juin\/","url_meta":{"origin":9265,"position":2},"title":"Interpol @ th\u00e9\u00e2tre de l&rsquo;Alhambra, Paris, 24 juin.","author":"dpc","date":"26 juin 2014","format":false,"excerpt":"Say Hello to the Angels | Evil | C'mere | My Desire | Hands Away | Not Even Jail | NYC | Anywhere | Narc | Leif Erikson | All the Rage Back Home | PDA | Slow Hands || Lights | Stella Was a Diver and She Was Always\u2026","rel":"","context":"Dans &quot;Alive&quot;","block_context":{"text":"Alive","link":"https:\/\/www.wallendorff.com\/belogue\/category\/alive\/"},"img":{"alt_text":"","src":"https:\/\/i0.wp.com\/www.wallendorff.com\/belogue\/wp-content\/uploads\/2015\/04\/201406261.jpg?resize=350%2C200&ssl=1","width":350,"height":200,"srcset":"https:\/\/i0.wp.com\/www.wallendorff.com\/belogue\/wp-content\/uploads\/2015\/04\/201406261.jpg?resize=350%2C200&ssl=1 1x, https:\/\/i0.wp.com\/www.wallendorff.com\/belogue\/wp-content\/uploads\/2015\/04\/201406261.jpg?resize=525%2C300&ssl=1 1.5x, https:\/\/i0.wp.com\/www.wallendorff.com\/belogue\/wp-content\/uploads\/2015\/04\/201406261.jpg?resize=700%2C400&ssl=1 2x"},"classes":[]},{"id":23825,"url":"https:\/\/www.wallendorff.com\/belogue\/2015\/01\/29\/interpol-lolympia-paris-27-janvier\/","url_meta":{"origin":9265,"position":3},"title":"Interpol @ l&rsquo;Olympia, Paris, 27 janvier.","author":"dpc","date":"29 janvier 2015","format":false,"excerpt":"Say Hello to the Angels | Anywhere | My Blue Supreme | Evil | Take You on a Cruise | My Desire | The New | Everything Is Wrong | NYC | Breaker 1 | Rest My Chemistry | Slow Hands | Not Even Jail | PDA || All the\u2026","rel":"","context":"Dans &quot;Alive&quot;","block_context":{"text":"Alive","link":"https:\/\/www.wallendorff.com\/belogue\/category\/alive\/"},"img":{"alt_text":"","src":"https:\/\/i0.wp.com\/www.wallendorff.com\/belogue\/wp-content\/uploads\/2015\/04\/201501291.jpg?resize=350%2C200&ssl=1","width":350,"height":200,"srcset":"https:\/\/i0.wp.com\/www.wallendorff.com\/belogue\/wp-content\/uploads\/2015\/04\/201501291.jpg?resize=350%2C200&ssl=1 1x, https:\/\/i0.wp.com\/www.wallendorff.com\/belogue\/wp-content\/uploads\/2015\/04\/201501291.jpg?resize=525%2C300&ssl=1 1.5x, https:\/\/i0.wp.com\/www.wallendorff.com\/belogue\/wp-content\/uploads\/2015\/04\/201501291.jpg?resize=700%2C400&ssl=1 2x"},"classes":[]},{"id":3560,"url":"https:\/\/www.wallendorff.com\/belogue\/2008\/11\/06\/the-pigeon-detectives-le-trabendo-paris\/","url_meta":{"origin":9265,"position":4},"title":"The Pigeon Detectives @ le Trabendo, Paris.","author":"dpc","date":"6 novembre 2008","format":false,"excerpt":"The White Stripes \u2013 I Can't Wait Cette photo est donc plus ou moins la seule viable de la soir\u00e9e d'hier. Y'a quand m\u00eame des soirs o\u00f9 c'est dur, la vie de photographeur de rock star. [Pour le reste les Pigeons d\u00e9foncent, c'\u00e9tait une d\u00e9couverte sc\u00e9nique pour moi et \u00e7a\u2026","rel":"","context":"Dans &quot;Alive&quot;","block_context":{"text":"Alive","link":"https:\/\/www.wallendorff.com\/belogue\/category\/alive\/"},"img":{"alt_text":"","src":"https:\/\/i0.wp.com\/www.wallendorff.com\/belogue\/wp-content\/uploads\/2015\/04\/200811061.jpg?resize=350%2C200&ssl=1","width":350,"height":200,"srcset":"https:\/\/i0.wp.com\/www.wallendorff.com\/belogue\/wp-content\/uploads\/2015\/04\/200811061.jpg?resize=350%2C200&ssl=1 1x, https:\/\/i0.wp.com\/www.wallendorff.com\/belogue\/wp-content\/uploads\/2015\/04\/200811061.jpg?resize=525%2C300&ssl=1 1.5x, https:\/\/i0.wp.com\/www.wallendorff.com\/belogue\/wp-content\/uploads\/2015\/04\/200811061.jpg?resize=700%2C400&ssl=1 2x"},"classes":[]},{"id":127210,"url":"https:\/\/www.wallendorff.com\/belogue\/2024\/02\/01\/the-luka-state-les-etoiles-paris-31-janvier-2024\/","url_meta":{"origin":9265,"position":5},"title":"The Luka State @ les \u00c9toiles, Paris, 31 janvier 2024.","author":"dpc","date":"1 f\u00e9vrier 2024","format":false,"excerpt":"The Luka State @ les \u00c9toiles, Paris, 31\/01\/2024 The Luka State @ les \u00c9toiles, Paris, 31\/01\/2024 The Luka State @ les \u00c9toiles, Paris, 31\/01\/2024 The Luka State @ les \u00c9toiles, Paris, 31\/01\/2024 The Luka State @ les \u00c9toiles, Paris, 31\/01\/2024 The Luka State @ les \u00c9toiles, Paris, 31\/01\/2024 The Luka\u2026","rel":"","context":"Dans &quot;Alive&quot;","block_context":{"text":"Alive","link":"https:\/\/www.wallendorff.com\/belogue\/category\/alive\/"},"img":{"alt_text":"","src":"https:\/\/i0.wp.com\/www.wallendorff.com\/belogue\/wp-content\/uploads\/2024\/02\/20240201-11.jpg?resize=350%2C200&ssl=1","width":350,"height":200,"srcset":"https:\/\/i0.wp.com\/www.wallendorff.com\/belogue\/wp-content\/uploads\/2024\/02\/20240201-11.jpg?resize=350%2C200&ssl=1 1x, https:\/\/i0.wp.com\/www.wallendorff.com\/belogue\/wp-content\/uploads\/2024\/02\/20240201-11.jpg?resize=525%2C300&ssl=1 1.5x, https:\/\/i0.wp.com\/www.wallendorff.com\/belogue\/wp-content\/uploads\/2024\/02\/20240201-11.jpg?resize=700%2C400&ssl=1 2x, https:\/\/i0.wp.com\/www.wallendorff.com\/belogue\/wp-content\/uploads\/2024\/02\/20240201-11.jpg?resize=1050%2C600&ssl=1 3x"},"classes":[]}],"_links":{"self":[{"href":"https:\/\/www.wallendorff.com\/belogue\/wp-json\/wp\/v2\/posts\/9265","targetHints":{"allow":["GET"]}}],"collection":[{"href":"https:\/\/www.wallendorff.com\/belogue\/wp-json\/wp\/v2\/posts"}],"about":[{"href":"https:\/\/www.wallendorff.com\/belogue\/wp-json\/wp\/v2\/types\/post"}],"author":[{"embeddable":true,"href":"https:\/\/www.wallendorff.com\/belogue\/wp-json\/wp\/v2\/users\/1"}],"replies":[{"embeddable":true,"href":"https:\/\/www.wallendorff.com\/belogue\/wp-json\/wp\/v2\/comments?post=9265"}],"version-history":[{"count":4,"href":"https:\/\/www.wallendorff.com\/belogue\/wp-json\/wp\/v2\/posts\/9265\/revisions"}],"predecessor-version":[{"id":16869,"href":"https:\/\/www.wallendorff.com\/belogue\/wp-json\/wp\/v2\/posts\/9265\/revisions\/16869"}],"wp:featuredmedia":[{"embeddable":true,"href":"https:\/\/www.wallendorff.com\/belogue\/wp-json\/wp\/v2\/media\/25903"}],"wp:attachment":[{"href":"https:\/\/www.wallendorff.com\/belogue\/wp-json\/wp\/v2\/media?parent=9265"}],"wp:term":[{"taxonomy":"category","embeddable":true,"href":"https:\/\/www.wallendorff.com\/belogue\/wp-json\/wp\/v2\/categories?post=9265"},{"taxonomy":"post_tag","embeddable":true,"href":"https:\/\/www.wallendorff.com\/belogue\/wp-json\/wp\/v2\/tags?post=9265"}],"curies":[{"name":"wp","href":"https:\/\/api.w.org\/{rel}","templated":true}]}}